{"id":10457,"date":"2021-08-04T13:11:10","date_gmt":"2021-08-04T13:11:10","guid":{"rendered":"http:\/\/10.50.10.52\/wordpress\/?p=10457"},"modified":"2021-10-18T17:52:37","modified_gmt":"2021-10-18T21:52:37","slug":"presidente-maduro-denuncia-xenofobia-de-gobiernos-derechistas-contra-venezolanos-en-peru-y-colombia","status":"publish","type":"post","link":"https:\/\/www.bolipuertos.gob.ve\/?p=10457","title":{"rendered":"Presidente Maduro denuncia xenofobia de gobiernos derechistas contra venezolanos en Per\u00fa y Colombia"},"content":{"rendered":"\t\t<div data-elementor-type=\"wp-post\" data-elementor-id=\"10457\" class=\"elementor elementor-10457\">\n\t\t\t\t\t\t\t\t\t<section class=\"elementor-section elementor-top-section elementor-element elementor-element-ec040c0 elementor-section-full_width elementor-section-stretched elementor-section-height-default elementor-section-height-default\" data-id=\"ec040c0\" data-element_type=\"section\" data-settings=\"{&quot;stretch_section&quot;:&quot;section-stretched&quot;}\">\n\t\t\t\t\t\t<div class=\"elementor-container elementor-column-gap-default\">\n\t\t\t\t\t<div class=\"elementor-column elementor-col-100 elementor-top-column elementor-element elementor-element-6951847\" data-id=\"6951847\" data-element_type=\"column\">\n\t\t\t<div class=\"elementor-widget-wrap elementor-element-populated\">\n\t\t\t\t\t\t\t\t<div class=\"elementor-element elementor-element-8964410 elementor-widget elementor-widget-text-editor\" data-id=\"8964410\" data-element_type=\"widget\" data-widget_type=\"text-editor.default\">\n\t\t\t\t<div class=\"elementor-widget-container\">\n\t\t\t\t\t\t\t<p>El presidente de la Rep\u00fablica Bolivariana de Venezuela,\u00a0<strong>Nicol\u00e1s Maduro Moros,<\/strong>\u00a0denunci\u00f3 una campa\u00f1a de xenofobia y explotaci\u00f3n econ\u00f3mica contra connacionales que viajaron a pa\u00edses como Per\u00fa y Colombia, por parte de los gobiernos de derecha que primero cooperaron en los ataques medi\u00e1ticos para convencerlos a que emigraran para luego someterlos al desprecio p\u00fablico.<\/p><p>\u201cAqu\u00ed nunca ha habido campa\u00f1as contra los extranjeros. Tenemos 6 millones de colombianos aqu\u00ed. Cuando entregamos viviendas, de 10 beneficiarios hay siempre 2 colombianos. \u00bfC\u00f3mo se llama eso?. Cristianismo. Aqu\u00ed no hay campa\u00f1as p\u00fablicas despreci\u00e1ndolos como hace la oligarqu\u00eda colombiana o lime\u00f1a con los venezolanos\u201d, reclam\u00f3 este martes el Jefe de Estado.<\/p><p>\u201cVenezuela es el pa\u00eds de las oportunidades. Tenemos que aprender a valorar y amar a Venezuela\u201d, exhort\u00f3 desde el Palacio de Miraflores, Caracas, donde encabez\u00f3 la firma de acuerdos con inversionistas extranjeros y nacionales para aumentar la producci\u00f3n petrolera venezolana en el contexto del Programa de Recuperaci\u00f3n Econ\u00f3mica.<\/p><p>En este punto, explic\u00f3 a los representantes extranjeros el caso del grupo de 89 emigrados venezolanos que antes de la reconversi\u00f3n econ\u00f3mica escucharon los \u201ccantos de sirena\u201d de la derecha criolla y vendieron sus propiedades en medio de la guerra econ\u00f3mica para buscar un presunto futuro en Per\u00fa.<\/p><p>Pero luego de haber sufrido en carne propia la explotaci\u00f3n y el maltrato, decidieron pedir ayuda a la embajada de Venezuela y retornaron gracias al plan Vuelta a la Patria, dijo.<\/p><p>Advirti\u00f3 que sus testimonios revelan el racismo, desprecio, persecuci\u00f3n econ\u00f3mica y la esclavitud laboral que los hizo reflexionar sobre lo que hab\u00edan dejado en su pa\u00eds.<\/p><p>El presidente Maduro coment\u00f3 que es ins\u00f3lito que algunos venezolanos hayan aceptado irse como esclavos econ\u00f3micos al exterior porque hicieron caso a los consejos de la oposici\u00f3n que los empujaba a irse de sus hogares.<\/p><p>\u201cVenezuela es un pa\u00eds especial, de calor humano, de solidaridad, sensibilidad. Somos un pa\u00eds de gente especial y debemos aprender a valorar eso\u201d, destac\u00f3.<\/p><p>Reiter\u00f3 que es inaguantable la campa\u00f1a antivenezolana, xenof\u00f3bica, de odio y explotaci\u00f3n econ\u00f3mica por parte de la oligarqu\u00eda colombiana y peruana contra los venezolanos, a quienes inst\u00f3 a no dejarse enga\u00f1ar m\u00e1s.<\/p><p>\u201cLe digo a los venezolanos, que se regresen, v\u00e9nganse a vivir a su Patria, a amar y valorar a Venezuela. V\u00e9nganse para ac\u00e1, y bienvenidos nuevamente, hermanos y hermanas\u201d. \/XN<\/p>\t\t\t\t\t\t<\/div>\n\t\t\t\t<\/div>\n\t\t\t\t\t<\/div>\n\t\t<\/div>\n\t\t\t\t\t\t\t<\/div>\n\t\t<\/section>\n\t\t\t\t\t\t\t<\/div>\n\t\t","protected":false},"excerpt":{"rendered":"<p>El presidente de la Rep\u00fablica Bolivariana de Venezuela,\u00a0Nicol\u00e1s Maduro Moros,\u00a0denunci\u00f3 una campa\u00f1a de xenofobia y explotaci\u00f3n econ\u00f3mica contra connacionales que viajaron a [&hellip;]<\/p>\n","protected":false},"author":2,"featured_media":10461,"comment_status":"closed","ping_status":"closed","sticky":false,"template":"","format":"standard","meta":[],"categories":[4],"tags":[],"yoast_head":"<!-- This site is optimized with the Yoast SEO plugin v17.6 - https:\/\/yoast.com\/wordpress\/plugins\/seo\/ -->\n<title>Presidente Maduro denuncia xenofobia de gobiernos derechistas contra venezolanos en Per\u00fa y Colombia &middot; Bolipuertos S.A.<\/title>\n<meta name=\"description\" content=\"Bolipuertos S.A\" \/>\n<meta name=\"robots\" content=\"index, follow, max-snippet:-1, max-image-preview:large, max-video-preview:-1\" \/>\n<link rel=\"canonical\" href=\"https:\/\/www.bolipuertos.gob.ve\/?p=10457\" \/>\n<meta property=\"og:locale\" content=\"es_ES\" \/>\n<meta property=\"og:type\" content=\"article\" \/>\n<meta property=\"og:title\" content=\"Presidente Maduro denuncia xenofobia de gobiernos derechistas contra venezolanos en Per\u00fa y Colombia &middot; Bolipuertos S.A.\" \/>\n<meta property=\"og:description\" content=\"Bolipuertos S.A\" \/>\n<meta property=\"og:url\" content=\"https:\/\/www.bolipuertos.gob.ve\/?p=10457\" \/>\n<meta property=\"og:site_name\" content=\"Bolipuertos S.A.\" \/>\n<meta property=\"article:publisher\" content=\"https:\/\/www.facebook.com\/bolipuertos.puertos\" \/>\n<meta property=\"article:published_time\" content=\"2021-08-04T13:11:10+00:00\" \/>\n<meta property=\"article:modified_time\" content=\"2021-10-18T21:52:37+00:00\" \/>\n<meta property=\"og:image\" content=\"https:\/\/www.bolipuertos.gob.ve\/wp-content\/uploads\/2021\/08\/42240MADURO-XENOBOFIA-600.jpg\" \/>\n\t<meta property=\"og:image:width\" content=\"600\" \/>\n\t<meta property=\"og:image:height\" content=\"400\" \/>\n<meta name=\"twitter:card\" content=\"summary_large_image\" \/>\n<meta name=\"twitter:label1\" content=\"Escrito por\" \/>\n\t<meta name=\"twitter:data1\" content=\"Rosangela Rondon\" \/>\n\t<meta name=\"twitter:label2\" content=\"Tiempo de lectura\" \/>\n\t<meta name=\"twitter:data2\" content=\"2 minutos\" \/>\n<script type=\"application\/ld+json\" class=\"yoast-schema-graph\">{\"@context\":\"https:\/\/schema.org\",\"@graph\":[{\"@type\":\"Organization\",\"@id\":\"https:\/\/www.bolipuertos.gob.ve\/#organization\",\"name\":\"bolipuertos\",\"url\":\"https:\/\/www.bolipuertos.gob.ve\/\",\"sameAs\":[\"https:\/\/www.facebook.com\/bolipuertos.puertos\",\"https:\/\/www.instagram.com\/bolipuertosgob\/\",\"https:\/\/www.youtube.com\/channel\/UCSev7gH4fp-5HWWOjZANLoQ\"],\"logo\":{\"@type\":\"ImageObject\",\"@id\":\"https:\/\/www.bolipuertos.gob.ve\/#logo\",\"inLanguage\":\"es\",\"url\":\"https:\/\/www.bolipuertos.gob.ve\/wp-content\/uploads\/2021\/10\/logo_bolipuertos.png\",\"contentUrl\":\"https:\/\/www.bolipuertos.gob.ve\/wp-content\/uploads\/2021\/10\/logo_bolipuertos.png\",\"width\":220,\"height\":150,\"caption\":\"bolipuertos\"},\"image\":{\"@id\":\"https:\/\/www.bolipuertos.gob.ve\/#logo\"}},{\"@type\":\"WebSite\",\"@id\":\"https:\/\/www.bolipuertos.gob.ve\/#website\",\"url\":\"https:\/\/www.bolipuertos.gob.ve\/\",\"name\":\"Bolipuertos S.A.\",\"description\":\"Bolipuertos S.A.\",\"publisher\":{\"@id\":\"https:\/\/www.bolipuertos.gob.ve\/#organization\"},\"potentialAction\":[{\"@type\":\"SearchAction\",\"target\":{\"@type\":\"EntryPoint\",\"urlTemplate\":\"https:\/\/www.bolipuertos.gob.ve\/?s={search_term_string}\"},\"query-input\":\"required name=search_term_string\"}],\"inLanguage\":\"es\"},{\"@type\":\"ImageObject\",\"@id\":\"https:\/\/www.bolipuertos.gob.ve\/?p=10457#primaryimage\",\"inLanguage\":\"es\",\"url\":\"https:\/\/www.bolipuertos.gob.ve\/wp-content\/uploads\/2021\/08\/42240MADURO-XENOBOFIA-600.jpg\",\"contentUrl\":\"https:\/\/www.bolipuertos.gob.ve\/wp-content\/uploads\/2021\/08\/42240MADURO-XENOBOFIA-600.jpg\",\"width\":600,\"height\":400},{\"@type\":\"WebPage\",\"@id\":\"https:\/\/www.bolipuertos.gob.ve\/?p=10457#webpage\",\"url\":\"https:\/\/www.bolipuertos.gob.ve\/?p=10457\",\"name\":\"Presidente Maduro denuncia xenofobia de gobiernos derechistas contra venezolanos en Per\\u00fa y Colombia &middot; Bolipuertos S.A.\",\"isPartOf\":{\"@id\":\"https:\/\/www.bolipuertos.gob.ve\/#website\"},\"primaryImageOfPage\":{\"@id\":\"https:\/\/www.bolipuertos.gob.ve\/?p=10457#primaryimage\"},\"datePublished\":\"2021-08-04T13:11:10+00:00\",\"dateModified\":\"2021-10-18T21:52:37+00:00\",\"description\":\"Bolipuertos S.A\",\"breadcrumb\":{\"@id\":\"https:\/\/www.bolipuertos.gob.ve\/?p=10457#breadcrumb\"},\"inLanguage\":\"es\",\"potentialAction\":[{\"@type\":\"ReadAction\",\"target\":[\"https:\/\/www.bolipuertos.gob.ve\/?p=10457\"]}]},{\"@type\":\"BreadcrumbList\",\"@id\":\"https:\/\/www.bolipuertos.gob.ve\/?p=10457#breadcrumb\",\"itemListElement\":[{\"@type\":\"ListItem\",\"position\":1,\"name\":\"Portada\",\"item\":\"https:\/\/www.bolipuertos.gob.ve\/\"},{\"@type\":\"ListItem\",\"position\":2,\"name\":\"Presidente Maduro denuncia xenofobia de gobiernos derechistas contra venezolanos en Per\\u00fa y Colombia\"}]},{\"@type\":\"Article\",\"@id\":\"https:\/\/www.bolipuertos.gob.ve\/?p=10457#article\",\"isPartOf\":{\"@id\":\"https:\/\/www.bolipuertos.gob.ve\/?p=10457#webpage\"},\"author\":{\"@id\":\"https:\/\/www.bolipuertos.gob.ve\/#\/schema\/person\/8796d4479e23f2292068a5fb51ffb52d\"},\"headline\":\"Presidente Maduro denuncia xenofobia de gobiernos derechistas contra venezolanos en Per\\u00fa y Colombia\",\"datePublished\":\"2021-08-04T13:11:10+00:00\",\"dateModified\":\"2021-10-18T21:52:37+00:00\",\"mainEntityOfPage\":{\"@id\":\"https:\/\/www.bolipuertos.gob.ve\/?p=10457#webpage\"},\"wordCount\":430,\"publisher\":{\"@id\":\"https:\/\/www.bolipuertos.gob.ve\/#organization\"},\"image\":{\"@id\":\"https:\/\/www.bolipuertos.gob.ve\/?p=10457#primaryimage\"},\"thumbnailUrl\":\"https:\/\/www.bolipuertos.gob.ve\/wp-content\/uploads\/2021\/08\/42240MADURO-XENOBOFIA-600.jpg\",\"articleSection\":[\"Noticias Gobierno Bolivariano\"],\"inLanguage\":\"es\"},{\"@type\":\"Person\",\"@id\":\"https:\/\/www.bolipuertos.gob.ve\/#\/schema\/person\/8796d4479e23f2292068a5fb51ffb52d\",\"name\":\"Rosangela Rondon\",\"image\":{\"@type\":\"ImageObject\",\"@id\":\"https:\/\/www.bolipuertos.gob.ve\/#personlogo\",\"inLanguage\":\"es\",\"url\":\"https:\/\/secure.gravatar.com\/avatar\/133e5d36071061536993c8ae9500bb46?s=96&d=mm&r=g\",\"contentUrl\":\"https:\/\/secure.gravatar.com\/avatar\/133e5d36071061536993c8ae9500bb46?s=96&d=mm&r=g\",\"caption\":\"Rosangela Rondon\"},\"url\":\"https:\/\/www.bolipuertos.gob.ve\/?author=2\"}]}<\/script>\n<!-- \/ Yoast SEO plugin. -->","yoast_head_json":{"title":"Presidente Maduro denuncia xenofobia de gobiernos derechistas contra venezolanos en Per\u00fa y Colombia &middot; Bolipuertos S.A.","description":"Bolipuertos S.A","robots":{"index":"index","follow":"follow","max-snippet":"max-snippet:-1","max-image-preview":"max-image-preview:large","max-video-preview":"max-video-preview:-1"},"canonical":"https:\/\/www.bolipuertos.gob.ve\/?p=10457","og_locale":"es_ES","og_type":"article","og_title":"Presidente Maduro denuncia xenofobia de gobiernos derechistas contra venezolanos en Per\u00fa y Colombia &middot; Bolipuertos S.A.","og_description":"Bolipuertos S.A","og_url":"https:\/\/www.bolipuertos.gob.ve\/?p=10457","og_site_name":"Bolipuertos S.A.","article_publisher":"https:\/\/www.facebook.com\/bolipuertos.puertos","article_published_time":"2021-08-04T13:11:10+00:00","article_modified_time":"2021-10-18T21:52:37+00:00","og_image":[{"width":600,"height":400,"url":"https:\/\/www.bolipuertos.gob.ve\/wp-content\/uploads\/2021\/08\/42240MADURO-XENOBOFIA-600.jpg","type":"image\/jpeg"}],"twitter_card":"summary_large_image","twitter_misc":{"Escrito por":"Rosangela Rondon","Tiempo de lectura":"2 minutos"},"schema":{"@context":"https:\/\/schema.org","@graph":[{"@type":"Organization","@id":"https:\/\/www.bolipuertos.gob.ve\/#organization","name":"bolipuertos","url":"https:\/\/www.bolipuertos.gob.ve\/","sameAs":["https:\/\/www.facebook.com\/bolipuertos.puertos","https:\/\/www.instagram.com\/bolipuertosgob\/","https:\/\/www.youtube.com\/channel\/UCSev7gH4fp-5HWWOjZANLoQ"],"logo":{"@type":"ImageObject","@id":"https:\/\/www.bolipuertos.gob.ve\/#logo","inLanguage":"es","url":"https:\/\/www.bolipuertos.gob.ve\/wp-content\/uploads\/2021\/10\/logo_bolipuertos.png","contentUrl":"https:\/\/www.bolipuertos.gob.ve\/wp-content\/uploads\/2021\/10\/logo_bolipuertos.png","width":220,"height":150,"caption":"bolipuertos"},"image":{"@id":"https:\/\/www.bolipuertos.gob.ve\/#logo"}},{"@type":"WebSite","@id":"https:\/\/www.bolipuertos.gob.ve\/#website","url":"https:\/\/www.bolipuertos.gob.ve\/","name":"Bolipuertos S.A.","description":"Bolipuertos S.A.","publisher":{"@id":"https:\/\/www.bolipuertos.gob.ve\/#organization"},"potentialAction":[{"@type":"SearchAction","target":{"@type":"EntryPoint","urlTemplate":"https:\/\/www.bolipuertos.gob.ve\/?s={search_term_string}"},"query-input":"required name=search_term_string"}],"inLanguage":"es"},{"@type":"ImageObject","@id":"https:\/\/www.bolipuertos.gob.ve\/?p=10457#primaryimage","inLanguage":"es","url":"https:\/\/www.bolipuertos.gob.ve\/wp-content\/uploads\/2021\/08\/42240MADURO-XENOBOFIA-600.jpg","contentUrl":"https:\/\/www.bolipuertos.gob.ve\/wp-content\/uploads\/2021\/08\/42240MADURO-XENOBOFIA-600.jpg","width":600,"height":400},{"@type":"WebPage","@id":"https:\/\/www.bolipuertos.gob.ve\/?p=10457#webpage","url":"https:\/\/www.bolipuertos.gob.ve\/?p=10457","name":"Presidente Maduro denuncia xenofobia de gobiernos derechistas contra venezolanos en Per\u00fa y Colombia &middot; Bolipuertos S.A.","isPartOf":{"@id":"https:\/\/www.bolipuertos.gob.ve\/#website"},"primaryImageOfPage":{"@id":"https:\/\/www.bolipuertos.gob.ve\/?p=10457#primaryimage"},"datePublished":"2021-08-04T13:11:10+00:00","dateModified":"2021-10-18T21:52:37+00:00","description":"Bolipuertos S.A","breadcrumb":{"@id":"https:\/\/www.bolipuertos.gob.ve\/?p=10457#breadcrumb"},"inLanguage":"es","potentialAction":[{"@type":"ReadAction","target":["https:\/\/www.bolipuertos.gob.ve\/?p=10457"]}]},{"@type":"BreadcrumbList","@id":"https:\/\/www.bolipuertos.gob.ve\/?p=10457#breadcrumb","itemListElement":[{"@type":"ListItem","position":1,"name":"Portada","item":"https:\/\/www.bolipuertos.gob.ve\/"},{"@type":"ListItem","position":2,"name":"Presidente Maduro denuncia xenofobia de gobiernos derechistas contra venezolanos en Per\u00fa y Colombia"}]},{"@type":"Article","@id":"https:\/\/www.bolipuertos.gob.ve\/?p=10457#article","isPartOf":{"@id":"https:\/\/www.bolipuertos.gob.ve\/?p=10457#webpage"},"author":{"@id":"https:\/\/www.bolipuertos.gob.ve\/#\/schema\/person\/8796d4479e23f2292068a5fb51ffb52d"},"headline":"Presidente Maduro denuncia xenofobia de gobiernos derechistas contra venezolanos en Per\u00fa y Colombia","datePublished":"2021-08-04T13:11:10+00:00","dateModified":"2021-10-18T21:52:37+00:00","mainEntityOfPage":{"@id":"https:\/\/www.bolipuertos.gob.ve\/?p=10457#webpage"},"wordCount":430,"publisher":{"@id":"https:\/\/www.bolipuertos.gob.ve\/#organization"},"image":{"@id":"https:\/\/www.bolipuertos.gob.ve\/?p=10457#primaryimage"},"thumbnailUrl":"https:\/\/www.bolipuertos.gob.ve\/wp-content\/uploads\/2021\/08\/42240MADURO-XENOBOFIA-600.jpg","articleSection":["Noticias Gobierno Bolivariano"],"inLanguage":"es"},{"@type":"Person","@id":"https:\/\/www.bolipuertos.gob.ve\/#\/schema\/person\/8796d4479e23f2292068a5fb51ffb52d","name":"Rosangela Rondon","image":{"@type":"ImageObject","@id":"https:\/\/www.bolipuertos.gob.ve\/#personlogo","inLanguage":"es","url":"https:\/\/secure.gravatar.com\/avatar\/133e5d36071061536993c8ae9500bb46?s=96&d=mm&r=g","contentUrl":"https:\/\/secure.gravatar.com\/avatar\/133e5d36071061536993c8ae9500bb46?s=96&d=mm&r=g","caption":"Rosangela Rondon"},"url":"https:\/\/www.bolipuertos.gob.ve\/?author=2"}]}},"_links":{"self":[{"href":"https:\/\/www.bolipuertos.gob.ve\/index.php?rest_route=\/wp\/v2\/posts\/10457"}],"collection":[{"href":"https:\/\/www.bolipuertos.gob.ve\/index.php?rest_route=\/wp\/v2\/posts"}],"about":[{"href":"https:\/\/www.bolipuertos.gob.ve\/index.php?rest_route=\/wp\/v2\/types\/post"}],"author":[{"embeddable":true,"href":"https:\/\/www.bolipuertos.gob.ve\/index.php?rest_route=\/wp\/v2\/users\/2"}],"replies":[{"embeddable":true,"href":"https:\/\/www.bolipuertos.gob.ve\/index.php?rest_route=%2Fwp%2Fv2%2Fcomments&post=10457"}],"version-history":[{"count":13,"href":"https:\/\/www.bolipuertos.gob.ve\/index.php?rest_route=\/wp\/v2\/posts\/10457\/revisions"}],"predecessor-version":[{"id":18407,"href":"https:\/\/www.bolipuertos.gob.ve\/index.php?rest_route=\/wp\/v2\/posts\/10457\/revisions\/18407"}],"wp:featuredmedia":[{"embeddable":true,"href":"https:\/\/www.bolipuertos.gob.ve\/index.php?rest_route=\/wp\/v2\/media\/10461"}],"wp:attachment":[{"href":"https:\/\/www.bolipuertos.gob.ve\/index.php?rest_route=%2Fwp%2Fv2%2Fmedia&parent=10457"}],"wp:term":[{"taxonomy":"category","embeddable":true,"href":"https:\/\/www.bolipuertos.gob.ve\/index.php?rest_route=%2Fwp%2Fv2%2Fcategories&post=10457"},{"taxonomy":"post_tag","embeddable":true,"href":"https:\/\/www.bolipuertos.gob.ve\/index.php?rest_route=%2Fwp%2Fv2%2Ftags&post=10457"}],"curies":[{"name":"wp","href":"https:\/\/api.w.org\/{rel}","templated":true}]}}