{"id":10485,"date":"2021-08-04T13:24:46","date_gmt":"2021-08-04T13:24:46","guid":{"rendered":"http:\/\/10.50.10.52\/wordpress\/?p=10485"},"modified":"2021-10-04T22:23:39","modified_gmt":"2021-10-04T22:23:39","slug":"ejecutivo-coordina-acciones-para-reforzar-abastecimiento-y-seguridad-en-epoca-decembrina","status":"publish","type":"post","link":"https:\/\/www.bolipuertos.gob.ve\/?p=10485","title":{"rendered":"Ejecutivo coordina acciones para reforzar abastecimiento y seguridad en \u00e9poca decembrina"},"content":{"rendered":"\t\t<div data-elementor-type=\"wp-post\" data-elementor-id=\"10485\" class=\"elementor elementor-10485\">\n\t\t\t\t\t\t\t\t\t<section class=\"elementor-section elementor-top-section elementor-element elementor-element-fa0b33c elementor-section-full_width elementor-section-stretched elementor-section-height-default elementor-section-height-default\" data-id=\"fa0b33c\" data-element_type=\"section\" data-settings=\"{&quot;stretch_section&quot;:&quot;section-stretched&quot;}\">\n\t\t\t\t\t\t<div class=\"elementor-container elementor-column-gap-default\">\n\t\t\t\t\t<div class=\"elementor-column elementor-col-100 elementor-top-column elementor-element elementor-element-e6d1464\" data-id=\"e6d1464\" data-element_type=\"column\">\n\t\t\t<div class=\"elementor-widget-wrap elementor-element-populated\">\n\t\t\t\t\t\t\t\t<div class=\"elementor-element elementor-element-d782ec5 elementor-widget elementor-widget-text-editor\" data-id=\"d782ec5\" data-element_type=\"widget\" data-widget_type=\"text-editor.default\">\n\t\t\t\t<div class=\"elementor-widget-container\">\n\t\t\t\t\t\t\t<div class=\"cuerpo\"><div><p>Caracas, AVN.- El vicepresidente de la Rep\u00fablica, Jorge Arreaza, inform\u00f3 este lunes que el Consejo de Vicepresidentes se encuentra reunido con el objetivo de abordar estrategias para el normal abastecimiento de productos t\u00edpicos de la \u00e9poca decembrina, as\u00ed como afinar acciones del Plan Navidades Seguras 2014.<\/p><p>\u00abEstamos en Consejo de Vicepresidentes, coordinando planes y acciones de las 5 revoluciones. Trabajamos por unas navidades felices y seguras\u00bb, escribi\u00f3 en la red social Twitter @jaarreaza.<\/p><p>El Consejo est\u00e1 conformado por representantes de las \u00e1reas Pol\u00edtica, Econ\u00f3mica Productiva, Desarrollo Territorial, Social y Econ\u00f3mico Financiero.<\/p><p>El Presidente Maduro indic\u00f3 el pasado 2 de septiembre que cinco grandes revoluciones afianzar\u00e1n la refundaci\u00f3n y nueva etapa del Gobierno Bolivariano: la primera ser\u00e1 la econ\u00f3mica, para diversificar el aparato productivo; la segunda es la del conocimiento, ciencia, cultura y tecnolog\u00eda; la tercera comprende la profundizaci\u00f3n de las misiones socialistas, la cuarta engloba la revoluci\u00f3n pol\u00edtica del Estado, mientras que la quinta revoluci\u00f3n consiste en la construcci\u00f3n del socialismo en lo territorial, que se expresa en la consolidaci\u00f3n del modelo comunal.<\/p><p>El pasado 1 de noviembre el Gobierno Nacional dio inicio al Plan Navidades Seguras 2014, que se\u00a0fundamenta en 14 ejes estrat\u00e9gicos que comprenden la vigilancia, patrullaje, desarme, control de armas, entre otros, con el prop\u00f3sito de garantizar la paz y tranquilidad de la colectividad en las fiestas navide\u00f1as.<\/p><p>\u00a0<\/p><\/div><\/div><div class=\"detalles\">\u00a0<span class=\"avn\">AVN<\/span>\u00a0<span class=\"fecha\">10\/11\/2014<\/span><\/div>\t\t\t\t\t\t<\/div>\n\t\t\t\t<\/div>\n\t\t\t\t\t<\/div>\n\t\t<\/div>\n\t\t\t\t\t\t\t<\/div>\n\t\t<\/section>\n\t\t\t\t\t\t\t<\/div>\n\t\t","protected":false},"excerpt":{"rendered":"<p>Caracas, AVN.- El vicepresidente de la Rep\u00fablica, Jorge Arreaza, inform\u00f3 este lunes que el Consejo de Vicepresidentes se encuentra reunido con el [&hellip;]<\/p>\n","protected":false},"author":2,"featured_media":10486,"comment_status":"closed","ping_status":"closed","sticky":false,"template":"","format":"standard","meta":[],"categories":[4],"tags":[],"yoast_head":"<!-- This site is optimized with the Yoast SEO plugin v17.6 - https:\/\/yoast.com\/wordpress\/plugins\/seo\/ -->\n<title>Ejecutivo coordina acciones para reforzar abastecimiento y seguridad en \u00e9poca decembrina &middot; Bolipuertos S.A.<\/title>\n<meta name=\"description\" content=\"Bolipuertos S.A\" \/>\n<meta name=\"robots\" content=\"index, follow, max-snippet:-1, max-image-preview:large, max-video-preview:-1\" \/>\n<link rel=\"canonical\" href=\"https:\/\/www.bolipuertos.gob.ve\/?p=10485\" \/>\n<meta property=\"og:locale\" content=\"es_ES\" \/>\n<meta property=\"og:type\" content=\"article\" \/>\n<meta property=\"og:title\" content=\"Ejecutivo coordina acciones para reforzar abastecimiento y seguridad en \u00e9poca decembrina &middot; Bolipuertos S.A.\" \/>\n<meta property=\"og:description\" content=\"Bolipuertos S.A\" \/>\n<meta property=\"og:url\" content=\"https:\/\/www.bolipuertos.gob.ve\/?p=10485\" \/>\n<meta property=\"og:site_name\" content=\"Bolipuertos S.A.\" \/>\n<meta property=\"article:publisher\" content=\"https:\/\/www.facebook.com\/bolipuertos.puertos\" \/>\n<meta property=\"article:published_time\" content=\"2021-08-04T13:24:46+00:00\" \/>\n<meta property=\"article:modified_time\" content=\"2021-10-04T22:23:39+00:00\" \/>\n<meta property=\"og:image\" content=\"https:\/\/www.bolipuertos.gob.ve\/wp-content\/uploads\/2021\/08\/9267_f1q89801415122751.jpg\" \/>\n\t<meta property=\"og:image:width\" content=\"630\" \/>\n\t<meta property=\"og:image:height\" content=\"340\" \/>\n<meta name=\"twitter:card\" content=\"summary_large_image\" \/>\n<meta name=\"twitter:label1\" content=\"Escrito por\" \/>\n\t<meta name=\"twitter:data1\" content=\"Rosangela Rondon\" \/>\n\t<meta name=\"twitter:label2\" content=\"Tiempo de lectura\" \/>\n\t<meta name=\"twitter:data2\" content=\"1 minuto\" \/>\n<script type=\"application\/ld+json\" class=\"yoast-schema-graph\">{\"@context\":\"https:\/\/schema.org\",\"@graph\":[{\"@type\":\"Organization\",\"@id\":\"https:\/\/www.bolipuertos.gob.ve\/#organization\",\"name\":\"bolipuertos\",\"url\":\"https:\/\/www.bolipuertos.gob.ve\/\",\"sameAs\":[\"https:\/\/www.facebook.com\/bolipuertos.puertos\",\"https:\/\/www.instagram.com\/bolipuertosgob\/\",\"https:\/\/www.youtube.com\/channel\/UCSev7gH4fp-5HWWOjZANLoQ\"],\"logo\":{\"@type\":\"ImageObject\",\"@id\":\"https:\/\/www.bolipuertos.gob.ve\/#logo\",\"inLanguage\":\"es\",\"url\":\"https:\/\/www.bolipuertos.gob.ve\/wp-content\/uploads\/2021\/10\/logo_bolipuertos.png\",\"contentUrl\":\"https:\/\/www.bolipuertos.gob.ve\/wp-content\/uploads\/2021\/10\/logo_bolipuertos.png\",\"width\":220,\"height\":150,\"caption\":\"bolipuertos\"},\"image\":{\"@id\":\"https:\/\/www.bolipuertos.gob.ve\/#logo\"}},{\"@type\":\"WebSite\",\"@id\":\"https:\/\/www.bolipuertos.gob.ve\/#website\",\"url\":\"https:\/\/www.bolipuertos.gob.ve\/\",\"name\":\"Bolipuertos S.A.\",\"description\":\"Bolipuertos S.A.\",\"publisher\":{\"@id\":\"https:\/\/www.bolipuertos.gob.ve\/#organization\"},\"potentialAction\":[{\"@type\":\"SearchAction\",\"target\":{\"@type\":\"EntryPoint\",\"urlTemplate\":\"https:\/\/www.bolipuertos.gob.ve\/?s={search_term_string}\"},\"query-input\":\"required name=search_term_string\"}],\"inLanguage\":\"es\"},{\"@type\":\"ImageObject\",\"@id\":\"https:\/\/www.bolipuertos.gob.ve\/?p=10485#primaryimage\",\"inLanguage\":\"es\",\"url\":\"https:\/\/www.bolipuertos.gob.ve\/wp-content\/uploads\/2021\/08\/9267_f1q89801415122751.jpg\",\"contentUrl\":\"https:\/\/www.bolipuertos.gob.ve\/wp-content\/uploads\/2021\/08\/9267_f1q89801415122751.jpg\",\"width\":630,\"height\":340},{\"@type\":\"WebPage\",\"@id\":\"https:\/\/www.bolipuertos.gob.ve\/?p=10485#webpage\",\"url\":\"https:\/\/www.bolipuertos.gob.ve\/?p=10485\",\"name\":\"Ejecutivo coordina acciones para reforzar abastecimiento y seguridad en \\u00e9poca decembrina &middot; Bolipuertos S.A.\",\"isPartOf\":{\"@id\":\"https:\/\/www.bolipuertos.gob.ve\/#website\"},\"primaryImageOfPage\":{\"@id\":\"https:\/\/www.bolipuertos.gob.ve\/?p=10485#primaryimage\"},\"datePublished\":\"2021-08-04T13:24:46+00:00\",\"dateModified\":\"2021-10-04T22:23:39+00:00\",\"description\":\"Bolipuertos S.A\",\"breadcrumb\":{\"@id\":\"https:\/\/www.bolipuertos.gob.ve\/?p=10485#breadcrumb\"},\"inLanguage\":\"es\",\"potentialAction\":[{\"@type\":\"ReadAction\",\"target\":[\"https:\/\/www.bolipuertos.gob.ve\/?p=10485\"]}]},{\"@type\":\"BreadcrumbList\",\"@id\":\"https:\/\/www.bolipuertos.gob.ve\/?p=10485#breadcrumb\",\"itemListElement\":[{\"@type\":\"ListItem\",\"position\":1,\"name\":\"Portada\",\"item\":\"https:\/\/www.bolipuertos.gob.ve\/\"},{\"@type\":\"ListItem\",\"position\":2,\"name\":\"Ejecutivo coordina acciones para reforzar abastecimiento y seguridad en \\u00e9poca decembrina\"}]},{\"@type\":\"Article\",\"@id\":\"https:\/\/www.bolipuertos.gob.ve\/?p=10485#article\",\"isPartOf\":{\"@id\":\"https:\/\/www.bolipuertos.gob.ve\/?p=10485#webpage\"},\"author\":{\"@id\":\"https:\/\/www.bolipuertos.gob.ve\/#\/schema\/person\/8796d4479e23f2292068a5fb51ffb52d\"},\"headline\":\"Ejecutivo coordina acciones para reforzar abastecimiento y seguridad en \\u00e9poca decembrina\",\"datePublished\":\"2021-08-04T13:24:46+00:00\",\"dateModified\":\"2021-10-04T22:23:39+00:00\",\"mainEntityOfPage\":{\"@id\":\"https:\/\/www.bolipuertos.gob.ve\/?p=10485#webpage\"},\"wordCount\":247,\"publisher\":{\"@id\":\"https:\/\/www.bolipuertos.gob.ve\/#organization\"},\"image\":{\"@id\":\"https:\/\/www.bolipuertos.gob.ve\/?p=10485#primaryimage\"},\"thumbnailUrl\":\"https:\/\/www.bolipuertos.gob.ve\/wp-content\/uploads\/2021\/08\/9267_f1q89801415122751.jpg\",\"articleSection\":[\"Noticias Gobierno Bolivariano\"],\"inLanguage\":\"es\"},{\"@type\":\"Person\",\"@id\":\"https:\/\/www.bolipuertos.gob.ve\/#\/schema\/person\/8796d4479e23f2292068a5fb51ffb52d\",\"name\":\"Rosangela Rondon\",\"image\":{\"@type\":\"ImageObject\",\"@id\":\"https:\/\/www.bolipuertos.gob.ve\/#personlogo\",\"inLanguage\":\"es\",\"url\":\"https:\/\/secure.gravatar.com\/avatar\/133e5d36071061536993c8ae9500bb46?s=96&d=mm&r=g\",\"contentUrl\":\"https:\/\/secure.gravatar.com\/avatar\/133e5d36071061536993c8ae9500bb46?s=96&d=mm&r=g\",\"caption\":\"Rosangela Rondon\"},\"url\":\"https:\/\/www.bolipuertos.gob.ve\/?author=2\"}]}<\/script>\n<!-- \/ Yoast SEO plugin. -->","yoast_head_json":{"title":"Ejecutivo coordina acciones para reforzar abastecimiento y seguridad en \u00e9poca decembrina &middot; Bolipuertos S.A.","description":"Bolipuertos S.A","robots":{"index":"index","follow":"follow","max-snippet":"max-snippet:-1","max-image-preview":"max-image-preview:large","max-video-preview":"max-video-preview:-1"},"canonical":"https:\/\/www.bolipuertos.gob.ve\/?p=10485","og_locale":"es_ES","og_type":"article","og_title":"Ejecutivo coordina acciones para reforzar abastecimiento y seguridad en \u00e9poca decembrina &middot; Bolipuertos S.A.","og_description":"Bolipuertos S.A","og_url":"https:\/\/www.bolipuertos.gob.ve\/?p=10485","og_site_name":"Bolipuertos S.A.","article_publisher":"https:\/\/www.facebook.com\/bolipuertos.puertos","article_published_time":"2021-08-04T13:24:46+00:00","article_modified_time":"2021-10-04T22:23:39+00:00","og_image":[{"width":630,"height":340,"url":"https:\/\/www.bolipuertos.gob.ve\/wp-content\/uploads\/2021\/08\/9267_f1q89801415122751.jpg","type":"image\/jpeg"}],"twitter_card":"summary_large_image","twitter_misc":{"Escrito por":"Rosangela Rondon","Tiempo de lectura":"1 minuto"},"schema":{"@context":"https:\/\/schema.org","@graph":[{"@type":"Organization","@id":"https:\/\/www.bolipuertos.gob.ve\/#organization","name":"bolipuertos","url":"https:\/\/www.bolipuertos.gob.ve\/","sameAs":["https:\/\/www.facebook.com\/bolipuertos.puertos","https:\/\/www.instagram.com\/bolipuertosgob\/","https:\/\/www.youtube.com\/channel\/UCSev7gH4fp-5HWWOjZANLoQ"],"logo":{"@type":"ImageObject","@id":"https:\/\/www.bolipuertos.gob.ve\/#logo","inLanguage":"es","url":"https:\/\/www.bolipuertos.gob.ve\/wp-content\/uploads\/2021\/10\/logo_bolipuertos.png","contentUrl":"https:\/\/www.bolipuertos.gob.ve\/wp-content\/uploads\/2021\/10\/logo_bolipuertos.png","width":220,"height":150,"caption":"bolipuertos"},"image":{"@id":"https:\/\/www.bolipuertos.gob.ve\/#logo"}},{"@type":"WebSite","@id":"https:\/\/www.bolipuertos.gob.ve\/#website","url":"https:\/\/www.bolipuertos.gob.ve\/","name":"Bolipuertos S.A.","description":"Bolipuertos S.A.","publisher":{"@id":"https:\/\/www.bolipuertos.gob.ve\/#organization"},"potentialAction":[{"@type":"SearchAction","target":{"@type":"EntryPoint","urlTemplate":"https:\/\/www.bolipuertos.gob.ve\/?s={search_term_string}"},"query-input":"required name=search_term_string"}],"inLanguage":"es"},{"@type":"ImageObject","@id":"https:\/\/www.bolipuertos.gob.ve\/?p=10485#primaryimage","inLanguage":"es","url":"https:\/\/www.bolipuertos.gob.ve\/wp-content\/uploads\/2021\/08\/9267_f1q89801415122751.jpg","contentUrl":"https:\/\/www.bolipuertos.gob.ve\/wp-content\/uploads\/2021\/08\/9267_f1q89801415122751.jpg","width":630,"height":340},{"@type":"WebPage","@id":"https:\/\/www.bolipuertos.gob.ve\/?p=10485#webpage","url":"https:\/\/www.bolipuertos.gob.ve\/?p=10485","name":"Ejecutivo coordina acciones para reforzar abastecimiento y seguridad en \u00e9poca decembrina &middot; Bolipuertos S.A.","isPartOf":{"@id":"https:\/\/www.bolipuertos.gob.ve\/#website"},"primaryImageOfPage":{"@id":"https:\/\/www.bolipuertos.gob.ve\/?p=10485#primaryimage"},"datePublished":"2021-08-04T13:24:46+00:00","dateModified":"2021-10-04T22:23:39+00:00","description":"Bolipuertos S.A","breadcrumb":{"@id":"https:\/\/www.bolipuertos.gob.ve\/?p=10485#breadcrumb"},"inLanguage":"es","potentialAction":[{"@type":"ReadAction","target":["https:\/\/www.bolipuertos.gob.ve\/?p=10485"]}]},{"@type":"BreadcrumbList","@id":"https:\/\/www.bolipuertos.gob.ve\/?p=10485#breadcrumb","itemListElement":[{"@type":"ListItem","position":1,"name":"Portada","item":"https:\/\/www.bolipuertos.gob.ve\/"},{"@type":"ListItem","position":2,"name":"Ejecutivo coordina acciones para reforzar abastecimiento y seguridad en \u00e9poca decembrina"}]},{"@type":"Article","@id":"https:\/\/www.bolipuertos.gob.ve\/?p=10485#article","isPartOf":{"@id":"https:\/\/www.bolipuertos.gob.ve\/?p=10485#webpage"},"author":{"@id":"https:\/\/www.bolipuertos.gob.ve\/#\/schema\/person\/8796d4479e23f2292068a5fb51ffb52d"},"headline":"Ejecutivo coordina acciones para reforzar abastecimiento y seguridad en \u00e9poca decembrina","datePublished":"2021-08-04T13:24:46+00:00","dateModified":"2021-10-04T22:23:39+00:00","mainEntityOfPage":{"@id":"https:\/\/www.bolipuertos.gob.ve\/?p=10485#webpage"},"wordCount":247,"publisher":{"@id":"https:\/\/www.bolipuertos.gob.ve\/#organization"},"image":{"@id":"https:\/\/www.bolipuertos.gob.ve\/?p=10485#primaryimage"},"thumbnailUrl":"https:\/\/www.bolipuertos.gob.ve\/wp-content\/uploads\/2021\/08\/9267_f1q89801415122751.jpg","articleSection":["Noticias Gobierno Bolivariano"],"inLanguage":"es"},{"@type":"Person","@id":"https:\/\/www.bolipuertos.gob.ve\/#\/schema\/person\/8796d4479e23f2292068a5fb51ffb52d","name":"Rosangela Rondon","image":{"@type":"ImageObject","@id":"https:\/\/www.bolipuertos.gob.ve\/#personlogo","inLanguage":"es","url":"https:\/\/secure.gravatar.com\/avatar\/133e5d36071061536993c8ae9500bb46?s=96&d=mm&r=g","contentUrl":"https:\/\/secure.gravatar.com\/avatar\/133e5d36071061536993c8ae9500bb46?s=96&d=mm&r=g","caption":"Rosangela Rondon"},"url":"https:\/\/www.bolipuertos.gob.ve\/?author=2"}]}},"_links":{"self":[{"href":"https:\/\/www.bolipuertos.gob.ve\/index.php?rest_route=\/wp\/v2\/posts\/10485"}],"collection":[{"href":"https:\/\/www.bolipuertos.gob.ve\/index.php?rest_route=\/wp\/v2\/posts"}],"about":[{"href":"https:\/\/www.bolipuertos.gob.ve\/index.php?rest_route=\/wp\/v2\/types\/post"}],"author":[{"embeddable":true,"href":"https:\/\/www.bolipuertos.gob.ve\/index.php?rest_route=\/wp\/v2\/users\/2"}],"replies":[{"embeddable":true,"href":"https:\/\/www.bolipuertos.gob.ve\/index.php?rest_route=%2Fwp%2Fv2%2Fcomments&post=10485"}],"version-history":[{"count":7,"href":"https:\/\/www.bolipuertos.gob.ve\/index.php?rest_route=\/wp\/v2\/posts\/10485\/revisions"}],"predecessor-version":[{"id":16547,"href":"https:\/\/www.bolipuertos.gob.ve\/index.php?rest_route=\/wp\/v2\/posts\/10485\/revisions\/16547"}],"wp:featuredmedia":[{"embeddable":true,"href":"https:\/\/www.bolipuertos.gob.ve\/index.php?rest_route=\/wp\/v2\/media\/10486"}],"wp:attachment":[{"href":"https:\/\/www.bolipuertos.gob.ve\/index.php?rest_route=%2Fwp%2Fv2%2Fmedia&parent=10485"}],"wp:term":[{"taxonomy":"category","embeddable":true,"href":"https:\/\/www.bolipuertos.gob.ve\/index.php?rest_route=%2Fwp%2Fv2%2Fcategories&post=10485"},{"taxonomy":"post_tag","embeddable":true,"href":"https:\/\/www.bolipuertos.gob.ve\/index.php?rest_route=%2Fwp%2Fv2%2Ftags&post=10485"}],"curies":[{"name":"wp","href":"https:\/\/api.w.org\/{rel}","templated":true}]}}