{"id":10839,"date":"2021-08-04T18:46:34","date_gmt":"2021-08-04T18:46:34","guid":{"rendered":"http:\/\/10.50.10.52\/wordpress\/?p=10839"},"modified":"2021-10-18T17:29:55","modified_gmt":"2021-10-18T21:29:55","slug":"fortalecen-despliegue-aereo-y-maritimo-para-busqueda-de-peneros-en-nueva-esparta","status":"publish","type":"post","link":"https:\/\/www.bolipuertos.gob.ve\/?p=10839","title":{"rendered":"Fortalecen despliegue a\u00e9reo y mar\u00edtimo para b\u00fasqueda de pe\u00f1eros en Nueva Esparta"},"content":{"rendered":"\t\t<div data-elementor-type=\"wp-post\" data-elementor-id=\"10839\" class=\"elementor elementor-10839\">\n\t\t\t\t\t\t\t\t\t<section class=\"elementor-section elementor-top-section elementor-element elementor-element-a51d4c0 elementor-section-full_width elementor-section-stretched elementor-section-height-default elementor-section-height-default\" data-id=\"a51d4c0\" data-element_type=\"section\" data-settings=\"{&quot;stretch_section&quot;:&quot;section-stretched&quot;}\">\n\t\t\t\t\t\t<div class=\"elementor-container elementor-column-gap-default\">\n\t\t\t\t\t<div class=\"elementor-column elementor-col-100 elementor-top-column elementor-element elementor-element-21f916a\" data-id=\"21f916a\" data-element_type=\"column\">\n\t\t\t<div class=\"elementor-widget-wrap elementor-element-populated\">\n\t\t\t\t\t\t\t\t<div class=\"elementor-element elementor-element-7c47cd0 elementor-widget elementor-widget-text-editor\" data-id=\"7c47cd0\" data-element_type=\"widget\" data-widget_type=\"text-editor.default\">\n\t\t\t\t<div class=\"elementor-widget-container\">\n\t\t\t\t\t\t\t<p><span id=\"ctl00_SheetContentPlaceHolder_not1_DataList1_ctl00_desarrollo\">Porlamar, 12 de septiembre de 2010 (Prensa MTC).<\/span><\/p><p>Por mar y aire se intensifica la b\u00fasqueda de los tres pe\u00f1eros desaparecidos este s\u00e1bado, cuando regresaban a la Isla de Margarita, estado Nueva Esparta, provenientes del archipi\u00e9lago Los Testigos de una peregrinaci\u00f3n a la Virgen del Valle, con unas 23 a 28 personas a bordo.<\/p><p>El director regional de Protecci\u00f3n Civil, Manuel Rengel, inform\u00f3 que desde el s\u00e1bado en la noche iniciaron las labores de b\u00fasqueda de las embarcaciones y las personas, pero hasta el momento no han dado con ninguna pista.<\/p><p>\u201cEsperamos que hayan cambiado de ruta y est\u00e9n hacia otro lugar. Por el momento no hemos encontrado ni partes de madera, ni bidones de gasolina, ni cuerpos humanos\u201d, destac\u00f3.<\/p><p>Todav\u00eda no se han identificado a las 23 personas que presuntamente ven\u00edan a bordo de los tres pe\u00f1eros, pero hay familiares que ya han dado datos de algunos de ellos.<\/p><p>La cifra var\u00eda hasta 28 desaparecidos, ya que es posible que los pe\u00f1eros hayan recogido a otras personas a su paso por el archipi\u00e9lago.<\/p><p>\u201cEstamos haciendo un recorrido por una zona bien amplia, con colaboraci\u00f3n de la Guardia Costera, la Armada Venezolana, el Comando de Guardacostas y 40 asociaciones de pescadores que han puesto a la disposici\u00f3n sus embarcaciones para la b\u00fasqueda y rescate\u201d, destac\u00f3 Rengel.<\/p><p>Por su parte, el director estadal del Ministerio del Poder Popular para el Transporte y Comunicaciones (MPPTC) en la entidad, Manuel Acevedo, reiter\u00f3 que el dispositivo es integrado con cuatro unidades de la Armada, tres unidades de Guardia Costera y un avi\u00f3n del Servicio A\u00e9reo de Rescate (SAR).<\/p><p>Seg\u00fan Acevedo, todas estas labores se han coordinado con las comunidades pesqueras de La Galera, Los Testigos y La Blanquilla, as\u00ed como la disposici\u00f3n de un cono de b\u00fasqueda bien amplio, que se ha dividido como un abanico en 11 zonas, que est\u00e1n siendo patrulladas constantemente.<\/p><p>El operativo se realiza bajo la supervisi\u00f3n del Instituto Nacional de Espacios Acu\u00e1ticos (Inea), que adem\u00e1s con la polic\u00eda mar\u00edtima, ha dispuesto sus embarcaciones en la Lonja Pesquera de Juangriego, municipio Marcano, zona por donde deb\u00edan llegar los tres pe\u00f1eros desaparecidos.<\/p><p>Acevedo dijo que en el lugar tambi\u00e9n hay ambulancias y personal del Inea, quienes se est\u00e1n encargando de brindarle informaci\u00f3n pertinente a los familiares que se acercan a preguntar sobre el operativo de rescate.<\/p><p>MTC\/RF\/CG\/.<\/p>\t\t\t\t\t\t<\/div>\n\t\t\t\t<\/div>\n\t\t\t\t\t<\/div>\n\t\t<\/div>\n\t\t\t\t\t\t\t<\/div>\n\t\t<\/section>\n\t\t\t\t\t\t\t<\/div>\n\t\t","protected":false},"excerpt":{"rendered":"<p>Porlamar, 12 de septiembre de 2010 (Prensa MTC). Por mar y aire se intensifica la b\u00fasqueda de los tres pe\u00f1eros desaparecidos este [&hellip;]<\/p>\n","protected":false},"author":2,"featured_media":0,"comment_status":"closed","ping_status":"closed","sticky":false,"template":"","format":"standard","meta":[],"categories":[4],"tags":[],"yoast_head":"<!-- This site is optimized with the Yoast SEO plugin v17.6 - https:\/\/yoast.com\/wordpress\/plugins\/seo\/ -->\n<title>Fortalecen despliegue a\u00e9reo y mar\u00edtimo para b\u00fasqueda de pe\u00f1eros en Nueva Esparta &middot; Bolipuertos S.A.<\/title>\n<meta name=\"description\" content=\"Bolipuertos S.A\" \/>\n<meta name=\"robots\" content=\"index, follow, max-snippet:-1, max-image-preview:large, max-video-preview:-1\" \/>\n<link rel=\"canonical\" href=\"https:\/\/www.bolipuertos.gob.ve\/?p=10839\" \/>\n<meta property=\"og:locale\" content=\"es_ES\" \/>\n<meta property=\"og:type\" content=\"article\" \/>\n<meta property=\"og:title\" content=\"Fortalecen despliegue a\u00e9reo y mar\u00edtimo para b\u00fasqueda de pe\u00f1eros en Nueva Esparta &middot; Bolipuertos S.A.\" \/>\n<meta property=\"og:description\" content=\"Bolipuertos S.A\" \/>\n<meta property=\"og:url\" content=\"https:\/\/www.bolipuertos.gob.ve\/?p=10839\" \/>\n<meta property=\"og:site_name\" content=\"Bolipuertos S.A.\" \/>\n<meta property=\"article:publisher\" content=\"https:\/\/www.facebook.com\/bolipuertos.puertos\" \/>\n<meta property=\"article:published_time\" content=\"2021-08-04T18:46:34+00:00\" \/>\n<meta property=\"article:modified_time\" content=\"2021-10-18T21:29:55+00:00\" \/>\n<meta name=\"twitter:card\" content=\"summary_large_image\" \/>\n<meta name=\"twitter:label1\" content=\"Escrito por\" \/>\n\t<meta name=\"twitter:data1\" content=\"Rosangela Rondon\" \/>\n\t<meta name=\"twitter:label2\" content=\"Tiempo de lectura\" \/>\n\t<meta name=\"twitter:data2\" content=\"2 minutos\" \/>\n<script type=\"application\/ld+json\" class=\"yoast-schema-graph\">{\"@context\":\"https:\/\/schema.org\",\"@graph\":[{\"@type\":\"Organization\",\"@id\":\"https:\/\/www.bolipuertos.gob.ve\/#organization\",\"name\":\"bolipuertos\",\"url\":\"https:\/\/www.bolipuertos.gob.ve\/\",\"sameAs\":[\"https:\/\/www.facebook.com\/bolipuertos.puertos\",\"https:\/\/www.instagram.com\/bolipuertosgob\/\",\"https:\/\/www.youtube.com\/channel\/UCSev7gH4fp-5HWWOjZANLoQ\"],\"logo\":{\"@type\":\"ImageObject\",\"@id\":\"https:\/\/www.bolipuertos.gob.ve\/#logo\",\"inLanguage\":\"es\",\"url\":\"https:\/\/www.bolipuertos.gob.ve\/wp-content\/uploads\/2021\/10\/logo_bolipuertos.png\",\"contentUrl\":\"https:\/\/www.bolipuertos.gob.ve\/wp-content\/uploads\/2021\/10\/logo_bolipuertos.png\",\"width\":220,\"height\":150,\"caption\":\"bolipuertos\"},\"image\":{\"@id\":\"https:\/\/www.bolipuertos.gob.ve\/#logo\"}},{\"@type\":\"WebSite\",\"@id\":\"https:\/\/www.bolipuertos.gob.ve\/#website\",\"url\":\"https:\/\/www.bolipuertos.gob.ve\/\",\"name\":\"Bolipuertos S.A.\",\"description\":\"Bolipuertos S.A.\",\"publisher\":{\"@id\":\"https:\/\/www.bolipuertos.gob.ve\/#organization\"},\"potentialAction\":[{\"@type\":\"SearchAction\",\"target\":{\"@type\":\"EntryPoint\",\"urlTemplate\":\"https:\/\/www.bolipuertos.gob.ve\/?s={search_term_string}\"},\"query-input\":\"required name=search_term_string\"}],\"inLanguage\":\"es\"},{\"@type\":\"WebPage\",\"@id\":\"https:\/\/www.bolipuertos.gob.ve\/?p=10839#webpage\",\"url\":\"https:\/\/www.bolipuertos.gob.ve\/?p=10839\",\"name\":\"Fortalecen despliegue a\\u00e9reo y mar\\u00edtimo para b\\u00fasqueda de pe\\u00f1eros en Nueva Esparta &middot; Bolipuertos S.A.\",\"isPartOf\":{\"@id\":\"https:\/\/www.bolipuertos.gob.ve\/#website\"},\"datePublished\":\"2021-08-04T18:46:34+00:00\",\"dateModified\":\"2021-10-18T21:29:55+00:00\",\"description\":\"Bolipuertos S.A\",\"breadcrumb\":{\"@id\":\"https:\/\/www.bolipuertos.gob.ve\/?p=10839#breadcrumb\"},\"inLanguage\":\"es\",\"potentialAction\":[{\"@type\":\"ReadAction\",\"target\":[\"https:\/\/www.bolipuertos.gob.ve\/?p=10839\"]}]},{\"@type\":\"BreadcrumbList\",\"@id\":\"https:\/\/www.bolipuertos.gob.ve\/?p=10839#breadcrumb\",\"itemListElement\":[{\"@type\":\"ListItem\",\"position\":1,\"name\":\"Portada\",\"item\":\"https:\/\/www.bolipuertos.gob.ve\/\"},{\"@type\":\"ListItem\",\"position\":2,\"name\":\"Fortalecen despliegue a\\u00e9reo y mar\\u00edtimo para b\\u00fasqueda de pe\\u00f1eros en Nueva Esparta\"}]},{\"@type\":\"Article\",\"@id\":\"https:\/\/www.bolipuertos.gob.ve\/?p=10839#article\",\"isPartOf\":{\"@id\":\"https:\/\/www.bolipuertos.gob.ve\/?p=10839#webpage\"},\"author\":{\"@id\":\"https:\/\/www.bolipuertos.gob.ve\/#\/schema\/person\/8796d4479e23f2292068a5fb51ffb52d\"},\"headline\":\"Fortalecen despliegue a\\u00e9reo y mar\\u00edtimo para b\\u00fasqueda de pe\\u00f1eros en Nueva Esparta\",\"datePublished\":\"2021-08-04T18:46:34+00:00\",\"dateModified\":\"2021-10-18T21:29:55+00:00\",\"mainEntityOfPage\":{\"@id\":\"https:\/\/www.bolipuertos.gob.ve\/?p=10839#webpage\"},\"wordCount\":430,\"publisher\":{\"@id\":\"https:\/\/www.bolipuertos.gob.ve\/#organization\"},\"articleSection\":[\"Noticias Gobierno Bolivariano\"],\"inLanguage\":\"es\"},{\"@type\":\"Person\",\"@id\":\"https:\/\/www.bolipuertos.gob.ve\/#\/schema\/person\/8796d4479e23f2292068a5fb51ffb52d\",\"name\":\"Rosangela Rondon\",\"image\":{\"@type\":\"ImageObject\",\"@id\":\"https:\/\/www.bolipuertos.gob.ve\/#personlogo\",\"inLanguage\":\"es\",\"url\":\"https:\/\/secure.gravatar.com\/avatar\/133e5d36071061536993c8ae9500bb46?s=96&d=mm&r=g\",\"contentUrl\":\"https:\/\/secure.gravatar.com\/avatar\/133e5d36071061536993c8ae9500bb46?s=96&d=mm&r=g\",\"caption\":\"Rosangela Rondon\"},\"url\":\"https:\/\/www.bolipuertos.gob.ve\/?author=2\"}]}<\/script>\n<!-- \/ Yoast SEO plugin. -->","yoast_head_json":{"title":"Fortalecen despliegue a\u00e9reo y mar\u00edtimo para b\u00fasqueda de pe\u00f1eros en Nueva Esparta &middot; Bolipuertos S.A.","description":"Bolipuertos S.A","robots":{"index":"index","follow":"follow","max-snippet":"max-snippet:-1","max-image-preview":"max-image-preview:large","max-video-preview":"max-video-preview:-1"},"canonical":"https:\/\/www.bolipuertos.gob.ve\/?p=10839","og_locale":"es_ES","og_type":"article","og_title":"Fortalecen despliegue a\u00e9reo y mar\u00edtimo para b\u00fasqueda de pe\u00f1eros en Nueva Esparta &middot; Bolipuertos S.A.","og_description":"Bolipuertos S.A","og_url":"https:\/\/www.bolipuertos.gob.ve\/?p=10839","og_site_name":"Bolipuertos S.A.","article_publisher":"https:\/\/www.facebook.com\/bolipuertos.puertos","article_published_time":"2021-08-04T18:46:34+00:00","article_modified_time":"2021-10-18T21:29:55+00:00","twitter_card":"summary_large_image","twitter_misc":{"Escrito por":"Rosangela Rondon","Tiempo de lectura":"2 minutos"},"schema":{"@context":"https:\/\/schema.org","@graph":[{"@type":"Organization","@id":"https:\/\/www.bolipuertos.gob.ve\/#organization","name":"bolipuertos","url":"https:\/\/www.bolipuertos.gob.ve\/","sameAs":["https:\/\/www.facebook.com\/bolipuertos.puertos","https:\/\/www.instagram.com\/bolipuertosgob\/","https:\/\/www.youtube.com\/channel\/UCSev7gH4fp-5HWWOjZANLoQ"],"logo":{"@type":"ImageObject","@id":"https:\/\/www.bolipuertos.gob.ve\/#logo","inLanguage":"es","url":"https:\/\/www.bolipuertos.gob.ve\/wp-content\/uploads\/2021\/10\/logo_bolipuertos.png","contentUrl":"https:\/\/www.bolipuertos.gob.ve\/wp-content\/uploads\/2021\/10\/logo_bolipuertos.png","width":220,"height":150,"caption":"bolipuertos"},"image":{"@id":"https:\/\/www.bolipuertos.gob.ve\/#logo"}},{"@type":"WebSite","@id":"https:\/\/www.bolipuertos.gob.ve\/#website","url":"https:\/\/www.bolipuertos.gob.ve\/","name":"Bolipuertos S.A.","description":"Bolipuertos S.A.","publisher":{"@id":"https:\/\/www.bolipuertos.gob.ve\/#organization"},"potentialAction":[{"@type":"SearchAction","target":{"@type":"EntryPoint","urlTemplate":"https:\/\/www.bolipuertos.gob.ve\/?s={search_term_string}"},"query-input":"required name=search_term_string"}],"inLanguage":"es"},{"@type":"WebPage","@id":"https:\/\/www.bolipuertos.gob.ve\/?p=10839#webpage","url":"https:\/\/www.bolipuertos.gob.ve\/?p=10839","name":"Fortalecen despliegue a\u00e9reo y mar\u00edtimo para b\u00fasqueda de pe\u00f1eros en Nueva Esparta &middot; Bolipuertos S.A.","isPartOf":{"@id":"https:\/\/www.bolipuertos.gob.ve\/#website"},"datePublished":"2021-08-04T18:46:34+00:00","dateModified":"2021-10-18T21:29:55+00:00","description":"Bolipuertos S.A","breadcrumb":{"@id":"https:\/\/www.bolipuertos.gob.ve\/?p=10839#breadcrumb"},"inLanguage":"es","potentialAction":[{"@type":"ReadAction","target":["https:\/\/www.bolipuertos.gob.ve\/?p=10839"]}]},{"@type":"BreadcrumbList","@id":"https:\/\/www.bolipuertos.gob.ve\/?p=10839#breadcrumb","itemListElement":[{"@type":"ListItem","position":1,"name":"Portada","item":"https:\/\/www.bolipuertos.gob.ve\/"},{"@type":"ListItem","position":2,"name":"Fortalecen despliegue a\u00e9reo y mar\u00edtimo para b\u00fasqueda de pe\u00f1eros en Nueva Esparta"}]},{"@type":"Article","@id":"https:\/\/www.bolipuertos.gob.ve\/?p=10839#article","isPartOf":{"@id":"https:\/\/www.bolipuertos.gob.ve\/?p=10839#webpage"},"author":{"@id":"https:\/\/www.bolipuertos.gob.ve\/#\/schema\/person\/8796d4479e23f2292068a5fb51ffb52d"},"headline":"Fortalecen despliegue a\u00e9reo y mar\u00edtimo para b\u00fasqueda de pe\u00f1eros en Nueva Esparta","datePublished":"2021-08-04T18:46:34+00:00","dateModified":"2021-10-18T21:29:55+00:00","mainEntityOfPage":{"@id":"https:\/\/www.bolipuertos.gob.ve\/?p=10839#webpage"},"wordCount":430,"publisher":{"@id":"https:\/\/www.bolipuertos.gob.ve\/#organization"},"articleSection":["Noticias Gobierno Bolivariano"],"inLanguage":"es"},{"@type":"Person","@id":"https:\/\/www.bolipuertos.gob.ve\/#\/schema\/person\/8796d4479e23f2292068a5fb51ffb52d","name":"Rosangela Rondon","image":{"@type":"ImageObject","@id":"https:\/\/www.bolipuertos.gob.ve\/#personlogo","inLanguage":"es","url":"https:\/\/secure.gravatar.com\/avatar\/133e5d36071061536993c8ae9500bb46?s=96&d=mm&r=g","contentUrl":"https:\/\/secure.gravatar.com\/avatar\/133e5d36071061536993c8ae9500bb46?s=96&d=mm&r=g","caption":"Rosangela Rondon"},"url":"https:\/\/www.bolipuertos.gob.ve\/?author=2"}]}},"_links":{"self":[{"href":"https:\/\/www.bolipuertos.gob.ve\/index.php?rest_route=\/wp\/v2\/posts\/10839"}],"collection":[{"href":"https:\/\/www.bolipuertos.gob.ve\/index.php?rest_route=\/wp\/v2\/posts"}],"about":[{"href":"https:\/\/www.bolipuertos.gob.ve\/index.php?rest_route=\/wp\/v2\/types\/post"}],"author":[{"embeddable":true,"href":"https:\/\/www.bolipuertos.gob.ve\/index.php?rest_route=\/wp\/v2\/users\/2"}],"replies":[{"embeddable":true,"href":"https:\/\/www.bolipuertos.gob.ve\/index.php?rest_route=%2Fwp%2Fv2%2Fcomments&post=10839"}],"version-history":[{"count":11,"href":"https:\/\/www.bolipuertos.gob.ve\/index.php?rest_route=\/wp\/v2\/posts\/10839\/revisions"}],"predecessor-version":[{"id":18299,"href":"https:\/\/www.bolipuertos.gob.ve\/index.php?rest_route=\/wp\/v2\/posts\/10839\/revisions\/18299"}],"wp:attachment":[{"href":"https:\/\/www.bolipuertos.gob.ve\/index.php?rest_route=%2Fwp%2Fv2%2Fmedia&parent=10839"}],"wp:term":[{"taxonomy":"category","embeddable":true,"href":"https:\/\/www.bolipuertos.gob.ve\/index.php?rest_route=%2Fwp%2Fv2%2Fcategories&post=10839"},{"taxonomy":"post_tag","embeddable":true,"href":"https:\/\/www.bolipuertos.gob.ve\/index.php?rest_route=%2Fwp%2Fv2%2Ftags&post=10839"}],"curies":[{"name":"wp","href":"https:\/\/api.w.org\/{rel}","templated":true}]}}