{"id":10854,"date":"2021-08-04T18:51:38","date_gmt":"2021-08-04T18:51:38","guid":{"rendered":"http:\/\/10.50.10.52\/wordpress\/?p=10854"},"modified":"2021-10-18T17:28:21","modified_gmt":"2021-10-18T21:28:21","slug":"controlada-la-situacion-en-zona-del-siniestro-aereo-en-bolivar","status":"publish","type":"post","link":"https:\/\/www.bolipuertos.gob.ve\/?p=10854","title":{"rendered":"Controlada la situaci\u00f3n en zona del siniestro a\u00e9reo en Bol\u00edvar"},"content":{"rendered":"\t\t<div data-elementor-type=\"wp-post\" data-elementor-id=\"10854\" class=\"elementor elementor-10854\">\n\t\t\t\t\t\t\t\t\t<section class=\"elementor-section elementor-top-section elementor-element elementor-element-919d9fe elementor-section-full_width elementor-section-stretched elementor-section-height-default elementor-section-height-default\" data-id=\"919d9fe\" data-element_type=\"section\" data-settings=\"{&quot;stretch_section&quot;:&quot;section-stretched&quot;}\">\n\t\t\t\t\t\t<div class=\"elementor-container elementor-column-gap-default\">\n\t\t\t\t\t<div class=\"elementor-column elementor-col-100 elementor-top-column elementor-element elementor-element-3776f02\" data-id=\"3776f02\" data-element_type=\"column\">\n\t\t\t<div class=\"elementor-widget-wrap elementor-element-populated\">\n\t\t\t\t\t\t\t\t<div class=\"elementor-element elementor-element-94e495e elementor-widget elementor-widget-text-editor\" data-id=\"94e495e\" data-element_type=\"widget\" data-widget_type=\"text-editor.default\">\n\t\t\t\t<div class=\"elementor-widget-container\">\n\t\t\t\t\t\t\t<p><span id=\"ctl00_SheetContentPlaceHolder_not1_DataList1_ctl00_desarrollo\">Ciudad Bol\u00edvar, 13 de septiembre de 2010 (Prensa MTC). <br \/>El ministro del Poder Popular para Transporte y Comunicaciones, Francisco Garc\u00e9s, inform\u00f3 que la situaci\u00f3n del siniestro a\u00e9reo del avi\u00f3n de Conviasa que se precipit\u00f3 a tierra cerca de Ciudad Bol\u00edvar, est\u00e1 completamente controlada. <br \/>As\u00ed lo declar\u00f3 desde el lugar del siniestro junto al gobernador del estado Bol\u00edvar, Francisco Rangel G\u00f3mez. Indic\u00f3 que las 33 personas con vida est\u00e1n siendo atendidas en varios centros asistenciales: Cl\u00ednica Chilemex, Cl\u00ednica Vital Salud, Cesiam, hospitales de Uyapar y Guaipara, y se est\u00e1 haciendo todo lo posible por resguardar su salud. <br \/>\u201cHemos sido afortunados puesto que 33 personas han salido con vida de este siniestro, en una aeronave que transportaba a 47 pasajeros y cuatro tripulantes, 51 personas en total\u201d, dijo. <br \/>Por su parte, el gobernador Rangel G\u00f3mez confirm\u00f3 la muerte de 14 personas, cuyos cad\u00e1veres han sido recuperados por los cuerpos de asistencia. <br \/>Seg\u00fan plante\u00f3, a\u00fan hay cuatro personas desaparecidas, debido a que no se han podido remover todos los escombros de la aeronave. <br \/>Exalt\u00f3 que la atenci\u00f3n fue muy r\u00e1pida debido a que el avi\u00f3n cay\u00f3 en una zona de almacenaje de desechos de Sidor, cercana al aeropuerto, con lo que el personal obrero actu\u00f3 heroicamente y atendi\u00f3 la situaci\u00f3n en los primeros minutos. <br \/>Igualmente funcion\u00f3 con gran rapidez el dispositivo de seguridad correspondiente y una columna de ambulancias atendi\u00f3 la situaci\u00f3n. <br \/>Rangel G\u00f3mez tambi\u00e9n reconoci\u00f3 la labor de los cuerpos de seguridad del Estado, que se trasladaron inmediatamente a atender el siniestro, con lo cual se contribuy\u00f3 a que el n\u00famero de personas con vida sea tan alto, a pesar del accidente. <br \/>Reiter\u00f3 que se est\u00e1n trasladando equipos t\u00e9cnicos que se encargar\u00e1n del levantamiento de los restos del avi\u00f3n y determinar\u00e1n las causas que llevaron a su ca\u00edda. <br \/>Tanto el ministro Francisco Garc\u00e9s, como el gobernador de Bol\u00edvar, agradecieron el apoyo del presidente de la Rep\u00fablica, Hugo Ch\u00e1vez, quien instruy\u00f3 el env\u00edo de ayuda; as\u00ed como a las autoridades de estados vecinos y muy especialmente el env\u00edo de pat\u00f3logos por parte de las gobernaciones de Anzo\u00e1tegui, Delta Amacuro y Monagas. <br \/>Adem\u00e1s, un H\u00e9rcules C-130 de la Fuerza A\u00e9rea se traslada hacia la entidad bolivarense con insumos m\u00e9dicos, y est\u00e1n disponibles aeroambulancias, por si se presenta la necesidad de realizar traslados de emergencia. <\/span><\/p>\t\t\t\t\t\t<\/div>\n\t\t\t\t<\/div>\n\t\t\t\t\t<\/div>\n\t\t<\/div>\n\t\t\t\t\t\t\t<\/div>\n\t\t<\/section>\n\t\t\t\t\t\t\t<\/div>\n\t\t","protected":false},"excerpt":{"rendered":"<p>Ciudad Bol\u00edvar, 13 de septiembre de 2010 (Prensa MTC). El ministro del Poder Popular para Transporte y Comunicaciones, Francisco Garc\u00e9s, inform\u00f3 que [&hellip;]<\/p>\n","protected":false},"author":2,"featured_media":0,"comment_status":"closed","ping_status":"closed","sticky":false,"template":"","format":"standard","meta":[],"categories":[4],"tags":[],"yoast_head":"<!-- This site is optimized with the Yoast SEO plugin v17.6 - https:\/\/yoast.com\/wordpress\/plugins\/seo\/ -->\n<title>Controlada la situaci\u00f3n en zona del siniestro a\u00e9reo en Bol\u00edvar &middot; Bolipuertos S.A.<\/title>\n<meta name=\"description\" content=\"Bolipuertos S.A\" \/>\n<meta name=\"robots\" content=\"index, follow, max-snippet:-1, max-image-preview:large, max-video-preview:-1\" \/>\n<link rel=\"canonical\" href=\"https:\/\/www.bolipuertos.gob.ve\/?p=10854\" \/>\n<meta property=\"og:locale\" content=\"es_ES\" \/>\n<meta property=\"og:type\" content=\"article\" \/>\n<meta property=\"og:title\" content=\"Controlada la situaci\u00f3n en zona del siniestro a\u00e9reo en Bol\u00edvar &middot; Bolipuertos S.A.\" \/>\n<meta property=\"og:description\" content=\"Bolipuertos S.A\" \/>\n<meta property=\"og:url\" content=\"https:\/\/www.bolipuertos.gob.ve\/?p=10854\" \/>\n<meta property=\"og:site_name\" content=\"Bolipuertos S.A.\" \/>\n<meta property=\"article:publisher\" content=\"https:\/\/www.facebook.com\/bolipuertos.puertos\" \/>\n<meta property=\"article:published_time\" content=\"2021-08-04T18:51:38+00:00\" \/>\n<meta property=\"article:modified_time\" content=\"2021-10-18T21:28:21+00:00\" \/>\n<meta name=\"twitter:card\" content=\"summary_large_image\" \/>\n<meta name=\"twitter:label1\" content=\"Escrito por\" \/>\n\t<meta name=\"twitter:data1\" content=\"Rosangela Rondon\" \/>\n\t<meta name=\"twitter:label2\" content=\"Tiempo de lectura\" \/>\n\t<meta name=\"twitter:data2\" content=\"2 minutos\" \/>\n<script type=\"application\/ld+json\" class=\"yoast-schema-graph\">{\"@context\":\"https:\/\/schema.org\",\"@graph\":[{\"@type\":\"Organization\",\"@id\":\"https:\/\/www.bolipuertos.gob.ve\/#organization\",\"name\":\"bolipuertos\",\"url\":\"https:\/\/www.bolipuertos.gob.ve\/\",\"sameAs\":[\"https:\/\/www.facebook.com\/bolipuertos.puertos\",\"https:\/\/www.instagram.com\/bolipuertosgob\/\",\"https:\/\/www.youtube.com\/channel\/UCSev7gH4fp-5HWWOjZANLoQ\"],\"logo\":{\"@type\":\"ImageObject\",\"@id\":\"https:\/\/www.bolipuertos.gob.ve\/#logo\",\"inLanguage\":\"es\",\"url\":\"https:\/\/www.bolipuertos.gob.ve\/wp-content\/uploads\/2021\/10\/logo_bolipuertos.png\",\"contentUrl\":\"https:\/\/www.bolipuertos.gob.ve\/wp-content\/uploads\/2021\/10\/logo_bolipuertos.png\",\"width\":220,\"height\":150,\"caption\":\"bolipuertos\"},\"image\":{\"@id\":\"https:\/\/www.bolipuertos.gob.ve\/#logo\"}},{\"@type\":\"WebSite\",\"@id\":\"https:\/\/www.bolipuertos.gob.ve\/#website\",\"url\":\"https:\/\/www.bolipuertos.gob.ve\/\",\"name\":\"Bolipuertos S.A.\",\"description\":\"Bolipuertos S.A.\",\"publisher\":{\"@id\":\"https:\/\/www.bolipuertos.gob.ve\/#organization\"},\"potentialAction\":[{\"@type\":\"SearchAction\",\"target\":{\"@type\":\"EntryPoint\",\"urlTemplate\":\"https:\/\/www.bolipuertos.gob.ve\/?s={search_term_string}\"},\"query-input\":\"required name=search_term_string\"}],\"inLanguage\":\"es\"},{\"@type\":\"WebPage\",\"@id\":\"https:\/\/www.bolipuertos.gob.ve\/?p=10854#webpage\",\"url\":\"https:\/\/www.bolipuertos.gob.ve\/?p=10854\",\"name\":\"Controlada la situaci\\u00f3n en zona del siniestro a\\u00e9reo en Bol\\u00edvar &middot; Bolipuertos S.A.\",\"isPartOf\":{\"@id\":\"https:\/\/www.bolipuertos.gob.ve\/#website\"},\"datePublished\":\"2021-08-04T18:51:38+00:00\",\"dateModified\":\"2021-10-18T21:28:21+00:00\",\"description\":\"Bolipuertos S.A\",\"breadcrumb\":{\"@id\":\"https:\/\/www.bolipuertos.gob.ve\/?p=10854#breadcrumb\"},\"inLanguage\":\"es\",\"potentialAction\":[{\"@type\":\"ReadAction\",\"target\":[\"https:\/\/www.bolipuertos.gob.ve\/?p=10854\"]}]},{\"@type\":\"BreadcrumbList\",\"@id\":\"https:\/\/www.bolipuertos.gob.ve\/?p=10854#breadcrumb\",\"itemListElement\":[{\"@type\":\"ListItem\",\"position\":1,\"name\":\"Portada\",\"item\":\"https:\/\/www.bolipuertos.gob.ve\/\"},{\"@type\":\"ListItem\",\"position\":2,\"name\":\"Controlada la situaci\\u00f3n en zona del siniestro a\\u00e9reo en Bol\\u00edvar\"}]},{\"@type\":\"Article\",\"@id\":\"https:\/\/www.bolipuertos.gob.ve\/?p=10854#article\",\"isPartOf\":{\"@id\":\"https:\/\/www.bolipuertos.gob.ve\/?p=10854#webpage\"},\"author\":{\"@id\":\"https:\/\/www.bolipuertos.gob.ve\/#\/schema\/person\/8796d4479e23f2292068a5fb51ffb52d\"},\"headline\":\"Controlada la situaci\\u00f3n en zona del siniestro a\\u00e9reo en Bol\\u00edvar\",\"datePublished\":\"2021-08-04T18:51:38+00:00\",\"dateModified\":\"2021-10-18T21:28:21+00:00\",\"mainEntityOfPage\":{\"@id\":\"https:\/\/www.bolipuertos.gob.ve\/?p=10854#webpage\"},\"wordCount\":428,\"publisher\":{\"@id\":\"https:\/\/www.bolipuertos.gob.ve\/#organization\"},\"articleSection\":[\"Noticias Gobierno Bolivariano\"],\"inLanguage\":\"es\"},{\"@type\":\"Person\",\"@id\":\"https:\/\/www.bolipuertos.gob.ve\/#\/schema\/person\/8796d4479e23f2292068a5fb51ffb52d\",\"name\":\"Rosangela Rondon\",\"image\":{\"@type\":\"ImageObject\",\"@id\":\"https:\/\/www.bolipuertos.gob.ve\/#personlogo\",\"inLanguage\":\"es\",\"url\":\"https:\/\/secure.gravatar.com\/avatar\/133e5d36071061536993c8ae9500bb46?s=96&d=mm&r=g\",\"contentUrl\":\"https:\/\/secure.gravatar.com\/avatar\/133e5d36071061536993c8ae9500bb46?s=96&d=mm&r=g\",\"caption\":\"Rosangela Rondon\"},\"url\":\"https:\/\/www.bolipuertos.gob.ve\/?author=2\"}]}<\/script>\n<!-- \/ Yoast SEO plugin. -->","yoast_head_json":{"title":"Controlada la situaci\u00f3n en zona del siniestro a\u00e9reo en Bol\u00edvar &middot; Bolipuertos S.A.","description":"Bolipuertos S.A","robots":{"index":"index","follow":"follow","max-snippet":"max-snippet:-1","max-image-preview":"max-image-preview:large","max-video-preview":"max-video-preview:-1"},"canonical":"https:\/\/www.bolipuertos.gob.ve\/?p=10854","og_locale":"es_ES","og_type":"article","og_title":"Controlada la situaci\u00f3n en zona del siniestro a\u00e9reo en Bol\u00edvar &middot; Bolipuertos S.A.","og_description":"Bolipuertos S.A","og_url":"https:\/\/www.bolipuertos.gob.ve\/?p=10854","og_site_name":"Bolipuertos S.A.","article_publisher":"https:\/\/www.facebook.com\/bolipuertos.puertos","article_published_time":"2021-08-04T18:51:38+00:00","article_modified_time":"2021-10-18T21:28:21+00:00","twitter_card":"summary_large_image","twitter_misc":{"Escrito por":"Rosangela Rondon","Tiempo de lectura":"2 minutos"},"schema":{"@context":"https:\/\/schema.org","@graph":[{"@type":"Organization","@id":"https:\/\/www.bolipuertos.gob.ve\/#organization","name":"bolipuertos","url":"https:\/\/www.bolipuertos.gob.ve\/","sameAs":["https:\/\/www.facebook.com\/bolipuertos.puertos","https:\/\/www.instagram.com\/bolipuertosgob\/","https:\/\/www.youtube.com\/channel\/UCSev7gH4fp-5HWWOjZANLoQ"],"logo":{"@type":"ImageObject","@id":"https:\/\/www.bolipuertos.gob.ve\/#logo","inLanguage":"es","url":"https:\/\/www.bolipuertos.gob.ve\/wp-content\/uploads\/2021\/10\/logo_bolipuertos.png","contentUrl":"https:\/\/www.bolipuertos.gob.ve\/wp-content\/uploads\/2021\/10\/logo_bolipuertos.png","width":220,"height":150,"caption":"bolipuertos"},"image":{"@id":"https:\/\/www.bolipuertos.gob.ve\/#logo"}},{"@type":"WebSite","@id":"https:\/\/www.bolipuertos.gob.ve\/#website","url":"https:\/\/www.bolipuertos.gob.ve\/","name":"Bolipuertos S.A.","description":"Bolipuertos S.A.","publisher":{"@id":"https:\/\/www.bolipuertos.gob.ve\/#organization"},"potentialAction":[{"@type":"SearchAction","target":{"@type":"EntryPoint","urlTemplate":"https:\/\/www.bolipuertos.gob.ve\/?s={search_term_string}"},"query-input":"required name=search_term_string"}],"inLanguage":"es"},{"@type":"WebPage","@id":"https:\/\/www.bolipuertos.gob.ve\/?p=10854#webpage","url":"https:\/\/www.bolipuertos.gob.ve\/?p=10854","name":"Controlada la situaci\u00f3n en zona del siniestro a\u00e9reo en Bol\u00edvar &middot; Bolipuertos S.A.","isPartOf":{"@id":"https:\/\/www.bolipuertos.gob.ve\/#website"},"datePublished":"2021-08-04T18:51:38+00:00","dateModified":"2021-10-18T21:28:21+00:00","description":"Bolipuertos S.A","breadcrumb":{"@id":"https:\/\/www.bolipuertos.gob.ve\/?p=10854#breadcrumb"},"inLanguage":"es","potentialAction":[{"@type":"ReadAction","target":["https:\/\/www.bolipuertos.gob.ve\/?p=10854"]}]},{"@type":"BreadcrumbList","@id":"https:\/\/www.bolipuertos.gob.ve\/?p=10854#breadcrumb","itemListElement":[{"@type":"ListItem","position":1,"name":"Portada","item":"https:\/\/www.bolipuertos.gob.ve\/"},{"@type":"ListItem","position":2,"name":"Controlada la situaci\u00f3n en zona del siniestro a\u00e9reo en Bol\u00edvar"}]},{"@type":"Article","@id":"https:\/\/www.bolipuertos.gob.ve\/?p=10854#article","isPartOf":{"@id":"https:\/\/www.bolipuertos.gob.ve\/?p=10854#webpage"},"author":{"@id":"https:\/\/www.bolipuertos.gob.ve\/#\/schema\/person\/8796d4479e23f2292068a5fb51ffb52d"},"headline":"Controlada la situaci\u00f3n en zona del siniestro a\u00e9reo en Bol\u00edvar","datePublished":"2021-08-04T18:51:38+00:00","dateModified":"2021-10-18T21:28:21+00:00","mainEntityOfPage":{"@id":"https:\/\/www.bolipuertos.gob.ve\/?p=10854#webpage"},"wordCount":428,"publisher":{"@id":"https:\/\/www.bolipuertos.gob.ve\/#organization"},"articleSection":["Noticias Gobierno Bolivariano"],"inLanguage":"es"},{"@type":"Person","@id":"https:\/\/www.bolipuertos.gob.ve\/#\/schema\/person\/8796d4479e23f2292068a5fb51ffb52d","name":"Rosangela Rondon","image":{"@type":"ImageObject","@id":"https:\/\/www.bolipuertos.gob.ve\/#personlogo","inLanguage":"es","url":"https:\/\/secure.gravatar.com\/avatar\/133e5d36071061536993c8ae9500bb46?s=96&d=mm&r=g","contentUrl":"https:\/\/secure.gravatar.com\/avatar\/133e5d36071061536993c8ae9500bb46?s=96&d=mm&r=g","caption":"Rosangela Rondon"},"url":"https:\/\/www.bolipuertos.gob.ve\/?author=2"}]}},"_links":{"self":[{"href":"https:\/\/www.bolipuertos.gob.ve\/index.php?rest_route=\/wp\/v2\/posts\/10854"}],"collection":[{"href":"https:\/\/www.bolipuertos.gob.ve\/index.php?rest_route=\/wp\/v2\/posts"}],"about":[{"href":"https:\/\/www.bolipuertos.gob.ve\/index.php?rest_route=\/wp\/v2\/types\/post"}],"author":[{"embeddable":true,"href":"https:\/\/www.bolipuertos.gob.ve\/index.php?rest_route=\/wp\/v2\/users\/2"}],"replies":[{"embeddable":true,"href":"https:\/\/www.bolipuertos.gob.ve\/index.php?rest_route=%2Fwp%2Fv2%2Fcomments&post=10854"}],"version-history":[{"count":10,"href":"https:\/\/www.bolipuertos.gob.ve\/index.php?rest_route=\/wp\/v2\/posts\/10854\/revisions"}],"predecessor-version":[{"id":18290,"href":"https:\/\/www.bolipuertos.gob.ve\/index.php?rest_route=\/wp\/v2\/posts\/10854\/revisions\/18290"}],"wp:attachment":[{"href":"https:\/\/www.bolipuertos.gob.ve\/index.php?rest_route=%2Fwp%2Fv2%2Fmedia&parent=10854"}],"wp:term":[{"taxonomy":"category","embeddable":true,"href":"https:\/\/www.bolipuertos.gob.ve\/index.php?rest_route=%2Fwp%2Fv2%2Fcategories&post=10854"},{"taxonomy":"post_tag","embeddable":true,"href":"https:\/\/www.bolipuertos.gob.ve\/index.php?rest_route=%2Fwp%2Fv2%2Ftags&post=10854"}],"curies":[{"name":"wp","href":"https:\/\/api.w.org\/{rel}","templated":true}]}}