{"id":10889,"date":"2021-08-04T19:09:51","date_gmt":"2021-08-04T19:09:51","guid":{"rendered":"http:\/\/10.50.10.52\/wordpress\/?p=10889"},"modified":"2021-10-18T17:24:00","modified_gmt":"2021-10-18T21:24:00","slug":"familiares-se-reunieron-con-los-primeros-naufragos-rescatados","status":"publish","type":"post","link":"https:\/\/www.bolipuertos.gob.ve\/?p=10889","title":{"rendered":"Familiares se reunieron con los primeros n\u00e1ufragos rescatados"},"content":{"rendered":"\t\t<div data-elementor-type=\"wp-post\" data-elementor-id=\"10889\" class=\"elementor elementor-10889\">\n\t\t\t\t\t\t\t\t\t<section class=\"elementor-section elementor-top-section elementor-element elementor-element-f83740e elementor-section-full_width elementor-section-stretched elementor-section-height-default elementor-section-height-default\" data-id=\"f83740e\" data-element_type=\"section\" data-settings=\"{&quot;stretch_section&quot;:&quot;section-stretched&quot;}\">\n\t\t\t\t\t\t<div class=\"elementor-container elementor-column-gap-default\">\n\t\t\t\t\t<div class=\"elementor-column elementor-col-100 elementor-top-column elementor-element elementor-element-869eb57\" data-id=\"869eb57\" data-element_type=\"column\">\n\t\t\t<div class=\"elementor-widget-wrap elementor-element-populated\">\n\t\t\t\t\t\t\t\t<div class=\"elementor-element elementor-element-143abd0 elementor-widget elementor-widget-text-editor\" data-id=\"143abd0\" data-element_type=\"widget\" data-widget_type=\"text-editor.default\">\n\t\t\t\t<div class=\"elementor-widget-container\">\n\t\t\t\t\t\t\t<p><span id=\"ctl00_SheetContentPlaceHolder_not1_DataList1_ctl00_desarrollo\">El Guamache, 14 de septiembre de 2010 (Prensa MTC).- Familiares y amigos recibieron a los primeros 21 rescatados de los pe\u00f1eros que naufragaron el pasado s\u00e1bado al norte del estado Nueva Esparta, cuando se trasladaban desde el archipi\u00e9lago Los Testigos hacia la Isla de Margarita, luego de las celebraciones de su patrona La Virgen de El Valle. <\/span><\/p><p>Aproximadamente a las 10:15 de la ma\u00f1ana de este martes los rescatados bajaron de la fragata Almirante Bri\u00f3n de la Armada Venezolana, por el puerto internacional de El Guamache, en el municipio Tubores.<\/p><p>Los familiares esperaban desde tempranas horas de la ma\u00f1ana, acompa\u00f1ados del ministro de Interior y Justicia, Tarek El Aissami; el ministro de la Defensa, Carlos Mata Figueroa; el director nacional de Protecci\u00f3n Civil, Luis D\u00edaz Curbelo, y autoridades regionales.<\/p><p>Adem\u00e1s, a las 9:30 de la ma\u00f1ana los dem\u00e1s familiares recibieron la buena noticia, dada de primera mano por el ministro El Aissami, quien manifest\u00f3 que ya hab\u00edan avistado en las cercan\u00edas de Trinidad y Tobago al tercer pe\u00f1ero desaparecido de nombre \u201cMi Negocio\u201d, con 10 personas a bordo.<\/p><p>Al recibir la informaci\u00f3n, los gritos de alegr\u00eda y el llanto no se hicieron esperar entre los presentes, quienes comenzaron a realizar sus plegarias de agradecimiento.<\/p><p>El Aissami inform\u00f3 que el otro pe\u00f1ero fue rescatado por un buque pesquero de Trinidad y Tobago, el cual llegar\u00e1 a esa isla con los n\u00e1ufragos venezolanos, aproximadamente a las 6:00 de la tarde de este martes.<\/p><p>Asimismo, dijo que por orden presidencial, se han enviado aeronaves que traer\u00e1n de regreso a los compatriotas al estado Nueva Esparta.<\/p><p><b> Relatos de la traves\u00eda <\/b><\/p><p>Los rescatados y familiares se acercaron a las autoridades para darles las gracias por esta misi\u00f3n de salvamento y adem\u00e1s, para contar las historias del naufragio.<\/p><p>Mireya Hern\u00e1ndez de Vicent, fue una de las mujeres que naufrag\u00f3 en el pe\u00f1ero \u201cJuper Luis\u201d, junto a su hijo de siete a\u00f1os.<\/p><p>Cuenta que cuando ya ten\u00edan tres horas navegando sin ver tierra, fue que se percataron de que estaban perdidos.<\/p><p>\u201cEl piloto no nos quer\u00eda decir nada, comenzamos a ir de un lado a otro, pero est\u00e1bamos perdidos. Ya el domingo decidimos quedarnos en un solo sitio, esperando lo que Dios quisiera\u201d, destac\u00f3.<\/p><p>Seg\u00fan Hern\u00e1ndez, sobrevivieron con un poco de agua, unas compotas y unas maltas que tra\u00edan, pero ya el d\u00eda de ayer su hijo de siete a\u00f1os estaba muy descompensado.<\/p><p>\u201cTen\u00edamos miedo, cuando vimos el helic\u00f3ptero de la Armada sab\u00edamos que nos estaban buscando, nos volvimos locos, le sacamos de todo. Ellos nos dijeron que mantuvi\u00e9ramos la calma, que iban a buscar ayuda\u201d, coment\u00f3.<\/p><p>por su parte, Ibra\u00edn Vicent, una de las personas que naufrag\u00f3 en el pe\u00f1ero \u201cDuber Jos\u00e9\u201d, coment\u00f3 que fue una experiencia terrible, pero gracias a Dios y a las acciones inmediatas del Gobierno Nacional pueden contarlo.<\/p><p>\u201cEl mal tiempo y la gran cantidad de nubes fue lo que hizo que nos perdi\u00e9ramos. Tuvimos que tomarlo con calma y rendir el poquito de agua que ten\u00edamos\u201d, dijo.<\/p><p>Cuando vieron el helic\u00f3ptero de la Armada Venezolana que los avist\u00f3 por primera vez, sintieron una gran felicidad, seg\u00fan comenta Vicent.<\/p><p>\u201cYa se nos estaba acabando todo, pero nos lanzaron agua. Ven\u00edan dos ni\u00f1os, uno de siete y otro de seis a\u00f1os\u201d, destac\u00f3.<\/p><p>Todos los sobrevivientes est\u00e1n en perfecto estado de salud y no fue necesario trasladarlos a ning\u00fan centro hospitalario, todos se fueron con sus familiares, directo a la Bas\u00edlica de la Virgen del Valle, a dar gracias por el feliz regreso.<\/p><p>MTC\/RF\/CG\/1<\/p>\t\t\t\t\t\t<\/div>\n\t\t\t\t<\/div>\n\t\t\t\t\t<\/div>\n\t\t<\/div>\n\t\t\t\t\t\t\t<\/div>\n\t\t<\/section>\n\t\t\t\t<section class=\"elementor-section elementor-top-section elementor-element elementor-element-9286b37 elementor-section-boxed elementor-section-height-default elementor-section-height-default\" data-id=\"9286b37\" data-element_type=\"section\">\n\t\t\t\t\t\t<div class=\"elementor-container elementor-column-gap-default\">\n\t\t\t\t\t<div class=\"elementor-column elementor-col-100 elementor-top-column elementor-element elementor-element-b4be8ee\" data-id=\"b4be8ee\" data-element_type=\"column\">\n\t\t\t<div class=\"elementor-widget-wrap elementor-element-populated\">\n\t\t\t\t\t\t\t\t<div class=\"elementor-element elementor-element-dc8e78d elementor-arrows-position-inside elementor-pagination-position-outside elementor-widget elementor-widget-image-carousel\" data-id=\"dc8e78d\" data-element_type=\"widget\" data-settings=\"{&quot;navigation&quot;:&quot;both&quot;,&quot;autoplay&quot;:&quot;yes&quot;,&quot;pause_on_hover&quot;:&quot;yes&quot;,&quot;pause_on_interaction&quot;:&quot;yes&quot;,&quot;autoplay_speed&quot;:5000,&quot;infinite&quot;:&quot;yes&quot;,&quot;speed&quot;:500}\" data-widget_type=\"image-carousel.default\">\n\t\t\t\t<div class=\"elementor-widget-container\">\n\t\t\t\t\t<div class=\"elementor-image-carousel-wrapper swiper-container\" dir=\"ltr\">\n\t\t\t<div class=\"elementor-image-carousel swiper-wrapper\">\n\t\t\t\t\t\t\t\t<div class=\"swiper-slide\"><figure class=\"swiper-slide-inner\"><img class=\"swiper-slide-image\" src=\"https:\/\/www.bolipuertos.gob.ve\/wp-content\/uploads\/2021\/08\/229Ministro-El-Aissami-cuando-anuncio-la-aparicion-del-tercer-penero-300x199.jpg\" alt=\"229Ministro El Aissami, cuando anunci\u00f3 la aparici\u00f3n del tercer pe\u00f1ero\" \/><\/figure><\/div><div class=\"swiper-slide\"><figure class=\"swiper-slide-inner\"><img class=\"swiper-slide-image\" src=\"https:\/\/www.bolipuertos.gob.ve\/wp-content\/uploads\/2021\/08\/229Los-ministros-subiendo-a-la-fragata-para-recibir-a-los-rescatados-300x202.jpg\" alt=\"229Los ministros subiendo a la fragata para recibir a los rescatados\" \/><\/figure><\/div><div class=\"swiper-slide\"><figure class=\"swiper-slide-inner\"><img class=\"swiper-slide-image\" src=\"https:\/\/www.bolipuertos.gob.ve\/wp-content\/uploads\/2021\/08\/229familiares-en-la-larga-espera-300x199.jpg\" alt=\"229familiares en la larga espera\" \/><\/figure><\/div><div class=\"swiper-slide\"><figure class=\"swiper-slide-inner\"><img class=\"swiper-slide-image\" src=\"https:\/\/www.bolipuertos.gob.ve\/wp-content\/uploads\/2021\/08\/229Ministro-de-la-Defensa-y-de-Interior-y-Justicia-a-la-espera-de-los-rescatadosc-300x199.jpg\" alt=\"229Ministro de la Defensa y de Interior y Justicia a la espera de los rescatados\u00e7\" \/><\/figure><\/div><div class=\"swiper-slide\"><figure class=\"swiper-slide-inner\"><img class=\"swiper-slide-image\" src=\"https:\/\/www.bolipuertos.gob.ve\/wp-content\/uploads\/2021\/10\/229Se-abrazaban-aun-sin-poder-creer-que-ya-estaban-de-nuevo-en-tierra-firme.jpg\" alt=\"\" \/><\/figure><\/div><div class=\"swiper-slide\"><figure class=\"swiper-slide-inner\"><img class=\"swiper-slide-image\" src=\"https:\/\/www.bolipuertos.gob.ve\/wp-content\/uploads\/2021\/08\/229Familiares-felices-al-ver-llegar-la-fragata-de-la-Armada-300x199.jpg\" alt=\"229Familiares felices al ver llegar la fragata de la Armada\" \/><\/figure><\/div><div class=\"swiper-slide\"><figure class=\"swiper-slide-inner\"><img class=\"swiper-slide-image\" src=\"https:\/\/www.bolipuertos.gob.ve\/wp-content\/uploads\/2021\/08\/229IBRAIN-VICENT-300x197.jpg\" alt=\"229IBRA\u00cdN VICENT\" \/><\/figure><\/div><div class=\"swiper-slide\"><figure class=\"swiper-slide-inner\"><img class=\"swiper-slide-image\" src=\"https:\/\/www.bolipuertos.gob.ve\/wp-content\/uploads\/2021\/08\/229MIREYA-HERNANDEZ-DE-VICENT-300x207.jpg\" alt=\"229MIREYA HERN\u00c1NDEZ DE VICENT\" \/><\/figure><\/div>\t\t\t<\/div>\n\t\t\t\t\t\t\t\t\t\t\t\t<div class=\"swiper-pagination\"><\/div>\n\t\t\t\t\t\t\t\t\t\t\t\t\t<div class=\"elementor-swiper-button elementor-swiper-button-prev\">\n\t\t\t\t\t\t<i aria-hidden=\"true\" class=\"eicon-chevron-left\"><\/i>\t\t\t\t\t\t<span class=\"elementor-screen-only\">Anterior<\/span>\n\t\t\t\t\t<\/div>\n\t\t\t\t\t<div class=\"elementor-swiper-button elementor-swiper-button-next\">\n\t\t\t\t\t\t<i aria-hidden=\"true\" class=\"eicon-chevron-right\"><\/i>\t\t\t\t\t\t<span class=\"elementor-screen-only\">Siguiente<\/span>\n\t\t\t\t\t<\/div>\n\t\t\t\t\t\t\t\t\t<\/div>\n\t\t\t\t<\/div>\n\t\t\t\t<\/div>\n\t\t\t\t\t<\/div>\n\t\t<\/div>\n\t\t\t\t\t\t\t<\/div>\n\t\t<\/section>\n\t\t\t\t\t\t\t<\/div>\n\t\t","protected":false},"excerpt":{"rendered":"<p>El Guamache, 14 de septiembre de 2010 (Prensa MTC).- Familiares y amigos recibieron a los primeros 21 rescatados de los pe\u00f1eros que [&hellip;]<\/p>\n","protected":false},"author":2,"featured_media":10890,"comment_status":"closed","ping_status":"closed","sticky":false,"template":"","format":"standard","meta":[],"categories":[4],"tags":[],"yoast_head":"<!-- This site is optimized with the Yoast SEO plugin v17.6 - https:\/\/yoast.com\/wordpress\/plugins\/seo\/ -->\n<title>Familiares se reunieron con los primeros n\u00e1ufragos rescatados &middot; Bolipuertos S.A.<\/title>\n<meta name=\"description\" content=\"Bolipuertos S.A\" \/>\n<meta name=\"robots\" content=\"index, follow, max-snippet:-1, max-image-preview:large, max-video-preview:-1\" \/>\n<link rel=\"canonical\" href=\"https:\/\/www.bolipuertos.gob.ve\/?p=10889\" \/>\n<meta property=\"og:locale\" content=\"es_ES\" \/>\n<meta property=\"og:type\" content=\"article\" \/>\n<meta property=\"og:title\" content=\"Familiares se reunieron con los primeros n\u00e1ufragos rescatados &middot; Bolipuertos S.A.\" \/>\n<meta property=\"og:description\" content=\"Bolipuertos S.A\" \/>\n<meta property=\"og:url\" content=\"https:\/\/www.bolipuertos.gob.ve\/?p=10889\" \/>\n<meta property=\"og:site_name\" content=\"Bolipuertos S.A.\" \/>\n<meta property=\"article:publisher\" content=\"https:\/\/www.facebook.com\/bolipuertos.puertos\" \/>\n<meta property=\"article:published_time\" content=\"2021-08-04T19:09:51+00:00\" \/>\n<meta property=\"article:modified_time\" content=\"2021-10-18T21:24:00+00:00\" \/>\n<meta property=\"og:image\" content=\"https:\/\/www.bolipuertos.gob.ve\/wp-content\/uploads\/2021\/08\/229familiares-en-la-larga-espera.jpg\" \/>\n\t<meta property=\"og:image:width\" content=\"480\" \/>\n\t<meta property=\"og:image:height\" content=\"319\" \/>\n<meta name=\"twitter:card\" content=\"summary_large_image\" \/>\n<meta name=\"twitter:label1\" content=\"Escrito por\" \/>\n\t<meta name=\"twitter:data1\" content=\"Rosangela Rondon\" \/>\n\t<meta name=\"twitter:label2\" content=\"Tiempo de lectura\" \/>\n\t<meta name=\"twitter:data2\" content=\"3 minutos\" \/>\n<script type=\"application\/ld+json\" class=\"yoast-schema-graph\">{\"@context\":\"https:\/\/schema.org\",\"@graph\":[{\"@type\":\"Organization\",\"@id\":\"https:\/\/www.bolipuertos.gob.ve\/#organization\",\"name\":\"bolipuertos\",\"url\":\"https:\/\/www.bolipuertos.gob.ve\/\",\"sameAs\":[\"https:\/\/www.facebook.com\/bolipuertos.puertos\",\"https:\/\/www.instagram.com\/bolipuertosgob\/\",\"https:\/\/www.youtube.com\/channel\/UCSev7gH4fp-5HWWOjZANLoQ\"],\"logo\":{\"@type\":\"ImageObject\",\"@id\":\"https:\/\/www.bolipuertos.gob.ve\/#logo\",\"inLanguage\":\"es\",\"url\":\"https:\/\/www.bolipuertos.gob.ve\/wp-content\/uploads\/2021\/10\/logo_bolipuertos.png\",\"contentUrl\":\"https:\/\/www.bolipuertos.gob.ve\/wp-content\/uploads\/2021\/10\/logo_bolipuertos.png\",\"width\":220,\"height\":150,\"caption\":\"bolipuertos\"},\"image\":{\"@id\":\"https:\/\/www.bolipuertos.gob.ve\/#logo\"}},{\"@type\":\"WebSite\",\"@id\":\"https:\/\/www.bolipuertos.gob.ve\/#website\",\"url\":\"https:\/\/www.bolipuertos.gob.ve\/\",\"name\":\"Bolipuertos S.A.\",\"description\":\"Bolipuertos S.A.\",\"publisher\":{\"@id\":\"https:\/\/www.bolipuertos.gob.ve\/#organization\"},\"potentialAction\":[{\"@type\":\"SearchAction\",\"target\":{\"@type\":\"EntryPoint\",\"urlTemplate\":\"https:\/\/www.bolipuertos.gob.ve\/?s={search_term_string}\"},\"query-input\":\"required name=search_term_string\"}],\"inLanguage\":\"es\"},{\"@type\":\"ImageObject\",\"@id\":\"https:\/\/www.bolipuertos.gob.ve\/?p=10889#primaryimage\",\"inLanguage\":\"es\",\"url\":\"https:\/\/www.bolipuertos.gob.ve\/wp-content\/uploads\/2021\/08\/229familiares-en-la-larga-espera.jpg\",\"contentUrl\":\"https:\/\/www.bolipuertos.gob.ve\/wp-content\/uploads\/2021\/08\/229familiares-en-la-larga-espera.jpg\",\"width\":480,\"height\":319},{\"@type\":\"WebPage\",\"@id\":\"https:\/\/www.bolipuertos.gob.ve\/?p=10889#webpage\",\"url\":\"https:\/\/www.bolipuertos.gob.ve\/?p=10889\",\"name\":\"Familiares se reunieron con los primeros n\\u00e1ufragos rescatados &middot; Bolipuertos S.A.\",\"isPartOf\":{\"@id\":\"https:\/\/www.bolipuertos.gob.ve\/#website\"},\"primaryImageOfPage\":{\"@id\":\"https:\/\/www.bolipuertos.gob.ve\/?p=10889#primaryimage\"},\"datePublished\":\"2021-08-04T19:09:51+00:00\",\"dateModified\":\"2021-10-18T21:24:00+00:00\",\"description\":\"Bolipuertos S.A\",\"breadcrumb\":{\"@id\":\"https:\/\/www.bolipuertos.gob.ve\/?p=10889#breadcrumb\"},\"inLanguage\":\"es\",\"potentialAction\":[{\"@type\":\"ReadAction\",\"target\":[\"https:\/\/www.bolipuertos.gob.ve\/?p=10889\"]}]},{\"@type\":\"BreadcrumbList\",\"@id\":\"https:\/\/www.bolipuertos.gob.ve\/?p=10889#breadcrumb\",\"itemListElement\":[{\"@type\":\"ListItem\",\"position\":1,\"name\":\"Portada\",\"item\":\"https:\/\/www.bolipuertos.gob.ve\/\"},{\"@type\":\"ListItem\",\"position\":2,\"name\":\"Familiares se reunieron con los primeros n\\u00e1ufragos rescatados\"}]},{\"@type\":\"Article\",\"@id\":\"https:\/\/www.bolipuertos.gob.ve\/?p=10889#article\",\"isPartOf\":{\"@id\":\"https:\/\/www.bolipuertos.gob.ve\/?p=10889#webpage\"},\"author\":{\"@id\":\"https:\/\/www.bolipuertos.gob.ve\/#\/schema\/person\/8796d4479e23f2292068a5fb51ffb52d\"},\"headline\":\"Familiares se reunieron con los primeros n\\u00e1ufragos rescatados\",\"datePublished\":\"2021-08-04T19:09:51+00:00\",\"dateModified\":\"2021-10-18T21:24:00+00:00\",\"mainEntityOfPage\":{\"@id\":\"https:\/\/www.bolipuertos.gob.ve\/?p=10889#webpage\"},\"wordCount\":637,\"publisher\":{\"@id\":\"https:\/\/www.bolipuertos.gob.ve\/#organization\"},\"image\":{\"@id\":\"https:\/\/www.bolipuertos.gob.ve\/?p=10889#primaryimage\"},\"thumbnailUrl\":\"https:\/\/www.bolipuertos.gob.ve\/wp-content\/uploads\/2021\/08\/229familiares-en-la-larga-espera.jpg\",\"articleSection\":[\"Noticias Gobierno Bolivariano\"],\"inLanguage\":\"es\"},{\"@type\":\"Person\",\"@id\":\"https:\/\/www.bolipuertos.gob.ve\/#\/schema\/person\/8796d4479e23f2292068a5fb51ffb52d\",\"name\":\"Rosangela Rondon\",\"image\":{\"@type\":\"ImageObject\",\"@id\":\"https:\/\/www.bolipuertos.gob.ve\/#personlogo\",\"inLanguage\":\"es\",\"url\":\"https:\/\/secure.gravatar.com\/avatar\/133e5d36071061536993c8ae9500bb46?s=96&d=mm&r=g\",\"contentUrl\":\"https:\/\/secure.gravatar.com\/avatar\/133e5d36071061536993c8ae9500bb46?s=96&d=mm&r=g\",\"caption\":\"Rosangela Rondon\"},\"url\":\"https:\/\/www.bolipuertos.gob.ve\/?author=2\"}]}<\/script>\n<!-- \/ Yoast SEO plugin. -->","yoast_head_json":{"title":"Familiares se reunieron con los primeros n\u00e1ufragos rescatados &middot; Bolipuertos S.A.","description":"Bolipuertos S.A","robots":{"index":"index","follow":"follow","max-snippet":"max-snippet:-1","max-image-preview":"max-image-preview:large","max-video-preview":"max-video-preview:-1"},"canonical":"https:\/\/www.bolipuertos.gob.ve\/?p=10889","og_locale":"es_ES","og_type":"article","og_title":"Familiares se reunieron con los primeros n\u00e1ufragos rescatados &middot; Bolipuertos S.A.","og_description":"Bolipuertos S.A","og_url":"https:\/\/www.bolipuertos.gob.ve\/?p=10889","og_site_name":"Bolipuertos S.A.","article_publisher":"https:\/\/www.facebook.com\/bolipuertos.puertos","article_published_time":"2021-08-04T19:09:51+00:00","article_modified_time":"2021-10-18T21:24:00+00:00","og_image":[{"width":480,"height":319,"url":"https:\/\/www.bolipuertos.gob.ve\/wp-content\/uploads\/2021\/08\/229familiares-en-la-larga-espera.jpg","type":"image\/jpeg"}],"twitter_card":"summary_large_image","twitter_misc":{"Escrito por":"Rosangela Rondon","Tiempo de lectura":"3 minutos"},"schema":{"@context":"https:\/\/schema.org","@graph":[{"@type":"Organization","@id":"https:\/\/www.bolipuertos.gob.ve\/#organization","name":"bolipuertos","url":"https:\/\/www.bolipuertos.gob.ve\/","sameAs":["https:\/\/www.facebook.com\/bolipuertos.puertos","https:\/\/www.instagram.com\/bolipuertosgob\/","https:\/\/www.youtube.com\/channel\/UCSev7gH4fp-5HWWOjZANLoQ"],"logo":{"@type":"ImageObject","@id":"https:\/\/www.bolipuertos.gob.ve\/#logo","inLanguage":"es","url":"https:\/\/www.bolipuertos.gob.ve\/wp-content\/uploads\/2021\/10\/logo_bolipuertos.png","contentUrl":"https:\/\/www.bolipuertos.gob.ve\/wp-content\/uploads\/2021\/10\/logo_bolipuertos.png","width":220,"height":150,"caption":"bolipuertos"},"image":{"@id":"https:\/\/www.bolipuertos.gob.ve\/#logo"}},{"@type":"WebSite","@id":"https:\/\/www.bolipuertos.gob.ve\/#website","url":"https:\/\/www.bolipuertos.gob.ve\/","name":"Bolipuertos S.A.","description":"Bolipuertos S.A.","publisher":{"@id":"https:\/\/www.bolipuertos.gob.ve\/#organization"},"potentialAction":[{"@type":"SearchAction","target":{"@type":"EntryPoint","urlTemplate":"https:\/\/www.bolipuertos.gob.ve\/?s={search_term_string}"},"query-input":"required name=search_term_string"}],"inLanguage":"es"},{"@type":"ImageObject","@id":"https:\/\/www.bolipuertos.gob.ve\/?p=10889#primaryimage","inLanguage":"es","url":"https:\/\/www.bolipuertos.gob.ve\/wp-content\/uploads\/2021\/08\/229familiares-en-la-larga-espera.jpg","contentUrl":"https:\/\/www.bolipuertos.gob.ve\/wp-content\/uploads\/2021\/08\/229familiares-en-la-larga-espera.jpg","width":480,"height":319},{"@type":"WebPage","@id":"https:\/\/www.bolipuertos.gob.ve\/?p=10889#webpage","url":"https:\/\/www.bolipuertos.gob.ve\/?p=10889","name":"Familiares se reunieron con los primeros n\u00e1ufragos rescatados &middot; Bolipuertos S.A.","isPartOf":{"@id":"https:\/\/www.bolipuertos.gob.ve\/#website"},"primaryImageOfPage":{"@id":"https:\/\/www.bolipuertos.gob.ve\/?p=10889#primaryimage"},"datePublished":"2021-08-04T19:09:51+00:00","dateModified":"2021-10-18T21:24:00+00:00","description":"Bolipuertos S.A","breadcrumb":{"@id":"https:\/\/www.bolipuertos.gob.ve\/?p=10889#breadcrumb"},"inLanguage":"es","potentialAction":[{"@type":"ReadAction","target":["https:\/\/www.bolipuertos.gob.ve\/?p=10889"]}]},{"@type":"BreadcrumbList","@id":"https:\/\/www.bolipuertos.gob.ve\/?p=10889#breadcrumb","itemListElement":[{"@type":"ListItem","position":1,"name":"Portada","item":"https:\/\/www.bolipuertos.gob.ve\/"},{"@type":"ListItem","position":2,"name":"Familiares se reunieron con los primeros n\u00e1ufragos rescatados"}]},{"@type":"Article","@id":"https:\/\/www.bolipuertos.gob.ve\/?p=10889#article","isPartOf":{"@id":"https:\/\/www.bolipuertos.gob.ve\/?p=10889#webpage"},"author":{"@id":"https:\/\/www.bolipuertos.gob.ve\/#\/schema\/person\/8796d4479e23f2292068a5fb51ffb52d"},"headline":"Familiares se reunieron con los primeros n\u00e1ufragos rescatados","datePublished":"2021-08-04T19:09:51+00:00","dateModified":"2021-10-18T21:24:00+00:00","mainEntityOfPage":{"@id":"https:\/\/www.bolipuertos.gob.ve\/?p=10889#webpage"},"wordCount":637,"publisher":{"@id":"https:\/\/www.bolipuertos.gob.ve\/#organization"},"image":{"@id":"https:\/\/www.bolipuertos.gob.ve\/?p=10889#primaryimage"},"thumbnailUrl":"https:\/\/www.bolipuertos.gob.ve\/wp-content\/uploads\/2021\/08\/229familiares-en-la-larga-espera.jpg","articleSection":["Noticias Gobierno Bolivariano"],"inLanguage":"es"},{"@type":"Person","@id":"https:\/\/www.bolipuertos.gob.ve\/#\/schema\/person\/8796d4479e23f2292068a5fb51ffb52d","name":"Rosangela Rondon","image":{"@type":"ImageObject","@id":"https:\/\/www.bolipuertos.gob.ve\/#personlogo","inLanguage":"es","url":"https:\/\/secure.gravatar.com\/avatar\/133e5d36071061536993c8ae9500bb46?s=96&d=mm&r=g","contentUrl":"https:\/\/secure.gravatar.com\/avatar\/133e5d36071061536993c8ae9500bb46?s=96&d=mm&r=g","caption":"Rosangela Rondon"},"url":"https:\/\/www.bolipuertos.gob.ve\/?author=2"}]}},"_links":{"self":[{"href":"https:\/\/www.bolipuertos.gob.ve\/index.php?rest_route=\/wp\/v2\/posts\/10889"}],"collection":[{"href":"https:\/\/www.bolipuertos.gob.ve\/index.php?rest_route=\/wp\/v2\/posts"}],"about":[{"href":"https:\/\/www.bolipuertos.gob.ve\/index.php?rest_route=\/wp\/v2\/types\/post"}],"author":[{"embeddable":true,"href":"https:\/\/www.bolipuertos.gob.ve\/index.php?rest_route=\/wp\/v2\/users\/2"}],"replies":[{"embeddable":true,"href":"https:\/\/www.bolipuertos.gob.ve\/index.php?rest_route=%2Fwp%2Fv2%2Fcomments&post=10889"}],"version-history":[{"count":34,"href":"https:\/\/www.bolipuertos.gob.ve\/index.php?rest_route=\/wp\/v2\/posts\/10889\/revisions"}],"predecessor-version":[{"id":18269,"href":"https:\/\/www.bolipuertos.gob.ve\/index.php?rest_route=\/wp\/v2\/posts\/10889\/revisions\/18269"}],"wp:featuredmedia":[{"embeddable":true,"href":"https:\/\/www.bolipuertos.gob.ve\/index.php?rest_route=\/wp\/v2\/media\/10890"}],"wp:attachment":[{"href":"https:\/\/www.bolipuertos.gob.ve\/index.php?rest_route=%2Fwp%2Fv2%2Fmedia&parent=10889"}],"wp:term":[{"taxonomy":"category","embeddable":true,"href":"https:\/\/www.bolipuertos.gob.ve\/index.php?rest_route=%2Fwp%2Fv2%2Fcategories&post=10889"},{"taxonomy":"post_tag","embeddable":true,"href":"https:\/\/www.bolipuertos.gob.ve\/index.php?rest_route=%2Fwp%2Fv2%2Ftags&post=10889"}],"curies":[{"name":"wp","href":"https:\/\/api.w.org\/{rel}","templated":true}]}}