{"id":10936,"date":"2021-08-04T19:23:23","date_gmt":"2021-08-04T19:23:23","guid":{"rendered":"http:\/\/10.50.10.52\/wordpress\/?p=10936"},"modified":"2021-10-18T17:18:26","modified_gmt":"2021-10-18T21:18:26","slug":"recuperadas-zonas-verdes-en-vialidad-de-caricuao","status":"publish","type":"post","link":"https:\/\/www.bolipuertos.gob.ve\/?p=10936","title":{"rendered":"Recuperadas zonas verdes en vialidad de Caricuao"},"content":{"rendered":"\t\t<div data-elementor-type=\"wp-post\" data-elementor-id=\"10936\" class=\"elementor elementor-10936\">\n\t\t\t\t\t\t\t\t\t<section class=\"elementor-section elementor-top-section elementor-element elementor-element-bb1d367 elementor-section-full_width elementor-section-stretched elementor-section-height-default elementor-section-height-default\" data-id=\"bb1d367\" data-element_type=\"section\" data-settings=\"{&quot;stretch_section&quot;:&quot;section-stretched&quot;}\">\n\t\t\t\t\t\t<div class=\"elementor-container elementor-column-gap-default\">\n\t\t\t\t\t<div class=\"elementor-column elementor-col-100 elementor-top-column elementor-element elementor-element-d8fdd2c\" data-id=\"d8fdd2c\" data-element_type=\"column\">\n\t\t\t<div class=\"elementor-widget-wrap elementor-element-populated\">\n\t\t\t\t\t\t\t\t<div class=\"elementor-element elementor-element-dd1ecf5 elementor-widget elementor-widget-text-editor\" data-id=\"dd1ecf5\" data-element_type=\"widget\" data-widget_type=\"text-editor.default\">\n\t\t\t\t<div class=\"elementor-widget-container\">\n\t\t\t\t\t\t\t<p><span id=\"ctl00_SheetContentPlaceHolder_not1_DataList1_ctl00_desarrollo\">Maiquet\u00eda, 16 de septiembre de 2010 (Prensa IAIM).- Cerca de 60 cooperativistas del Instituto Aeropuerto Internacional de Maiquet\u00eda (IAIM) se encuentran desplegados en la parroquia Caricuao realizando labores de remoci\u00f3n de maleza, barrido manual y limpieza de espacios viales de los sectores UD1, UD2, UD4 y Telares de Palo Grande, Ruiz Pineda. <\/span><\/p><p>Durante la primera semana de trabajo se han rehabilitado 2,5 kil\u00f3metros, en ambos sentidos, lo cual representa un avance de 60%.<\/p><p>Para llevar a cabo la recolecci\u00f3n de escombros se cont\u00f3 con el apoyo de la Alcald\u00eda del Municipio Libertador.<\/p><p>Por otra parte, los cooperativistas aeroportuarios rehabilitar\u00e1n las \u00e1reas verdes del Centro de Servicios Sociales Residencial \u201cDr. Joaqu\u00edn Quintero Quintero\u201d, ubicado en la comunidad de Ruiz Pineda, como parte de esta importante acci\u00f3n social del Gobierno Bolivariano.<\/p><p>De esta manera, esta cartera ministerial da respuesta a la solicitud de la comunidad organizada de Caricuao para solventar la excesiva maleza que entorpece la visibilidad de los conductores y peatones.<\/p><p>IAIM\/EU\/MEB\/YV\/CG\/2<\/p>\t\t\t\t\t\t<\/div>\n\t\t\t\t<\/div>\n\t\t\t\t\t<\/div>\n\t\t<\/div>\n\t\t\t\t\t\t\t<\/div>\n\t\t<\/section>\n\t\t\t\t\t\t\t<\/div>\n\t\t","protected":false},"excerpt":{"rendered":"<p>Maiquet\u00eda, 16 de septiembre de 2010 (Prensa IAIM).- Cerca de 60 cooperativistas del Instituto Aeropuerto Internacional de Maiquet\u00eda (IAIM) se encuentran desplegados [&hellip;]<\/p>\n","protected":false},"author":2,"featured_media":10938,"comment_status":"closed","ping_status":"closed","sticky":false,"template":"","format":"standard","meta":[],"categories":[4],"tags":[],"yoast_head":"<!-- This site is optimized with the Yoast SEO plugin v17.6 - https:\/\/yoast.com\/wordpress\/plugins\/seo\/ -->\n<title>Recuperadas zonas verdes en vialidad de Caricuao &middot; Bolipuertos S.A.<\/title>\n<meta name=\"description\" content=\"Bolipuertos S.A\" \/>\n<meta name=\"robots\" content=\"index, follow, max-snippet:-1, max-image-preview:large, max-video-preview:-1\" \/>\n<link rel=\"canonical\" href=\"https:\/\/www.bolipuertos.gob.ve\/?p=10936\" \/>\n<meta property=\"og:locale\" content=\"es_ES\" \/>\n<meta property=\"og:type\" content=\"article\" \/>\n<meta property=\"og:title\" content=\"Recuperadas zonas verdes en vialidad de Caricuao &middot; Bolipuertos S.A.\" \/>\n<meta property=\"og:description\" content=\"Bolipuertos S.A\" \/>\n<meta property=\"og:url\" content=\"https:\/\/www.bolipuertos.gob.ve\/?p=10936\" \/>\n<meta property=\"og:site_name\" content=\"Bolipuertos S.A.\" \/>\n<meta property=\"article:publisher\" content=\"https:\/\/www.facebook.com\/bolipuertos.puertos\" \/>\n<meta property=\"article:published_time\" content=\"2021-08-04T19:23:23+00:00\" \/>\n<meta property=\"article:modified_time\" content=\"2021-10-18T21:18:26+00:00\" \/>\n<meta property=\"og:image\" content=\"https:\/\/www.bolipuertos.gob.ve\/wp-content\/uploads\/2021\/08\/242Las-labores-comprenden-desmalezado-barrido-y-recoleccion-de-desechos-IMG00871-20100907-0933.jpg\" \/>\n\t<meta property=\"og:image:width\" content=\"640\" \/>\n\t<meta property=\"og:image:height\" content=\"480\" \/>\n<meta name=\"twitter:card\" content=\"summary_large_image\" \/>\n<meta name=\"twitter:label1\" content=\"Escrito por\" \/>\n\t<meta name=\"twitter:data1\" content=\"Rosangela Rondon\" \/>\n\t<meta name=\"twitter:label2\" content=\"Tiempo de lectura\" \/>\n\t<meta name=\"twitter:data2\" content=\"1 minuto\" \/>\n<script type=\"application\/ld+json\" class=\"yoast-schema-graph\">{\"@context\":\"https:\/\/schema.org\",\"@graph\":[{\"@type\":\"Organization\",\"@id\":\"https:\/\/www.bolipuertos.gob.ve\/#organization\",\"name\":\"bolipuertos\",\"url\":\"https:\/\/www.bolipuertos.gob.ve\/\",\"sameAs\":[\"https:\/\/www.facebook.com\/bolipuertos.puertos\",\"https:\/\/www.instagram.com\/bolipuertosgob\/\",\"https:\/\/www.youtube.com\/channel\/UCSev7gH4fp-5HWWOjZANLoQ\"],\"logo\":{\"@type\":\"ImageObject\",\"@id\":\"https:\/\/www.bolipuertos.gob.ve\/#logo\",\"inLanguage\":\"es\",\"url\":\"https:\/\/www.bolipuertos.gob.ve\/wp-content\/uploads\/2021\/10\/logo_bolipuertos.png\",\"contentUrl\":\"https:\/\/www.bolipuertos.gob.ve\/wp-content\/uploads\/2021\/10\/logo_bolipuertos.png\",\"width\":220,\"height\":150,\"caption\":\"bolipuertos\"},\"image\":{\"@id\":\"https:\/\/www.bolipuertos.gob.ve\/#logo\"}},{\"@type\":\"WebSite\",\"@id\":\"https:\/\/www.bolipuertos.gob.ve\/#website\",\"url\":\"https:\/\/www.bolipuertos.gob.ve\/\",\"name\":\"Bolipuertos S.A.\",\"description\":\"Bolipuertos S.A.\",\"publisher\":{\"@id\":\"https:\/\/www.bolipuertos.gob.ve\/#organization\"},\"potentialAction\":[{\"@type\":\"SearchAction\",\"target\":{\"@type\":\"EntryPoint\",\"urlTemplate\":\"https:\/\/www.bolipuertos.gob.ve\/?s={search_term_string}\"},\"query-input\":\"required name=search_term_string\"}],\"inLanguage\":\"es\"},{\"@type\":\"ImageObject\",\"@id\":\"https:\/\/www.bolipuertos.gob.ve\/?p=10936#primaryimage\",\"inLanguage\":\"es\",\"url\":\"https:\/\/www.bolipuertos.gob.ve\/wp-content\/uploads\/2021\/08\/242Las-labores-comprenden-desmalezado-barrido-y-recoleccion-de-desechos-IMG00871-20100907-0933.jpg\",\"contentUrl\":\"https:\/\/www.bolipuertos.gob.ve\/wp-content\/uploads\/2021\/08\/242Las-labores-comprenden-desmalezado-barrido-y-recoleccion-de-desechos-IMG00871-20100907-0933.jpg\",\"width\":640,\"height\":480},{\"@type\":\"WebPage\",\"@id\":\"https:\/\/www.bolipuertos.gob.ve\/?p=10936#webpage\",\"url\":\"https:\/\/www.bolipuertos.gob.ve\/?p=10936\",\"name\":\"Recuperadas zonas verdes en vialidad de Caricuao &middot; Bolipuertos S.A.\",\"isPartOf\":{\"@id\":\"https:\/\/www.bolipuertos.gob.ve\/#website\"},\"primaryImageOfPage\":{\"@id\":\"https:\/\/www.bolipuertos.gob.ve\/?p=10936#primaryimage\"},\"datePublished\":\"2021-08-04T19:23:23+00:00\",\"dateModified\":\"2021-10-18T21:18:26+00:00\",\"description\":\"Bolipuertos S.A\",\"breadcrumb\":{\"@id\":\"https:\/\/www.bolipuertos.gob.ve\/?p=10936#breadcrumb\"},\"inLanguage\":\"es\",\"potentialAction\":[{\"@type\":\"ReadAction\",\"target\":[\"https:\/\/www.bolipuertos.gob.ve\/?p=10936\"]}]},{\"@type\":\"BreadcrumbList\",\"@id\":\"https:\/\/www.bolipuertos.gob.ve\/?p=10936#breadcrumb\",\"itemListElement\":[{\"@type\":\"ListItem\",\"position\":1,\"name\":\"Portada\",\"item\":\"https:\/\/www.bolipuertos.gob.ve\/\"},{\"@type\":\"ListItem\",\"position\":2,\"name\":\"Recuperadas zonas verdes en vialidad de Caricuao\"}]},{\"@type\":\"Article\",\"@id\":\"https:\/\/www.bolipuertos.gob.ve\/?p=10936#article\",\"isPartOf\":{\"@id\":\"https:\/\/www.bolipuertos.gob.ve\/?p=10936#webpage\"},\"author\":{\"@id\":\"https:\/\/www.bolipuertos.gob.ve\/#\/schema\/person\/8796d4479e23f2292068a5fb51ffb52d\"},\"headline\":\"Recuperadas zonas verdes en vialidad de Caricuao\",\"datePublished\":\"2021-08-04T19:23:23+00:00\",\"dateModified\":\"2021-10-18T21:18:26+00:00\",\"mainEntityOfPage\":{\"@id\":\"https:\/\/www.bolipuertos.gob.ve\/?p=10936#webpage\"},\"wordCount\":177,\"publisher\":{\"@id\":\"https:\/\/www.bolipuertos.gob.ve\/#organization\"},\"image\":{\"@id\":\"https:\/\/www.bolipuertos.gob.ve\/?p=10936#primaryimage\"},\"thumbnailUrl\":\"https:\/\/www.bolipuertos.gob.ve\/wp-content\/uploads\/2021\/08\/242Las-labores-comprenden-desmalezado-barrido-y-recoleccion-de-desechos-IMG00871-20100907-0933.jpg\",\"articleSection\":[\"Noticias Gobierno Bolivariano\"],\"inLanguage\":\"es\"},{\"@type\":\"Person\",\"@id\":\"https:\/\/www.bolipuertos.gob.ve\/#\/schema\/person\/8796d4479e23f2292068a5fb51ffb52d\",\"name\":\"Rosangela Rondon\",\"image\":{\"@type\":\"ImageObject\",\"@id\":\"https:\/\/www.bolipuertos.gob.ve\/#personlogo\",\"inLanguage\":\"es\",\"url\":\"https:\/\/secure.gravatar.com\/avatar\/133e5d36071061536993c8ae9500bb46?s=96&d=mm&r=g\",\"contentUrl\":\"https:\/\/secure.gravatar.com\/avatar\/133e5d36071061536993c8ae9500bb46?s=96&d=mm&r=g\",\"caption\":\"Rosangela Rondon\"},\"url\":\"https:\/\/www.bolipuertos.gob.ve\/?author=2\"}]}<\/script>\n<!-- \/ Yoast SEO plugin. -->","yoast_head_json":{"title":"Recuperadas zonas verdes en vialidad de Caricuao &middot; Bolipuertos S.A.","description":"Bolipuertos S.A","robots":{"index":"index","follow":"follow","max-snippet":"max-snippet:-1","max-image-preview":"max-image-preview:large","max-video-preview":"max-video-preview:-1"},"canonical":"https:\/\/www.bolipuertos.gob.ve\/?p=10936","og_locale":"es_ES","og_type":"article","og_title":"Recuperadas zonas verdes en vialidad de Caricuao &middot; Bolipuertos S.A.","og_description":"Bolipuertos S.A","og_url":"https:\/\/www.bolipuertos.gob.ve\/?p=10936","og_site_name":"Bolipuertos S.A.","article_publisher":"https:\/\/www.facebook.com\/bolipuertos.puertos","article_published_time":"2021-08-04T19:23:23+00:00","article_modified_time":"2021-10-18T21:18:26+00:00","og_image":[{"width":640,"height":480,"url":"https:\/\/www.bolipuertos.gob.ve\/wp-content\/uploads\/2021\/08\/242Las-labores-comprenden-desmalezado-barrido-y-recoleccion-de-desechos-IMG00871-20100907-0933.jpg","type":"image\/jpeg"}],"twitter_card":"summary_large_image","twitter_misc":{"Escrito por":"Rosangela Rondon","Tiempo de lectura":"1 minuto"},"schema":{"@context":"https:\/\/schema.org","@graph":[{"@type":"Organization","@id":"https:\/\/www.bolipuertos.gob.ve\/#organization","name":"bolipuertos","url":"https:\/\/www.bolipuertos.gob.ve\/","sameAs":["https:\/\/www.facebook.com\/bolipuertos.puertos","https:\/\/www.instagram.com\/bolipuertosgob\/","https:\/\/www.youtube.com\/channel\/UCSev7gH4fp-5HWWOjZANLoQ"],"logo":{"@type":"ImageObject","@id":"https:\/\/www.bolipuertos.gob.ve\/#logo","inLanguage":"es","url":"https:\/\/www.bolipuertos.gob.ve\/wp-content\/uploads\/2021\/10\/logo_bolipuertos.png","contentUrl":"https:\/\/www.bolipuertos.gob.ve\/wp-content\/uploads\/2021\/10\/logo_bolipuertos.png","width":220,"height":150,"caption":"bolipuertos"},"image":{"@id":"https:\/\/www.bolipuertos.gob.ve\/#logo"}},{"@type":"WebSite","@id":"https:\/\/www.bolipuertos.gob.ve\/#website","url":"https:\/\/www.bolipuertos.gob.ve\/","name":"Bolipuertos S.A.","description":"Bolipuertos S.A.","publisher":{"@id":"https:\/\/www.bolipuertos.gob.ve\/#organization"},"potentialAction":[{"@type":"SearchAction","target":{"@type":"EntryPoint","urlTemplate":"https:\/\/www.bolipuertos.gob.ve\/?s={search_term_string}"},"query-input":"required name=search_term_string"}],"inLanguage":"es"},{"@type":"ImageObject","@id":"https:\/\/www.bolipuertos.gob.ve\/?p=10936#primaryimage","inLanguage":"es","url":"https:\/\/www.bolipuertos.gob.ve\/wp-content\/uploads\/2021\/08\/242Las-labores-comprenden-desmalezado-barrido-y-recoleccion-de-desechos-IMG00871-20100907-0933.jpg","contentUrl":"https:\/\/www.bolipuertos.gob.ve\/wp-content\/uploads\/2021\/08\/242Las-labores-comprenden-desmalezado-barrido-y-recoleccion-de-desechos-IMG00871-20100907-0933.jpg","width":640,"height":480},{"@type":"WebPage","@id":"https:\/\/www.bolipuertos.gob.ve\/?p=10936#webpage","url":"https:\/\/www.bolipuertos.gob.ve\/?p=10936","name":"Recuperadas zonas verdes en vialidad de Caricuao &middot; Bolipuertos S.A.","isPartOf":{"@id":"https:\/\/www.bolipuertos.gob.ve\/#website"},"primaryImageOfPage":{"@id":"https:\/\/www.bolipuertos.gob.ve\/?p=10936#primaryimage"},"datePublished":"2021-08-04T19:23:23+00:00","dateModified":"2021-10-18T21:18:26+00:00","description":"Bolipuertos S.A","breadcrumb":{"@id":"https:\/\/www.bolipuertos.gob.ve\/?p=10936#breadcrumb"},"inLanguage":"es","potentialAction":[{"@type":"ReadAction","target":["https:\/\/www.bolipuertos.gob.ve\/?p=10936"]}]},{"@type":"BreadcrumbList","@id":"https:\/\/www.bolipuertos.gob.ve\/?p=10936#breadcrumb","itemListElement":[{"@type":"ListItem","position":1,"name":"Portada","item":"https:\/\/www.bolipuertos.gob.ve\/"},{"@type":"ListItem","position":2,"name":"Recuperadas zonas verdes en vialidad de Caricuao"}]},{"@type":"Article","@id":"https:\/\/www.bolipuertos.gob.ve\/?p=10936#article","isPartOf":{"@id":"https:\/\/www.bolipuertos.gob.ve\/?p=10936#webpage"},"author":{"@id":"https:\/\/www.bolipuertos.gob.ve\/#\/schema\/person\/8796d4479e23f2292068a5fb51ffb52d"},"headline":"Recuperadas zonas verdes en vialidad de Caricuao","datePublished":"2021-08-04T19:23:23+00:00","dateModified":"2021-10-18T21:18:26+00:00","mainEntityOfPage":{"@id":"https:\/\/www.bolipuertos.gob.ve\/?p=10936#webpage"},"wordCount":177,"publisher":{"@id":"https:\/\/www.bolipuertos.gob.ve\/#organization"},"image":{"@id":"https:\/\/www.bolipuertos.gob.ve\/?p=10936#primaryimage"},"thumbnailUrl":"https:\/\/www.bolipuertos.gob.ve\/wp-content\/uploads\/2021\/08\/242Las-labores-comprenden-desmalezado-barrido-y-recoleccion-de-desechos-IMG00871-20100907-0933.jpg","articleSection":["Noticias Gobierno Bolivariano"],"inLanguage":"es"},{"@type":"Person","@id":"https:\/\/www.bolipuertos.gob.ve\/#\/schema\/person\/8796d4479e23f2292068a5fb51ffb52d","name":"Rosangela Rondon","image":{"@type":"ImageObject","@id":"https:\/\/www.bolipuertos.gob.ve\/#personlogo","inLanguage":"es","url":"https:\/\/secure.gravatar.com\/avatar\/133e5d36071061536993c8ae9500bb46?s=96&d=mm&r=g","contentUrl":"https:\/\/secure.gravatar.com\/avatar\/133e5d36071061536993c8ae9500bb46?s=96&d=mm&r=g","caption":"Rosangela Rondon"},"url":"https:\/\/www.bolipuertos.gob.ve\/?author=2"}]}},"_links":{"self":[{"href":"https:\/\/www.bolipuertos.gob.ve\/index.php?rest_route=\/wp\/v2\/posts\/10936"}],"collection":[{"href":"https:\/\/www.bolipuertos.gob.ve\/index.php?rest_route=\/wp\/v2\/posts"}],"about":[{"href":"https:\/\/www.bolipuertos.gob.ve\/index.php?rest_route=\/wp\/v2\/types\/post"}],"author":[{"embeddable":true,"href":"https:\/\/www.bolipuertos.gob.ve\/index.php?rest_route=\/wp\/v2\/users\/2"}],"replies":[{"embeddable":true,"href":"https:\/\/www.bolipuertos.gob.ve\/index.php?rest_route=%2Fwp%2Fv2%2Fcomments&post=10936"}],"version-history":[{"count":10,"href":"https:\/\/www.bolipuertos.gob.ve\/index.php?rest_route=\/wp\/v2\/posts\/10936\/revisions"}],"predecessor-version":[{"id":18254,"href":"https:\/\/www.bolipuertos.gob.ve\/index.php?rest_route=\/wp\/v2\/posts\/10936\/revisions\/18254"}],"wp:featuredmedia":[{"embeddable":true,"href":"https:\/\/www.bolipuertos.gob.ve\/index.php?rest_route=\/wp\/v2\/media\/10938"}],"wp:attachment":[{"href":"https:\/\/www.bolipuertos.gob.ve\/index.php?rest_route=%2Fwp%2Fv2%2Fmedia&parent=10936"}],"wp:term":[{"taxonomy":"category","embeddable":true,"href":"https:\/\/www.bolipuertos.gob.ve\/index.php?rest_route=%2Fwp%2Fv2%2Fcategories&post=10936"},{"taxonomy":"post_tag","embeddable":true,"href":"https:\/\/www.bolipuertos.gob.ve\/index.php?rest_route=%2Fwp%2Fv2%2Ftags&post=10936"}],"curies":[{"name":"wp","href":"https:\/\/api.w.org\/{rel}","templated":true}]}}