{"id":11175,"date":"2021-08-06T13:32:30","date_gmt":"2021-08-06T13:32:30","guid":{"rendered":"http:\/\/10.50.10.52\/wordpress\/?p=11175"},"modified":"2021-10-18T16:50:33","modified_gmt":"2021-10-18T20:50:33","slug":"metro-de-caracas-mejora-espacios-publicos-en-san-agustin","status":"publish","type":"post","link":"https:\/\/www.bolipuertos.gob.ve\/?p=11175","title":{"rendered":"Metro de Caracas mejora espacios p\u00fablicos en San Agust\u00edn"},"content":{"rendered":"\t\t<div data-elementor-type=\"wp-post\" data-elementor-id=\"11175\" class=\"elementor elementor-11175\">\n\t\t\t\t\t\t\t\t\t<section class=\"elementor-section elementor-top-section elementor-element elementor-element-5c16a9b elementor-section-full_width elementor-section-stretched elementor-section-height-default elementor-section-height-default\" data-id=\"5c16a9b\" data-element_type=\"section\" data-settings=\"{&quot;stretch_section&quot;:&quot;section-stretched&quot;}\">\n\t\t\t\t\t\t<div class=\"elementor-container elementor-column-gap-default\">\n\t\t\t\t\t<div class=\"elementor-column elementor-col-100 elementor-top-column elementor-element elementor-element-90aac5c\" data-id=\"90aac5c\" data-element_type=\"column\">\n\t\t\t<div class=\"elementor-widget-wrap elementor-element-populated\">\n\t\t\t\t\t\t\t\t<div class=\"elementor-element elementor-element-3f93554 elementor-widget elementor-widget-text-editor\" data-id=\"3f93554\" data-element_type=\"widget\" data-widget_type=\"text-editor.default\">\n\t\t\t\t<div class=\"elementor-widget-container\">\n\t\t\t\t\t\t\t<p>Caracas, 27 de septiembre de 2010 (Prensa Cametro).- Representantes del Metro de Caracas, ente adscrito al Ministerio del Poder Popular para Transporte y Comunicaciones (MPPTC), entregaron mejoras realizadas en obras de infraestructura a miembros de la parroquia San Agust\u00edn, espec\u00edficamente de los sectores Carlos Guti\u00e9rrez, Urimare y la Avanzada Comunitaria, municipio Libertador, del Distrito Capital.<br \/>El presidente de la empresa, V\u00edctor Matute, inform\u00f3 que la inversi\u00f3n total alcanz\u00f3 los 464 mil bol\u00edvares fuertes, con los cuales se construyeron 30 metros de caminer\u00edas, un muro de 108 metros de longitud y 72 metros de barandas. <br \/>Adem\u00e1s, se moderniz\u00f3 el sistema de alumbrado, se rectificaron tanquillas de aguas servidas y se recuper\u00f3 la Casa Comunal del sector Urimare. <br \/>Greta Parra, vocera del consejo comunal Urimare, se\u00f1al\u00f3: \u201cestamos felices por la recuperaci\u00f3n de la Casa Comunal porque antes no la pod\u00edamos usar. Agradecemos al Metro por esta labor y por los materiales que hemos recibido\u201d. <br \/>Por su parte, Maglin Sol\u00f3rzano, del consejo comunal Carlos Guti\u00e9rrez, coment\u00f3: \u201cestamos muy agradecidos con el Metro de Caracas. Estos trabajos han sido posibles gracias a la inclusi\u00f3n de la comunidad en las obras\u201d.<br \/>Finalmente, Janeth Hern\u00e1ndez, representante del consejo comunal La Avanzada, calific\u00f3 como un logro de la comunidad la ejecuci\u00f3n de estas obras. \u201cLa construcci\u00f3n de estas caminer\u00edas nos beneficiar\u00e1n a todos los que vivimos en este sector\u201d.<br \/>Matute resalt\u00f3 la importancia de los aportes obligatorios de contratistas del Estado en materia de responsabilidad social, como el caso de Convida, empresa ejecutora de estas obras, para llevar a cabo proyectos destinados a mejorar la calidad de vida de las comunidades.<\/p><p>CAMETRO\/AC\/RC\/DI\/CG\/3<\/p>\t\t\t\t\t\t<\/div>\n\t\t\t\t<\/div>\n\t\t\t\t\t<\/div>\n\t\t<\/div>\n\t\t\t\t\t\t\t<\/div>\n\t\t<\/section>\n\t\t\t\t<section class=\"elementor-section elementor-top-section elementor-element elementor-element-73cb0a5 elementor-section-full_width elementor-section-height-default elementor-section-height-default\" data-id=\"73cb0a5\" data-element_type=\"section\">\n\t\t\t\t\t\t<div class=\"elementor-container elementor-column-gap-default\">\n\t\t\t\t\t<div class=\"elementor-column elementor-col-100 elementor-top-column elementor-element elementor-element-e88f24c\" data-id=\"e88f24c\" data-element_type=\"column\">\n\t\t\t<div class=\"elementor-widget-wrap elementor-element-populated\">\n\t\t\t\t\t\t\t\t<div class=\"elementor-element elementor-element-3f21d37 elementor-widget elementor-widget-image-gallery\" data-id=\"3f21d37\" data-element_type=\"widget\" data-widget_type=\"image-gallery.default\">\n\t\t\t\t<div class=\"elementor-widget-container\">\n\t\t\t\t\t<div class=\"elementor-image-gallery\">\n\t\t\t<div id='gallery-1' class='gallery galleryid-11175 gallery-columns-5 gallery-size-medium'><figure class='gallery-item'>\n\t\t\t<div class='gallery-icon landscape'>\n\t\t\t\t<a data-elementor-open-lightbox=\"yes\" data-elementor-lightbox-slideshow=\"3f21d37\" data-elementor-lightbox-title=\"293GretaParra\" data-e-action-hash=\"#elementor-action%3Aaction%3Dlightbox%26settings%3DeyJpZCI6MTExNzYsInVybCI6Imh0dHBzOlwvXC93d3cuYm9saXB1ZXJ0b3MuZ29iLnZlXC93cC1jb250ZW50XC91cGxvYWRzXC8yMDIxXC8wOFwvMjkzR3JldGFQYXJyYS5qcGciLCJzbGlkZXNob3ciOiIzZjIxZDM3In0%3D\" href='https:\/\/www.bolipuertos.gob.ve\/wp-content\/uploads\/2021\/08\/293GretaParra.jpg'><img width=\"300\" height=\"225\" src=\"https:\/\/www.bolipuertos.gob.ve\/wp-content\/uploads\/2021\/08\/293GretaParra-300x225.jpg\" class=\"attachment-medium size-medium\" alt=\"\" loading=\"lazy\" srcset=\"https:\/\/www.bolipuertos.gob.ve\/wp-content\/uploads\/2021\/08\/293GretaParra-300x225.jpg 300w, https:\/\/www.bolipuertos.gob.ve\/wp-content\/uploads\/2021\/08\/293GretaParra-230x173.jpg 230w, https:\/\/www.bolipuertos.gob.ve\/wp-content\/uploads\/2021\/08\/293GretaParra-350x263.jpg 350w, https:\/\/www.bolipuertos.gob.ve\/wp-content\/uploads\/2021\/08\/293GretaParra-480x360.jpg 480w, https:\/\/www.bolipuertos.gob.ve\/wp-content\/uploads\/2021\/08\/293GretaParra.jpg 640w\" sizes=\"(max-width: 300px) 100vw, 300px\" \/><\/a>\n\t\t\t<\/div><\/figure><figure class='gallery-item'>\n\t\t\t<div class='gallery-icon landscape'>\n\t\t\t\t<a data-elementor-open-lightbox=\"yes\" data-elementor-lightbox-slideshow=\"3f21d37\" data-elementor-lightbox-title=\"293IngMatute\" data-e-action-hash=\"#elementor-action%3Aaction%3Dlightbox%26settings%3DeyJpZCI6MTExNzcsInVybCI6Imh0dHBzOlwvXC93d3cuYm9saXB1ZXJ0b3MuZ29iLnZlXC93cC1jb250ZW50XC91cGxvYWRzXC8yMDIxXC8wOFwvMjkzSW5nTWF0dXRlLmpwZyIsInNsaWRlc2hvdyI6IjNmMjFkMzcifQ%3D%3D\" href='https:\/\/www.bolipuertos.gob.ve\/wp-content\/uploads\/2021\/08\/293IngMatute.jpg'><img width=\"300\" height=\"225\" src=\"https:\/\/www.bolipuertos.gob.ve\/wp-content\/uploads\/2021\/08\/293IngMatute-300x225.jpg\" class=\"attachment-medium size-medium\" alt=\"\" loading=\"lazy\" srcset=\"https:\/\/www.bolipuertos.gob.ve\/wp-content\/uploads\/2021\/08\/293IngMatute-300x225.jpg 300w, https:\/\/www.bolipuertos.gob.ve\/wp-content\/uploads\/2021\/08\/293IngMatute-230x173.jpg 230w, https:\/\/www.bolipuertos.gob.ve\/wp-content\/uploads\/2021\/08\/293IngMatute-350x263.jpg 350w, https:\/\/www.bolipuertos.gob.ve\/wp-content\/uploads\/2021\/08\/293IngMatute-480x360.jpg 480w, https:\/\/www.bolipuertos.gob.ve\/wp-content\/uploads\/2021\/08\/293IngMatute.jpg 640w\" sizes=\"(max-width: 300px) 100vw, 300px\" \/><\/a>\n\t\t\t<\/div><\/figure><figure class='gallery-item'>\n\t\t\t<div class='gallery-icon landscape'>\n\t\t\t\t<a data-elementor-open-lightbox=\"yes\" data-elementor-lightbox-slideshow=\"3f21d37\" data-elementor-lightbox-title=\"293Janeth\" data-e-action-hash=\"#elementor-action%3Aaction%3Dlightbox%26settings%3DeyJpZCI6MTExNzgsInVybCI6Imh0dHBzOlwvXC93d3cuYm9saXB1ZXJ0b3MuZ29iLnZlXC93cC1jb250ZW50XC91cGxvYWRzXC8yMDIxXC8wOFwvMjkzSmFuZXRoLmpwZyIsInNsaWRlc2hvdyI6IjNmMjFkMzcifQ%3D%3D\" href='https:\/\/www.bolipuertos.gob.ve\/wp-content\/uploads\/2021\/08\/293Janeth.jpg'><img width=\"300\" height=\"225\" src=\"https:\/\/www.bolipuertos.gob.ve\/wp-content\/uploads\/2021\/08\/293Janeth-300x225.jpg\" class=\"attachment-medium size-medium\" alt=\"\" loading=\"lazy\" srcset=\"https:\/\/www.bolipuertos.gob.ve\/wp-content\/uploads\/2021\/08\/293Janeth-300x225.jpg 300w, https:\/\/www.bolipuertos.gob.ve\/wp-content\/uploads\/2021\/08\/293Janeth-230x173.jpg 230w, https:\/\/www.bolipuertos.gob.ve\/wp-content\/uploads\/2021\/08\/293Janeth-350x263.jpg 350w, https:\/\/www.bolipuertos.gob.ve\/wp-content\/uploads\/2021\/08\/293Janeth-480x360.jpg 480w, https:\/\/www.bolipuertos.gob.ve\/wp-content\/uploads\/2021\/08\/293Janeth.jpg 640w\" sizes=\"(max-width: 300px) 100vw, 300px\" \/><\/a>\n\t\t\t<\/div><\/figure><figure class='gallery-item'>\n\t\t\t<div class='gallery-icon landscape'>\n\t\t\t\t<a data-elementor-open-lightbox=\"yes\" data-elementor-lightbox-slideshow=\"3f21d37\" data-elementor-lightbox-title=\"293Representante\" data-e-action-hash=\"#elementor-action%3Aaction%3Dlightbox%26settings%3DeyJpZCI6MTExODAsInVybCI6Imh0dHBzOlwvXC93d3cuYm9saXB1ZXJ0b3MuZ29iLnZlXC93cC1jb250ZW50XC91cGxvYWRzXC8yMDIxXC8wOFwvMjkzUmVwcmVzZW50YW50ZS5qcGciLCJzbGlkZXNob3ciOiIzZjIxZDM3In0%3D\" href='https:\/\/www.bolipuertos.gob.ve\/wp-content\/uploads\/2021\/08\/293Representante.jpg'><img width=\"300\" height=\"225\" src=\"https:\/\/www.bolipuertos.gob.ve\/wp-content\/uploads\/2021\/08\/293Representante-300x225.jpg\" class=\"attachment-medium size-medium\" alt=\"\" loading=\"lazy\" srcset=\"https:\/\/www.bolipuertos.gob.ve\/wp-content\/uploads\/2021\/08\/293Representante-300x225.jpg 300w, https:\/\/www.bolipuertos.gob.ve\/wp-content\/uploads\/2021\/08\/293Representante-230x173.jpg 230w, https:\/\/www.bolipuertos.gob.ve\/wp-content\/uploads\/2021\/08\/293Representante-350x263.jpg 350w, https:\/\/www.bolipuertos.gob.ve\/wp-content\/uploads\/2021\/08\/293Representante-480x360.jpg 480w, https:\/\/www.bolipuertos.gob.ve\/wp-content\/uploads\/2021\/08\/293Representante.jpg 640w\" sizes=\"(max-width: 300px) 100vw, 300px\" \/><\/a>\n\t\t\t<\/div><\/figure><figure class='gallery-item'>\n\t\t\t<div class='gallery-icon landscape'>\n\t\t\t\t<a data-elementor-open-lightbox=\"yes\" data-elementor-lightbox-slideshow=\"3f21d37\" data-elementor-lightbox-title=\"293Maglin\" data-e-action-hash=\"#elementor-action%3Aaction%3Dlightbox%26settings%3DeyJpZCI6MTExNzksInVybCI6Imh0dHBzOlwvXC93d3cuYm9saXB1ZXJ0b3MuZ29iLnZlXC93cC1jb250ZW50XC91cGxvYWRzXC8yMDIxXC8wOFwvMjkzTWFnbGluLmpwZyIsInNsaWRlc2hvdyI6IjNmMjFkMzcifQ%3D%3D\" href='https:\/\/www.bolipuertos.gob.ve\/wp-content\/uploads\/2021\/08\/293Maglin.jpg'><img width=\"300\" height=\"225\" src=\"https:\/\/www.bolipuertos.gob.ve\/wp-content\/uploads\/2021\/08\/293Maglin-300x225.jpg\" class=\"attachment-medium size-medium\" alt=\"\" loading=\"lazy\" srcset=\"https:\/\/www.bolipuertos.gob.ve\/wp-content\/uploads\/2021\/08\/293Maglin-300x225.jpg 300w, https:\/\/www.bolipuertos.gob.ve\/wp-content\/uploads\/2021\/08\/293Maglin-230x173.jpg 230w, https:\/\/www.bolipuertos.gob.ve\/wp-content\/uploads\/2021\/08\/293Maglin-350x263.jpg 350w, https:\/\/www.bolipuertos.gob.ve\/wp-content\/uploads\/2021\/08\/293Maglin-480x360.jpg 480w, https:\/\/www.bolipuertos.gob.ve\/wp-content\/uploads\/2021\/08\/293Maglin.jpg 640w\" sizes=\"(max-width: 300px) 100vw, 300px\" \/><\/a>\n\t\t\t<\/div><\/figure>\n\t\t<\/div>\n\t\t<\/div>\n\t\t\t\t<\/div>\n\t\t\t\t<\/div>\n\t\t\t\t\t<\/div>\n\t\t<\/div>\n\t\t\t\t\t\t\t<\/div>\n\t\t<\/section>\n\t\t\t\t\t\t\t<\/div>\n\t\t","protected":false},"excerpt":{"rendered":"<p>Caracas, 27 de septiembre de 2010 (Prensa Cametro).- Representantes del Metro de Caracas, ente adscrito al Ministerio del Poder Popular para Transporte [&hellip;]<\/p>\n","protected":false},"author":2,"featured_media":11180,"comment_status":"closed","ping_status":"closed","sticky":false,"template":"","format":"standard","meta":[],"categories":[4],"tags":[],"yoast_head":"<!-- This site is optimized with the Yoast SEO plugin v17.6 - https:\/\/yoast.com\/wordpress\/plugins\/seo\/ -->\n<title>Metro de Caracas mejora espacios p\u00fablicos en San Agust\u00edn &middot; Bolipuertos S.A.<\/title>\n<meta name=\"description\" content=\"Bolipuertos S.A\" \/>\n<meta name=\"robots\" content=\"index, follow, max-snippet:-1, max-image-preview:large, max-video-preview:-1\" \/>\n<link rel=\"canonical\" href=\"https:\/\/www.bolipuertos.gob.ve\/?p=11175\" \/>\n<meta property=\"og:locale\" content=\"es_ES\" \/>\n<meta property=\"og:type\" content=\"article\" \/>\n<meta property=\"og:title\" content=\"Metro de Caracas mejora espacios p\u00fablicos en San Agust\u00edn &middot; Bolipuertos S.A.\" \/>\n<meta property=\"og:description\" content=\"Bolipuertos S.A\" \/>\n<meta property=\"og:url\" content=\"https:\/\/www.bolipuertos.gob.ve\/?p=11175\" \/>\n<meta property=\"og:site_name\" content=\"Bolipuertos S.A.\" \/>\n<meta property=\"article:publisher\" content=\"https:\/\/www.facebook.com\/bolipuertos.puertos\" \/>\n<meta property=\"article:published_time\" content=\"2021-08-06T13:32:30+00:00\" \/>\n<meta property=\"article:modified_time\" content=\"2021-10-18T20:50:33+00:00\" \/>\n<meta property=\"og:image\" content=\"https:\/\/www.bolipuertos.gob.ve\/wp-content\/uploads\/2021\/08\/293Representante.jpg\" \/>\n\t<meta property=\"og:image:width\" content=\"640\" \/>\n\t<meta property=\"og:image:height\" content=\"480\" \/>\n<meta name=\"twitter:card\" content=\"summary_large_image\" \/>\n<meta name=\"twitter:label1\" content=\"Escrito por\" \/>\n\t<meta name=\"twitter:data1\" content=\"Rosangela Rondon\" \/>\n\t<meta name=\"twitter:label2\" content=\"Tiempo de lectura\" \/>\n\t<meta name=\"twitter:data2\" content=\"1 minuto\" \/>\n<script type=\"application\/ld+json\" class=\"yoast-schema-graph\">{\"@context\":\"https:\/\/schema.org\",\"@graph\":[{\"@type\":\"Organization\",\"@id\":\"https:\/\/www.bolipuertos.gob.ve\/#organization\",\"name\":\"bolipuertos\",\"url\":\"https:\/\/www.bolipuertos.gob.ve\/\",\"sameAs\":[\"https:\/\/www.facebook.com\/bolipuertos.puertos\",\"https:\/\/www.instagram.com\/bolipuertosgob\/\",\"https:\/\/www.youtube.com\/channel\/UCSev7gH4fp-5HWWOjZANLoQ\"],\"logo\":{\"@type\":\"ImageObject\",\"@id\":\"https:\/\/www.bolipuertos.gob.ve\/#logo\",\"inLanguage\":\"es\",\"url\":\"https:\/\/www.bolipuertos.gob.ve\/wp-content\/uploads\/2021\/10\/logo_bolipuertos.png\",\"contentUrl\":\"https:\/\/www.bolipuertos.gob.ve\/wp-content\/uploads\/2021\/10\/logo_bolipuertos.png\",\"width\":220,\"height\":150,\"caption\":\"bolipuertos\"},\"image\":{\"@id\":\"https:\/\/www.bolipuertos.gob.ve\/#logo\"}},{\"@type\":\"WebSite\",\"@id\":\"https:\/\/www.bolipuertos.gob.ve\/#website\",\"url\":\"https:\/\/www.bolipuertos.gob.ve\/\",\"name\":\"Bolipuertos S.A.\",\"description\":\"Bolipuertos S.A.\",\"publisher\":{\"@id\":\"https:\/\/www.bolipuertos.gob.ve\/#organization\"},\"potentialAction\":[{\"@type\":\"SearchAction\",\"target\":{\"@type\":\"EntryPoint\",\"urlTemplate\":\"https:\/\/www.bolipuertos.gob.ve\/?s={search_term_string}\"},\"query-input\":\"required name=search_term_string\"}],\"inLanguage\":\"es\"},{\"@type\":\"ImageObject\",\"@id\":\"https:\/\/www.bolipuertos.gob.ve\/?p=11175#primaryimage\",\"inLanguage\":\"es\",\"url\":\"https:\/\/www.bolipuertos.gob.ve\/wp-content\/uploads\/2021\/08\/293Representante.jpg\",\"contentUrl\":\"https:\/\/www.bolipuertos.gob.ve\/wp-content\/uploads\/2021\/08\/293Representante.jpg\",\"width\":640,\"height\":480},{\"@type\":\"WebPage\",\"@id\":\"https:\/\/www.bolipuertos.gob.ve\/?p=11175#webpage\",\"url\":\"https:\/\/www.bolipuertos.gob.ve\/?p=11175\",\"name\":\"Metro de Caracas mejora espacios p\\u00fablicos en San Agust\\u00edn &middot; Bolipuertos S.A.\",\"isPartOf\":{\"@id\":\"https:\/\/www.bolipuertos.gob.ve\/#website\"},\"primaryImageOfPage\":{\"@id\":\"https:\/\/www.bolipuertos.gob.ve\/?p=11175#primaryimage\"},\"datePublished\":\"2021-08-06T13:32:30+00:00\",\"dateModified\":\"2021-10-18T20:50:33+00:00\",\"description\":\"Bolipuertos S.A\",\"breadcrumb\":{\"@id\":\"https:\/\/www.bolipuertos.gob.ve\/?p=11175#breadcrumb\"},\"inLanguage\":\"es\",\"potentialAction\":[{\"@type\":\"ReadAction\",\"target\":[\"https:\/\/www.bolipuertos.gob.ve\/?p=11175\"]}]},{\"@type\":\"BreadcrumbList\",\"@id\":\"https:\/\/www.bolipuertos.gob.ve\/?p=11175#breadcrumb\",\"itemListElement\":[{\"@type\":\"ListItem\",\"position\":1,\"name\":\"Portada\",\"item\":\"https:\/\/www.bolipuertos.gob.ve\/\"},{\"@type\":\"ListItem\",\"position\":2,\"name\":\"Metro de Caracas mejora espacios p\\u00fablicos en San Agust\\u00edn\"}]},{\"@type\":\"Article\",\"@id\":\"https:\/\/www.bolipuertos.gob.ve\/?p=11175#article\",\"isPartOf\":{\"@id\":\"https:\/\/www.bolipuertos.gob.ve\/?p=11175#webpage\"},\"author\":{\"@id\":\"https:\/\/www.bolipuertos.gob.ve\/#\/schema\/person\/8796d4479e23f2292068a5fb51ffb52d\"},\"headline\":\"Metro de Caracas mejora espacios p\\u00fablicos en San Agust\\u00edn\",\"datePublished\":\"2021-08-06T13:32:30+00:00\",\"dateModified\":\"2021-10-18T20:50:33+00:00\",\"mainEntityOfPage\":{\"@id\":\"https:\/\/www.bolipuertos.gob.ve\/?p=11175#webpage\"},\"wordCount\":294,\"publisher\":{\"@id\":\"https:\/\/www.bolipuertos.gob.ve\/#organization\"},\"image\":{\"@id\":\"https:\/\/www.bolipuertos.gob.ve\/?p=11175#primaryimage\"},\"thumbnailUrl\":\"https:\/\/www.bolipuertos.gob.ve\/wp-content\/uploads\/2021\/08\/293Representante.jpg\",\"articleSection\":[\"Noticias Gobierno Bolivariano\"],\"inLanguage\":\"es\"},{\"@type\":\"Person\",\"@id\":\"https:\/\/www.bolipuertos.gob.ve\/#\/schema\/person\/8796d4479e23f2292068a5fb51ffb52d\",\"name\":\"Rosangela Rondon\",\"image\":{\"@type\":\"ImageObject\",\"@id\":\"https:\/\/www.bolipuertos.gob.ve\/#personlogo\",\"inLanguage\":\"es\",\"url\":\"https:\/\/secure.gravatar.com\/avatar\/133e5d36071061536993c8ae9500bb46?s=96&d=mm&r=g\",\"contentUrl\":\"https:\/\/secure.gravatar.com\/avatar\/133e5d36071061536993c8ae9500bb46?s=96&d=mm&r=g\",\"caption\":\"Rosangela Rondon\"},\"url\":\"https:\/\/www.bolipuertos.gob.ve\/?author=2\"}]}<\/script>\n<!-- \/ Yoast SEO plugin. -->","yoast_head_json":{"title":"Metro de Caracas mejora espacios p\u00fablicos en San Agust\u00edn &middot; Bolipuertos S.A.","description":"Bolipuertos S.A","robots":{"index":"index","follow":"follow","max-snippet":"max-snippet:-1","max-image-preview":"max-image-preview:large","max-video-preview":"max-video-preview:-1"},"canonical":"https:\/\/www.bolipuertos.gob.ve\/?p=11175","og_locale":"es_ES","og_type":"article","og_title":"Metro de Caracas mejora espacios p\u00fablicos en San Agust\u00edn &middot; Bolipuertos S.A.","og_description":"Bolipuertos S.A","og_url":"https:\/\/www.bolipuertos.gob.ve\/?p=11175","og_site_name":"Bolipuertos S.A.","article_publisher":"https:\/\/www.facebook.com\/bolipuertos.puertos","article_published_time":"2021-08-06T13:32:30+00:00","article_modified_time":"2021-10-18T20:50:33+00:00","og_image":[{"width":640,"height":480,"url":"https:\/\/www.bolipuertos.gob.ve\/wp-content\/uploads\/2021\/08\/293Representante.jpg","type":"image\/jpeg"}],"twitter_card":"summary_large_image","twitter_misc":{"Escrito por":"Rosangela Rondon","Tiempo de lectura":"1 minuto"},"schema":{"@context":"https:\/\/schema.org","@graph":[{"@type":"Organization","@id":"https:\/\/www.bolipuertos.gob.ve\/#organization","name":"bolipuertos","url":"https:\/\/www.bolipuertos.gob.ve\/","sameAs":["https:\/\/www.facebook.com\/bolipuertos.puertos","https:\/\/www.instagram.com\/bolipuertosgob\/","https:\/\/www.youtube.com\/channel\/UCSev7gH4fp-5HWWOjZANLoQ"],"logo":{"@type":"ImageObject","@id":"https:\/\/www.bolipuertos.gob.ve\/#logo","inLanguage":"es","url":"https:\/\/www.bolipuertos.gob.ve\/wp-content\/uploads\/2021\/10\/logo_bolipuertos.png","contentUrl":"https:\/\/www.bolipuertos.gob.ve\/wp-content\/uploads\/2021\/10\/logo_bolipuertos.png","width":220,"height":150,"caption":"bolipuertos"},"image":{"@id":"https:\/\/www.bolipuertos.gob.ve\/#logo"}},{"@type":"WebSite","@id":"https:\/\/www.bolipuertos.gob.ve\/#website","url":"https:\/\/www.bolipuertos.gob.ve\/","name":"Bolipuertos S.A.","description":"Bolipuertos S.A.","publisher":{"@id":"https:\/\/www.bolipuertos.gob.ve\/#organization"},"potentialAction":[{"@type":"SearchAction","target":{"@type":"EntryPoint","urlTemplate":"https:\/\/www.bolipuertos.gob.ve\/?s={search_term_string}"},"query-input":"required name=search_term_string"}],"inLanguage":"es"},{"@type":"ImageObject","@id":"https:\/\/www.bolipuertos.gob.ve\/?p=11175#primaryimage","inLanguage":"es","url":"https:\/\/www.bolipuertos.gob.ve\/wp-content\/uploads\/2021\/08\/293Representante.jpg","contentUrl":"https:\/\/www.bolipuertos.gob.ve\/wp-content\/uploads\/2021\/08\/293Representante.jpg","width":640,"height":480},{"@type":"WebPage","@id":"https:\/\/www.bolipuertos.gob.ve\/?p=11175#webpage","url":"https:\/\/www.bolipuertos.gob.ve\/?p=11175","name":"Metro de Caracas mejora espacios p\u00fablicos en San Agust\u00edn &middot; Bolipuertos S.A.","isPartOf":{"@id":"https:\/\/www.bolipuertos.gob.ve\/#website"},"primaryImageOfPage":{"@id":"https:\/\/www.bolipuertos.gob.ve\/?p=11175#primaryimage"},"datePublished":"2021-08-06T13:32:30+00:00","dateModified":"2021-10-18T20:50:33+00:00","description":"Bolipuertos S.A","breadcrumb":{"@id":"https:\/\/www.bolipuertos.gob.ve\/?p=11175#breadcrumb"},"inLanguage":"es","potentialAction":[{"@type":"ReadAction","target":["https:\/\/www.bolipuertos.gob.ve\/?p=11175"]}]},{"@type":"BreadcrumbList","@id":"https:\/\/www.bolipuertos.gob.ve\/?p=11175#breadcrumb","itemListElement":[{"@type":"ListItem","position":1,"name":"Portada","item":"https:\/\/www.bolipuertos.gob.ve\/"},{"@type":"ListItem","position":2,"name":"Metro de Caracas mejora espacios p\u00fablicos en San Agust\u00edn"}]},{"@type":"Article","@id":"https:\/\/www.bolipuertos.gob.ve\/?p=11175#article","isPartOf":{"@id":"https:\/\/www.bolipuertos.gob.ve\/?p=11175#webpage"},"author":{"@id":"https:\/\/www.bolipuertos.gob.ve\/#\/schema\/person\/8796d4479e23f2292068a5fb51ffb52d"},"headline":"Metro de Caracas mejora espacios p\u00fablicos en San Agust\u00edn","datePublished":"2021-08-06T13:32:30+00:00","dateModified":"2021-10-18T20:50:33+00:00","mainEntityOfPage":{"@id":"https:\/\/www.bolipuertos.gob.ve\/?p=11175#webpage"},"wordCount":294,"publisher":{"@id":"https:\/\/www.bolipuertos.gob.ve\/#organization"},"image":{"@id":"https:\/\/www.bolipuertos.gob.ve\/?p=11175#primaryimage"},"thumbnailUrl":"https:\/\/www.bolipuertos.gob.ve\/wp-content\/uploads\/2021\/08\/293Representante.jpg","articleSection":["Noticias Gobierno Bolivariano"],"inLanguage":"es"},{"@type":"Person","@id":"https:\/\/www.bolipuertos.gob.ve\/#\/schema\/person\/8796d4479e23f2292068a5fb51ffb52d","name":"Rosangela Rondon","image":{"@type":"ImageObject","@id":"https:\/\/www.bolipuertos.gob.ve\/#personlogo","inLanguage":"es","url":"https:\/\/secure.gravatar.com\/avatar\/133e5d36071061536993c8ae9500bb46?s=96&d=mm&r=g","contentUrl":"https:\/\/secure.gravatar.com\/avatar\/133e5d36071061536993c8ae9500bb46?s=96&d=mm&r=g","caption":"Rosangela Rondon"},"url":"https:\/\/www.bolipuertos.gob.ve\/?author=2"}]}},"_links":{"self":[{"href":"https:\/\/www.bolipuertos.gob.ve\/index.php?rest_route=\/wp\/v2\/posts\/11175"}],"collection":[{"href":"https:\/\/www.bolipuertos.gob.ve\/index.php?rest_route=\/wp\/v2\/posts"}],"about":[{"href":"https:\/\/www.bolipuertos.gob.ve\/index.php?rest_route=\/wp\/v2\/types\/post"}],"author":[{"embeddable":true,"href":"https:\/\/www.bolipuertos.gob.ve\/index.php?rest_route=\/wp\/v2\/users\/2"}],"replies":[{"embeddable":true,"href":"https:\/\/www.bolipuertos.gob.ve\/index.php?rest_route=%2Fwp%2Fv2%2Fcomments&post=11175"}],"version-history":[{"count":13,"href":"https:\/\/www.bolipuertos.gob.ve\/index.php?rest_route=\/wp\/v2\/posts\/11175\/revisions"}],"predecessor-version":[{"id":18167,"href":"https:\/\/www.bolipuertos.gob.ve\/index.php?rest_route=\/wp\/v2\/posts\/11175\/revisions\/18167"}],"wp:featuredmedia":[{"embeddable":true,"href":"https:\/\/www.bolipuertos.gob.ve\/index.php?rest_route=\/wp\/v2\/media\/11180"}],"wp:attachment":[{"href":"https:\/\/www.bolipuertos.gob.ve\/index.php?rest_route=%2Fwp%2Fv2%2Fmedia&parent=11175"}],"wp:term":[{"taxonomy":"category","embeddable":true,"href":"https:\/\/www.bolipuertos.gob.ve\/index.php?rest_route=%2Fwp%2Fv2%2Fcategories&post=11175"},{"taxonomy":"post_tag","embeddable":true,"href":"https:\/\/www.bolipuertos.gob.ve\/index.php?rest_route=%2Fwp%2Fv2%2Ftags&post=11175"}],"curies":[{"name":"wp","href":"https:\/\/api.w.org\/{rel}","templated":true}]}}