{"id":19391,"date":"2021-11-17T08:17:00","date_gmt":"2021-11-17T12:17:00","guid":{"rendered":"https:\/\/www.bolipuertos.gob.ve\/?p=19391"},"modified":"2021-11-22T08:19:57","modified_gmt":"2021-11-22T12:19:57","slug":"presidente-maduro-venezuela-dara-una-leccion-de-paz-este-domingo","status":"publish","type":"post","link":"https:\/\/www.bolipuertos.gob.ve\/?p=19391","title":{"rendered":"Presidente Maduro: Venezuela dar\u00e1 una lecci\u00f3n de paz este domingo"},"content":{"rendered":"\t\t<div data-elementor-type=\"wp-post\" data-elementor-id=\"19391\" class=\"elementor elementor-19391\">\n\t\t\t\t\t\t\t\t\t<section class=\"elementor-section elementor-top-section elementor-element elementor-element-4f9b14d elementor-section-stretched elementor-section-boxed elementor-section-height-default elementor-section-height-default\" data-id=\"4f9b14d\" data-element_type=\"section\" data-settings=\"{&quot;stretch_section&quot;:&quot;section-stretched&quot;}\">\n\t\t\t\t\t\t<div class=\"elementor-container elementor-column-gap-default\">\n\t\t\t\t\t<div class=\"elementor-column elementor-col-100 elementor-top-column elementor-element elementor-element-d916df0\" data-id=\"d916df0\" data-element_type=\"column\">\n\t\t\t<div class=\"elementor-widget-wrap elementor-element-populated\">\n\t\t\t\t\t\t\t\t<div class=\"elementor-element elementor-element-d2d1be8 elementor-widget elementor-widget-text-editor\" data-id=\"d2d1be8\" data-element_type=\"widget\" data-widget_type=\"text-editor.default\">\n\t\t\t\t<div class=\"elementor-widget-container\">\n\t\t\t\t\t\t\t<p><strong>El presidente de Venezuela, Nicol\u00e1s Maduro, hizo un llamado a todo el pa\u00eds a participar en las\u00a0megaelecciones\u00a0de este pr\u00f3ximo domingo 21 de noviembre, y \u201cvotar por el progreso, la prosperidad y la mejora verdadera\u201d.<\/strong><\/p><p>En una jornada de trabajo de ofensiva social y territorial en el Fuerte Tiuna, el mandatario asegur\u00f3 que Venezuela le dar\u00e1 \u201cuna lecci\u00f3n al mundo de que\u00a0<strong>est\u00e1 en paz, va para adelante y se recupera<\/strong>\u201d.<\/p><p>En ese sentido, afirm\u00f3 que ejercer el derecho al voto servir\u00e1 para fortalecer la\u00a0<strong>reunificaci\u00f3n de los venezolanos<\/strong>, as\u00ed como para la\u00a0<strong>garant\u00eda de la paz y la democracia<\/strong>.<\/p><p>Unas horas m\u00e1s temprano, el presidente del Consejo Nacional Electoral (CNE), Pedro Calzadilla, inform\u00f3 que se ha recibido un\u00a0<strong>90%<\/strong>\u00a0del material electoral que se usar\u00e1 este 21 de noviembre.<\/p><p>Calzadilla se\u00f1al\u00f3 que esta fiesta electoral tendr\u00e1 cerca de\u00a0<strong>300 acompa\u00f1antes internacionales<\/strong>, lo que evidencia la robustez del sistema electoral venezolano.<\/p><p>Este pr\u00f3ximo domingo 21 de noviembre ser\u00e1n electos los\u00a0<strong>23 gobernadores<\/strong>,<strong>\u00a0335 alcaldes<\/strong>,\u00a0<strong>253 legisladores<\/strong>\u00a0y\u00a0<strong>2<\/strong>\u00a0<strong>mil 471 concejales<\/strong>\u00a0de todo el territorio nacional.<\/p><p><strong>Fuente: YVKE Mundial<\/strong><\/p>\t\t\t\t\t\t<\/div>\n\t\t\t\t<\/div>\n\t\t\t\t\t<\/div>\n\t\t<\/div>\n\t\t\t\t\t\t\t<\/div>\n\t\t<\/section>\n\t\t\t\t\t\t\t<\/div>\n\t\t","protected":false},"excerpt":{"rendered":"<p>El presidente de Venezuela, Nicol\u00e1s Maduro, hizo un llamado a todo el pa\u00eds a participar en las\u00a0megaelecciones\u00a0de este pr\u00f3ximo domingo 21 de [&hellip;]<\/p>\n","protected":false},"author":9,"featured_media":19392,"comment_status":"closed","ping_status":"closed","sticky":false,"template":"","format":"standard","meta":[],"categories":[4],"tags":[],"yoast_head":"<!-- This site is optimized with the Yoast SEO plugin v17.6 - https:\/\/yoast.com\/wordpress\/plugins\/seo\/ -->\n<title>Presidente Maduro: Venezuela dar\u00e1 una lecci\u00f3n de paz este domingo &middot; Bolipuertos S.A.<\/title>\n<meta name=\"description\" content=\"Bolipuertos S.A\" \/>\n<meta name=\"robots\" content=\"index, follow, max-snippet:-1, max-image-preview:large, max-video-preview:-1\" \/>\n<link rel=\"canonical\" href=\"https:\/\/www.bolipuertos.gob.ve\/?p=19391\" \/>\n<meta property=\"og:locale\" content=\"es_ES\" \/>\n<meta property=\"og:type\" content=\"article\" \/>\n<meta property=\"og:title\" content=\"Presidente Maduro: Venezuela dar\u00e1 una lecci\u00f3n de paz este domingo &middot; Bolipuertos S.A.\" \/>\n<meta property=\"og:description\" content=\"Bolipuertos S.A\" \/>\n<meta property=\"og:url\" content=\"https:\/\/www.bolipuertos.gob.ve\/?p=19391\" \/>\n<meta property=\"og:site_name\" content=\"Bolipuertos S.A.\" \/>\n<meta property=\"article:publisher\" content=\"https:\/\/www.facebook.com\/bolipuertos.puertos\" \/>\n<meta property=\"article:published_time\" content=\"2021-11-17T12:17:00+00:00\" \/>\n<meta property=\"article:modified_time\" content=\"2021-11-22T12:19:57+00:00\" \/>\n<meta property=\"og:image\" content=\"https:\/\/www.bolipuertos.gob.ve\/wp-content\/uploads\/2021\/11\/Elecciones-Nicolas-Maduro-780x470-1.jpg\" \/>\n\t<meta property=\"og:image:width\" content=\"780\" \/>\n\t<meta property=\"og:image:height\" content=\"470\" \/>\n<meta name=\"twitter:card\" content=\"summary_large_image\" \/>\n<meta name=\"twitter:label1\" content=\"Escrito por\" \/>\n\t<meta name=\"twitter:data1\" content=\"KEILA SANDIA\" \/>\n\t<meta name=\"twitter:label2\" content=\"Tiempo de lectura\" \/>\n\t<meta name=\"twitter:data2\" content=\"1 minuto\" \/>\n<script type=\"application\/ld+json\" class=\"yoast-schema-graph\">{\"@context\":\"https:\/\/schema.org\",\"@graph\":[{\"@type\":\"Organization\",\"@id\":\"https:\/\/www.bolipuertos.gob.ve\/#organization\",\"name\":\"bolipuertos\",\"url\":\"https:\/\/www.bolipuertos.gob.ve\/\",\"sameAs\":[\"https:\/\/www.facebook.com\/bolipuertos.puertos\",\"https:\/\/www.instagram.com\/bolipuertosgob\/\",\"https:\/\/www.youtube.com\/channel\/UCSev7gH4fp-5HWWOjZANLoQ\"],\"logo\":{\"@type\":\"ImageObject\",\"@id\":\"https:\/\/www.bolipuertos.gob.ve\/#logo\",\"inLanguage\":\"es\",\"url\":\"https:\/\/www.bolipuertos.gob.ve\/wp-content\/uploads\/2021\/10\/logo_bolipuertos.png\",\"contentUrl\":\"https:\/\/www.bolipuertos.gob.ve\/wp-content\/uploads\/2021\/10\/logo_bolipuertos.png\",\"width\":220,\"height\":150,\"caption\":\"bolipuertos\"},\"image\":{\"@id\":\"https:\/\/www.bolipuertos.gob.ve\/#logo\"}},{\"@type\":\"WebSite\",\"@id\":\"https:\/\/www.bolipuertos.gob.ve\/#website\",\"url\":\"https:\/\/www.bolipuertos.gob.ve\/\",\"name\":\"Bolipuertos S.A.\",\"description\":\"Bolipuertos S.A.\",\"publisher\":{\"@id\":\"https:\/\/www.bolipuertos.gob.ve\/#organization\"},\"potentialAction\":[{\"@type\":\"SearchAction\",\"target\":{\"@type\":\"EntryPoint\",\"urlTemplate\":\"https:\/\/www.bolipuertos.gob.ve\/?s={search_term_string}\"},\"query-input\":\"required name=search_term_string\"}],\"inLanguage\":\"es\"},{\"@type\":\"ImageObject\",\"@id\":\"https:\/\/www.bolipuertos.gob.ve\/?p=19391#primaryimage\",\"inLanguage\":\"es\",\"url\":\"https:\/\/www.bolipuertos.gob.ve\/wp-content\/uploads\/2021\/11\/Elecciones-Nicolas-Maduro-780x470-1.jpg\",\"contentUrl\":\"https:\/\/www.bolipuertos.gob.ve\/wp-content\/uploads\/2021\/11\/Elecciones-Nicolas-Maduro-780x470-1.jpg\",\"width\":780,\"height\":470},{\"@type\":\"WebPage\",\"@id\":\"https:\/\/www.bolipuertos.gob.ve\/?p=19391#webpage\",\"url\":\"https:\/\/www.bolipuertos.gob.ve\/?p=19391\",\"name\":\"Presidente Maduro: Venezuela dar\\u00e1 una lecci\\u00f3n de paz este domingo &middot; Bolipuertos S.A.\",\"isPartOf\":{\"@id\":\"https:\/\/www.bolipuertos.gob.ve\/#website\"},\"primaryImageOfPage\":{\"@id\":\"https:\/\/www.bolipuertos.gob.ve\/?p=19391#primaryimage\"},\"datePublished\":\"2021-11-17T12:17:00+00:00\",\"dateModified\":\"2021-11-22T12:19:57+00:00\",\"description\":\"Bolipuertos S.A\",\"breadcrumb\":{\"@id\":\"https:\/\/www.bolipuertos.gob.ve\/?p=19391#breadcrumb\"},\"inLanguage\":\"es\",\"potentialAction\":[{\"@type\":\"ReadAction\",\"target\":[\"https:\/\/www.bolipuertos.gob.ve\/?p=19391\"]}]},{\"@type\":\"BreadcrumbList\",\"@id\":\"https:\/\/www.bolipuertos.gob.ve\/?p=19391#breadcrumb\",\"itemListElement\":[{\"@type\":\"ListItem\",\"position\":1,\"name\":\"Portada\",\"item\":\"https:\/\/www.bolipuertos.gob.ve\/\"},{\"@type\":\"ListItem\",\"position\":2,\"name\":\"Presidente Maduro: Venezuela dar\\u00e1 una lecci\\u00f3n de paz este domingo\"}]},{\"@type\":\"Article\",\"@id\":\"https:\/\/www.bolipuertos.gob.ve\/?p=19391#article\",\"isPartOf\":{\"@id\":\"https:\/\/www.bolipuertos.gob.ve\/?p=19391#webpage\"},\"author\":{\"@id\":\"https:\/\/www.bolipuertos.gob.ve\/#\/schema\/person\/fbc9953430061007569726558d2dee79\"},\"headline\":\"Presidente Maduro: Venezuela dar\\u00e1 una lecci\\u00f3n de paz este domingo\",\"datePublished\":\"2021-11-17T12:17:00+00:00\",\"dateModified\":\"2021-11-22T12:19:57+00:00\",\"mainEntityOfPage\":{\"@id\":\"https:\/\/www.bolipuertos.gob.ve\/?p=19391#webpage\"},\"wordCount\":192,\"publisher\":{\"@id\":\"https:\/\/www.bolipuertos.gob.ve\/#organization\"},\"image\":{\"@id\":\"https:\/\/www.bolipuertos.gob.ve\/?p=19391#primaryimage\"},\"thumbnailUrl\":\"https:\/\/www.bolipuertos.gob.ve\/wp-content\/uploads\/2021\/11\/Elecciones-Nicolas-Maduro-780x470-1.jpg\",\"articleSection\":[\"Noticias Gobierno Bolivariano\"],\"inLanguage\":\"es\"},{\"@type\":\"Person\",\"@id\":\"https:\/\/www.bolipuertos.gob.ve\/#\/schema\/person\/fbc9953430061007569726558d2dee79\",\"name\":\"KEILA SANDIA\",\"image\":{\"@type\":\"ImageObject\",\"@id\":\"https:\/\/www.bolipuertos.gob.ve\/#personlogo\",\"inLanguage\":\"es\",\"url\":\"https:\/\/secure.gravatar.com\/avatar\/de6cf962bf400d5c06bd236177bc97f1?s=96&d=mm&r=g\",\"contentUrl\":\"https:\/\/secure.gravatar.com\/avatar\/de6cf962bf400d5c06bd236177bc97f1?s=96&d=mm&r=g\",\"caption\":\"KEILA SANDIA\"},\"url\":\"https:\/\/www.bolipuertos.gob.ve\/?author=9\"}]}<\/script>\n<!-- \/ Yoast SEO plugin. -->","yoast_head_json":{"title":"Presidente Maduro: Venezuela dar\u00e1 una lecci\u00f3n de paz este domingo &middot; Bolipuertos S.A.","description":"Bolipuertos S.A","robots":{"index":"index","follow":"follow","max-snippet":"max-snippet:-1","max-image-preview":"max-image-preview:large","max-video-preview":"max-video-preview:-1"},"canonical":"https:\/\/www.bolipuertos.gob.ve\/?p=19391","og_locale":"es_ES","og_type":"article","og_title":"Presidente Maduro: Venezuela dar\u00e1 una lecci\u00f3n de paz este domingo &middot; Bolipuertos S.A.","og_description":"Bolipuertos S.A","og_url":"https:\/\/www.bolipuertos.gob.ve\/?p=19391","og_site_name":"Bolipuertos S.A.","article_publisher":"https:\/\/www.facebook.com\/bolipuertos.puertos","article_published_time":"2021-11-17T12:17:00+00:00","article_modified_time":"2021-11-22T12:19:57+00:00","og_image":[{"width":780,"height":470,"url":"https:\/\/www.bolipuertos.gob.ve\/wp-content\/uploads\/2021\/11\/Elecciones-Nicolas-Maduro-780x470-1.jpg","type":"image\/jpeg"}],"twitter_card":"summary_large_image","twitter_misc":{"Escrito por":"KEILA SANDIA","Tiempo de lectura":"1 minuto"},"schema":{"@context":"https:\/\/schema.org","@graph":[{"@type":"Organization","@id":"https:\/\/www.bolipuertos.gob.ve\/#organization","name":"bolipuertos","url":"https:\/\/www.bolipuertos.gob.ve\/","sameAs":["https:\/\/www.facebook.com\/bolipuertos.puertos","https:\/\/www.instagram.com\/bolipuertosgob\/","https:\/\/www.youtube.com\/channel\/UCSev7gH4fp-5HWWOjZANLoQ"],"logo":{"@type":"ImageObject","@id":"https:\/\/www.bolipuertos.gob.ve\/#logo","inLanguage":"es","url":"https:\/\/www.bolipuertos.gob.ve\/wp-content\/uploads\/2021\/10\/logo_bolipuertos.png","contentUrl":"https:\/\/www.bolipuertos.gob.ve\/wp-content\/uploads\/2021\/10\/logo_bolipuertos.png","width":220,"height":150,"caption":"bolipuertos"},"image":{"@id":"https:\/\/www.bolipuertos.gob.ve\/#logo"}},{"@type":"WebSite","@id":"https:\/\/www.bolipuertos.gob.ve\/#website","url":"https:\/\/www.bolipuertos.gob.ve\/","name":"Bolipuertos S.A.","description":"Bolipuertos S.A.","publisher":{"@id":"https:\/\/www.bolipuertos.gob.ve\/#organization"},"potentialAction":[{"@type":"SearchAction","target":{"@type":"EntryPoint","urlTemplate":"https:\/\/www.bolipuertos.gob.ve\/?s={search_term_string}"},"query-input":"required name=search_term_string"}],"inLanguage":"es"},{"@type":"ImageObject","@id":"https:\/\/www.bolipuertos.gob.ve\/?p=19391#primaryimage","inLanguage":"es","url":"https:\/\/www.bolipuertos.gob.ve\/wp-content\/uploads\/2021\/11\/Elecciones-Nicolas-Maduro-780x470-1.jpg","contentUrl":"https:\/\/www.bolipuertos.gob.ve\/wp-content\/uploads\/2021\/11\/Elecciones-Nicolas-Maduro-780x470-1.jpg","width":780,"height":470},{"@type":"WebPage","@id":"https:\/\/www.bolipuertos.gob.ve\/?p=19391#webpage","url":"https:\/\/www.bolipuertos.gob.ve\/?p=19391","name":"Presidente Maduro: Venezuela dar\u00e1 una lecci\u00f3n de paz este domingo &middot; Bolipuertos S.A.","isPartOf":{"@id":"https:\/\/www.bolipuertos.gob.ve\/#website"},"primaryImageOfPage":{"@id":"https:\/\/www.bolipuertos.gob.ve\/?p=19391#primaryimage"},"datePublished":"2021-11-17T12:17:00+00:00","dateModified":"2021-11-22T12:19:57+00:00","description":"Bolipuertos S.A","breadcrumb":{"@id":"https:\/\/www.bolipuertos.gob.ve\/?p=19391#breadcrumb"},"inLanguage":"es","potentialAction":[{"@type":"ReadAction","target":["https:\/\/www.bolipuertos.gob.ve\/?p=19391"]}]},{"@type":"BreadcrumbList","@id":"https:\/\/www.bolipuertos.gob.ve\/?p=19391#breadcrumb","itemListElement":[{"@type":"ListItem","position":1,"name":"Portada","item":"https:\/\/www.bolipuertos.gob.ve\/"},{"@type":"ListItem","position":2,"name":"Presidente Maduro: Venezuela dar\u00e1 una lecci\u00f3n de paz este domingo"}]},{"@type":"Article","@id":"https:\/\/www.bolipuertos.gob.ve\/?p=19391#article","isPartOf":{"@id":"https:\/\/www.bolipuertos.gob.ve\/?p=19391#webpage"},"author":{"@id":"https:\/\/www.bolipuertos.gob.ve\/#\/schema\/person\/fbc9953430061007569726558d2dee79"},"headline":"Presidente Maduro: Venezuela dar\u00e1 una lecci\u00f3n de paz este domingo","datePublished":"2021-11-17T12:17:00+00:00","dateModified":"2021-11-22T12:19:57+00:00","mainEntityOfPage":{"@id":"https:\/\/www.bolipuertos.gob.ve\/?p=19391#webpage"},"wordCount":192,"publisher":{"@id":"https:\/\/www.bolipuertos.gob.ve\/#organization"},"image":{"@id":"https:\/\/www.bolipuertos.gob.ve\/?p=19391#primaryimage"},"thumbnailUrl":"https:\/\/www.bolipuertos.gob.ve\/wp-content\/uploads\/2021\/11\/Elecciones-Nicolas-Maduro-780x470-1.jpg","articleSection":["Noticias Gobierno Bolivariano"],"inLanguage":"es"},{"@type":"Person","@id":"https:\/\/www.bolipuertos.gob.ve\/#\/schema\/person\/fbc9953430061007569726558d2dee79","name":"KEILA SANDIA","image":{"@type":"ImageObject","@id":"https:\/\/www.bolipuertos.gob.ve\/#personlogo","inLanguage":"es","url":"https:\/\/secure.gravatar.com\/avatar\/de6cf962bf400d5c06bd236177bc97f1?s=96&d=mm&r=g","contentUrl":"https:\/\/secure.gravatar.com\/avatar\/de6cf962bf400d5c06bd236177bc97f1?s=96&d=mm&r=g","caption":"KEILA SANDIA"},"url":"https:\/\/www.bolipuertos.gob.ve\/?author=9"}]}},"_links":{"self":[{"href":"https:\/\/www.bolipuertos.gob.ve\/index.php?rest_route=\/wp\/v2\/posts\/19391"}],"collection":[{"href":"https:\/\/www.bolipuertos.gob.ve\/index.php?rest_route=\/wp\/v2\/posts"}],"about":[{"href":"https:\/\/www.bolipuertos.gob.ve\/index.php?rest_route=\/wp\/v2\/types\/post"}],"author":[{"embeddable":true,"href":"https:\/\/www.bolipuertos.gob.ve\/index.php?rest_route=\/wp\/v2\/users\/9"}],"replies":[{"embeddable":true,"href":"https:\/\/www.bolipuertos.gob.ve\/index.php?rest_route=%2Fwp%2Fv2%2Fcomments&post=19391"}],"version-history":[{"count":4,"href":"https:\/\/www.bolipuertos.gob.ve\/index.php?rest_route=\/wp\/v2\/posts\/19391\/revisions"}],"predecessor-version":[{"id":19396,"href":"https:\/\/www.bolipuertos.gob.ve\/index.php?rest_route=\/wp\/v2\/posts\/19391\/revisions\/19396"}],"wp:featuredmedia":[{"embeddable":true,"href":"https:\/\/www.bolipuertos.gob.ve\/index.php?rest_route=\/wp\/v2\/media\/19392"}],"wp:attachment":[{"href":"https:\/\/www.bolipuertos.gob.ve\/index.php?rest_route=%2Fwp%2Fv2%2Fmedia&parent=19391"}],"wp:term":[{"taxonomy":"category","embeddable":true,"href":"https:\/\/www.bolipuertos.gob.ve\/index.php?rest_route=%2Fwp%2Fv2%2Fcategories&post=19391"},{"taxonomy":"post_tag","embeddable":true,"href":"https:\/\/www.bolipuertos.gob.ve\/index.php?rest_route=%2Fwp%2Fv2%2Ftags&post=19391"}],"curies":[{"name":"wp","href":"https:\/\/api.w.org\/{rel}","templated":true}]}}