{"id":19422,"date":"2021-11-21T13:35:00","date_gmt":"2021-11-21T17:35:00","guid":{"rendered":"https:\/\/www.bolipuertos.gob.ve\/?p=19422"},"modified":"2021-11-22T13:38:23","modified_gmt":"2021-11-22T17:38:23","slug":"presidente-de-vtv-freddy-nanez-afirma-que-este-21n-es-un-dia-de-fiesta-nacional-porque-constituye-la-unidad-del-pueblo","status":"publish","type":"post","link":"https:\/\/www.bolipuertos.gob.ve\/?p=19422","title":{"rendered":"Presidente de VTV, Freddy \u00d1\u00e1\u00f1ez afirma que este 21N es un d\u00eda de fiesta nacional porque constituye la unidad del pueblo"},"content":{"rendered":"\t\t<div data-elementor-type=\"wp-post\" data-elementor-id=\"19422\" class=\"elementor elementor-19422\">\n\t\t\t\t\t\t\t\t\t<section class=\"elementor-section elementor-top-section elementor-element elementor-element-ccc802c elementor-section-stretched elementor-section-boxed elementor-section-height-default elementor-section-height-default\" data-id=\"ccc802c\" data-element_type=\"section\" data-settings=\"{&quot;stretch_section&quot;:&quot;section-stretched&quot;}\">\n\t\t\t\t\t\t<div class=\"elementor-container elementor-column-gap-default\">\n\t\t\t\t\t<div class=\"elementor-column elementor-col-100 elementor-top-column elementor-element elementor-element-5a889f0\" data-id=\"5a889f0\" data-element_type=\"column\">\n\t\t\t<div class=\"elementor-widget-wrap elementor-element-populated\">\n\t\t\t\t\t\t\t\t<div class=\"elementor-element elementor-element-ee17d2f elementor-widget elementor-widget-text-editor\" data-id=\"ee17d2f\" data-element_type=\"widget\" data-widget_type=\"text-editor.default\">\n\t\t\t\t<div class=\"elementor-widget-container\">\n\t\t\t\t\t\t\t<p><strong>Este domingo, en el desarrollo de las Megaelecciones, el vicepresidente sectorial de Comunicaci\u00f3n, Cultura y Turismo, y presidente de Venezolana de Televisi\u00f3n (VTV) Freddy \u00d1\u00e1\u00f1ez, en transmisi\u00f3n especial afirm\u00f3 que este 21N es un d\u00eda de fiesta nacional porque constituye la unidad del pueblo.<\/strong><\/p><p>\u201cHoy es un d\u00eda de fiesta nacional, porque es un d\u00eda donde la diferencia, la diversidad, constituye la unidad del pueblo venezolano, porque es un d\u00eda donde resulte lo que resulte ganar\u00e1 Venezuela. El d\u00eda de ma\u00f1ana el candidato o la candidata que salga favorecido o favorecida, a trabajar y a cumplir con el pueblo y quien no salga favorecido tendr\u00e1 la oportunidad de ir participando de la vida pol\u00edtica de nuestro pa\u00eds \u201c, dijo.<\/p><p>Destac\u00f3 que \u201csolo con la comunicaci\u00f3n se puede ejercer en condiciones \u00f3ptimas el derecho a decidir\u201d, al tiempo que indic\u00f3\u00a0que estar\u00e1n \u201cdedicados a dar seguimiento a la movilizaci\u00f3n del pueblo venezolano y al funcionamiento de nuestra democracia. Hoy 21 de noviembre la elecci\u00f3n n\u00famero 29 El Pueblo Decide\u201d.<\/p><p>A su vez recalc\u00f3 que \u201cVenezuela es un pa\u00eds maravilloso en movimiento, es importante esta elecci\u00f3n como la han sido las que hemos vivido, en ese sentido el pueblo se ha convertido en un campe\u00f3n, un campe\u00f3n de la toma de decisiones, del sostenimiento de la democracia en cualquier circunstancia que viva nuestro pa\u00eds\u201d.<\/p><p>Insisti\u00f3 en que \u201cpor ello tambi\u00e9n nos merecer\u00edamos un Guinness\u201d, haciendo referencia al nuevo r\u00e9cord que se bati\u00f3 este s\u00e1bado donde Venezuela ostenta el t\u00edtulo de la Orquesta m\u00e1s grande del mundo, agregando que la partitura de Venezuela \u201ces la Carta Magna. Venezuela tiene una democracia moderna que inaugur\u00f3 el siglo XXI, esto es una democracia participativa que se ejerce en cada uno de los comicios electorales\u201d.<\/p><p><strong>Fuente: VTV\/ YD\/CP<\/strong><\/p>\t\t\t\t\t\t<\/div>\n\t\t\t\t<\/div>\n\t\t\t\t\t<\/div>\n\t\t<\/div>\n\t\t\t\t\t\t\t<\/div>\n\t\t<\/section>\n\t\t\t\t\t\t\t<\/div>\n\t\t","protected":false},"excerpt":{"rendered":"<p>Este domingo, en el desarrollo de las Megaelecciones, el vicepresidente sectorial de Comunicaci\u00f3n, Cultura y Turismo, y presidente de Venezolana de Televisi\u00f3n [&hellip;]<\/p>\n","protected":false},"author":9,"featured_media":19423,"comment_status":"closed","ping_status":"closed","sticky":false,"template":"","format":"standard","meta":[],"categories":[4],"tags":[],"yoast_head":"<!-- This site is optimized with the Yoast SEO plugin v17.6 - https:\/\/yoast.com\/wordpress\/plugins\/seo\/ -->\n<title>Presidente de VTV, Freddy \u00d1\u00e1\u00f1ez afirma que este 21N es un d\u00eda de fiesta nacional porque constituye la unidad del pueblo &middot; Bolipuertos S.A.<\/title>\n<meta name=\"description\" content=\"Bolipuertos S.A\" \/>\n<meta name=\"robots\" content=\"index, follow, max-snippet:-1, max-image-preview:large, max-video-preview:-1\" \/>\n<link rel=\"canonical\" href=\"https:\/\/www.bolipuertos.gob.ve\/?p=19422\" \/>\n<meta property=\"og:locale\" content=\"es_ES\" \/>\n<meta property=\"og:type\" content=\"article\" \/>\n<meta property=\"og:title\" content=\"Presidente de VTV, Freddy \u00d1\u00e1\u00f1ez afirma que este 21N es un d\u00eda de fiesta nacional porque constituye la unidad del pueblo &middot; Bolipuertos S.A.\" \/>\n<meta property=\"og:description\" content=\"Bolipuertos S.A\" \/>\n<meta property=\"og:url\" content=\"https:\/\/www.bolipuertos.gob.ve\/?p=19422\" \/>\n<meta property=\"og:site_name\" content=\"Bolipuertos S.A.\" \/>\n<meta property=\"article:publisher\" content=\"https:\/\/www.facebook.com\/bolipuertos.puertos\" \/>\n<meta property=\"article:published_time\" content=\"2021-11-21T17:35:00+00:00\" \/>\n<meta property=\"article:modified_time\" content=\"2021-11-22T17:38:23+00:00\" \/>\n<meta property=\"og:image\" content=\"https:\/\/www.bolipuertos.gob.ve\/wp-content\/uploads\/2021\/11\/FREDDY.png\" \/>\n\t<meta property=\"og:image:width\" content=\"800\" \/>\n\t<meta property=\"og:image:height\" content=\"445\" \/>\n<meta name=\"twitter:card\" content=\"summary_large_image\" \/>\n<meta name=\"twitter:label1\" content=\"Escrito por\" \/>\n\t<meta name=\"twitter:data1\" content=\"KEILA SANDIA\" \/>\n\t<meta name=\"twitter:label2\" content=\"Tiempo de lectura\" \/>\n\t<meta name=\"twitter:data2\" content=\"2 minutos\" \/>\n<script type=\"application\/ld+json\" class=\"yoast-schema-graph\">{\"@context\":\"https:\/\/schema.org\",\"@graph\":[{\"@type\":\"Organization\",\"@id\":\"https:\/\/www.bolipuertos.gob.ve\/#organization\",\"name\":\"bolipuertos\",\"url\":\"https:\/\/www.bolipuertos.gob.ve\/\",\"sameAs\":[\"https:\/\/www.facebook.com\/bolipuertos.puertos\",\"https:\/\/www.instagram.com\/bolipuertosgob\/\",\"https:\/\/www.youtube.com\/channel\/UCSev7gH4fp-5HWWOjZANLoQ\"],\"logo\":{\"@type\":\"ImageObject\",\"@id\":\"https:\/\/www.bolipuertos.gob.ve\/#logo\",\"inLanguage\":\"es\",\"url\":\"https:\/\/www.bolipuertos.gob.ve\/wp-content\/uploads\/2021\/10\/logo_bolipuertos.png\",\"contentUrl\":\"https:\/\/www.bolipuertos.gob.ve\/wp-content\/uploads\/2021\/10\/logo_bolipuertos.png\",\"width\":220,\"height\":150,\"caption\":\"bolipuertos\"},\"image\":{\"@id\":\"https:\/\/www.bolipuertos.gob.ve\/#logo\"}},{\"@type\":\"WebSite\",\"@id\":\"https:\/\/www.bolipuertos.gob.ve\/#website\",\"url\":\"https:\/\/www.bolipuertos.gob.ve\/\",\"name\":\"Bolipuertos S.A.\",\"description\":\"Bolipuertos S.A.\",\"publisher\":{\"@id\":\"https:\/\/www.bolipuertos.gob.ve\/#organization\"},\"potentialAction\":[{\"@type\":\"SearchAction\",\"target\":{\"@type\":\"EntryPoint\",\"urlTemplate\":\"https:\/\/www.bolipuertos.gob.ve\/?s={search_term_string}\"},\"query-input\":\"required name=search_term_string\"}],\"inLanguage\":\"es\"},{\"@type\":\"ImageObject\",\"@id\":\"https:\/\/www.bolipuertos.gob.ve\/?p=19422#primaryimage\",\"inLanguage\":\"es\",\"url\":\"https:\/\/www.bolipuertos.gob.ve\/wp-content\/uploads\/2021\/11\/FREDDY.png\",\"contentUrl\":\"https:\/\/www.bolipuertos.gob.ve\/wp-content\/uploads\/2021\/11\/FREDDY.png\",\"width\":800,\"height\":445},{\"@type\":\"WebPage\",\"@id\":\"https:\/\/www.bolipuertos.gob.ve\/?p=19422#webpage\",\"url\":\"https:\/\/www.bolipuertos.gob.ve\/?p=19422\",\"name\":\"Presidente de VTV, Freddy \\u00d1\\u00e1\\u00f1ez afirma que este 21N es un d\\u00eda de fiesta nacional porque constituye la unidad del pueblo &middot; Bolipuertos S.A.\",\"isPartOf\":{\"@id\":\"https:\/\/www.bolipuertos.gob.ve\/#website\"},\"primaryImageOfPage\":{\"@id\":\"https:\/\/www.bolipuertos.gob.ve\/?p=19422#primaryimage\"},\"datePublished\":\"2021-11-21T17:35:00+00:00\",\"dateModified\":\"2021-11-22T17:38:23+00:00\",\"description\":\"Bolipuertos S.A\",\"breadcrumb\":{\"@id\":\"https:\/\/www.bolipuertos.gob.ve\/?p=19422#breadcrumb\"},\"inLanguage\":\"es\",\"potentialAction\":[{\"@type\":\"ReadAction\",\"target\":[\"https:\/\/www.bolipuertos.gob.ve\/?p=19422\"]}]},{\"@type\":\"BreadcrumbList\",\"@id\":\"https:\/\/www.bolipuertos.gob.ve\/?p=19422#breadcrumb\",\"itemListElement\":[{\"@type\":\"ListItem\",\"position\":1,\"name\":\"Portada\",\"item\":\"https:\/\/www.bolipuertos.gob.ve\/\"},{\"@type\":\"ListItem\",\"position\":2,\"name\":\"Presidente de VTV, Freddy \\u00d1\\u00e1\\u00f1ez afirma que este 21N es un d\\u00eda de fiesta nacional porque constituye la unidad del pueblo\"}]},{\"@type\":\"Article\",\"@id\":\"https:\/\/www.bolipuertos.gob.ve\/?p=19422#article\",\"isPartOf\":{\"@id\":\"https:\/\/www.bolipuertos.gob.ve\/?p=19422#webpage\"},\"author\":{\"@id\":\"https:\/\/www.bolipuertos.gob.ve\/#\/schema\/person\/fbc9953430061007569726558d2dee79\"},\"headline\":\"Presidente de VTV, Freddy \\u00d1\\u00e1\\u00f1ez afirma que este 21N es un d\\u00eda de fiesta nacional porque constituye la unidad del pueblo\",\"datePublished\":\"2021-11-21T17:35:00+00:00\",\"dateModified\":\"2021-11-22T17:38:23+00:00\",\"mainEntityOfPage\":{\"@id\":\"https:\/\/www.bolipuertos.gob.ve\/?p=19422#webpage\"},\"wordCount\":339,\"publisher\":{\"@id\":\"https:\/\/www.bolipuertos.gob.ve\/#organization\"},\"image\":{\"@id\":\"https:\/\/www.bolipuertos.gob.ve\/?p=19422#primaryimage\"},\"thumbnailUrl\":\"https:\/\/www.bolipuertos.gob.ve\/wp-content\/uploads\/2021\/11\/FREDDY.png\",\"articleSection\":[\"Noticias Gobierno Bolivariano\"],\"inLanguage\":\"es\"},{\"@type\":\"Person\",\"@id\":\"https:\/\/www.bolipuertos.gob.ve\/#\/schema\/person\/fbc9953430061007569726558d2dee79\",\"name\":\"KEILA SANDIA\",\"image\":{\"@type\":\"ImageObject\",\"@id\":\"https:\/\/www.bolipuertos.gob.ve\/#personlogo\",\"inLanguage\":\"es\",\"url\":\"https:\/\/secure.gravatar.com\/avatar\/de6cf962bf400d5c06bd236177bc97f1?s=96&d=mm&r=g\",\"contentUrl\":\"https:\/\/secure.gravatar.com\/avatar\/de6cf962bf400d5c06bd236177bc97f1?s=96&d=mm&r=g\",\"caption\":\"KEILA SANDIA\"},\"url\":\"https:\/\/www.bolipuertos.gob.ve\/?author=9\"}]}<\/script>\n<!-- \/ Yoast SEO plugin. -->","yoast_head_json":{"title":"Presidente de VTV, Freddy \u00d1\u00e1\u00f1ez afirma que este 21N es un d\u00eda de fiesta nacional porque constituye la unidad del pueblo &middot; Bolipuertos S.A.","description":"Bolipuertos S.A","robots":{"index":"index","follow":"follow","max-snippet":"max-snippet:-1","max-image-preview":"max-image-preview:large","max-video-preview":"max-video-preview:-1"},"canonical":"https:\/\/www.bolipuertos.gob.ve\/?p=19422","og_locale":"es_ES","og_type":"article","og_title":"Presidente de VTV, Freddy \u00d1\u00e1\u00f1ez afirma que este 21N es un d\u00eda de fiesta nacional porque constituye la unidad del pueblo &middot; Bolipuertos S.A.","og_description":"Bolipuertos S.A","og_url":"https:\/\/www.bolipuertos.gob.ve\/?p=19422","og_site_name":"Bolipuertos S.A.","article_publisher":"https:\/\/www.facebook.com\/bolipuertos.puertos","article_published_time":"2021-11-21T17:35:00+00:00","article_modified_time":"2021-11-22T17:38:23+00:00","og_image":[{"width":800,"height":445,"url":"https:\/\/www.bolipuertos.gob.ve\/wp-content\/uploads\/2021\/11\/FREDDY.png","type":"image\/png"}],"twitter_card":"summary_large_image","twitter_misc":{"Escrito por":"KEILA SANDIA","Tiempo de lectura":"2 minutos"},"schema":{"@context":"https:\/\/schema.org","@graph":[{"@type":"Organization","@id":"https:\/\/www.bolipuertos.gob.ve\/#organization","name":"bolipuertos","url":"https:\/\/www.bolipuertos.gob.ve\/","sameAs":["https:\/\/www.facebook.com\/bolipuertos.puertos","https:\/\/www.instagram.com\/bolipuertosgob\/","https:\/\/www.youtube.com\/channel\/UCSev7gH4fp-5HWWOjZANLoQ"],"logo":{"@type":"ImageObject","@id":"https:\/\/www.bolipuertos.gob.ve\/#logo","inLanguage":"es","url":"https:\/\/www.bolipuertos.gob.ve\/wp-content\/uploads\/2021\/10\/logo_bolipuertos.png","contentUrl":"https:\/\/www.bolipuertos.gob.ve\/wp-content\/uploads\/2021\/10\/logo_bolipuertos.png","width":220,"height":150,"caption":"bolipuertos"},"image":{"@id":"https:\/\/www.bolipuertos.gob.ve\/#logo"}},{"@type":"WebSite","@id":"https:\/\/www.bolipuertos.gob.ve\/#website","url":"https:\/\/www.bolipuertos.gob.ve\/","name":"Bolipuertos S.A.","description":"Bolipuertos S.A.","publisher":{"@id":"https:\/\/www.bolipuertos.gob.ve\/#organization"},"potentialAction":[{"@type":"SearchAction","target":{"@type":"EntryPoint","urlTemplate":"https:\/\/www.bolipuertos.gob.ve\/?s={search_term_string}"},"query-input":"required name=search_term_string"}],"inLanguage":"es"},{"@type":"ImageObject","@id":"https:\/\/www.bolipuertos.gob.ve\/?p=19422#primaryimage","inLanguage":"es","url":"https:\/\/www.bolipuertos.gob.ve\/wp-content\/uploads\/2021\/11\/FREDDY.png","contentUrl":"https:\/\/www.bolipuertos.gob.ve\/wp-content\/uploads\/2021\/11\/FREDDY.png","width":800,"height":445},{"@type":"WebPage","@id":"https:\/\/www.bolipuertos.gob.ve\/?p=19422#webpage","url":"https:\/\/www.bolipuertos.gob.ve\/?p=19422","name":"Presidente de VTV, Freddy \u00d1\u00e1\u00f1ez afirma que este 21N es un d\u00eda de fiesta nacional porque constituye la unidad del pueblo &middot; Bolipuertos S.A.","isPartOf":{"@id":"https:\/\/www.bolipuertos.gob.ve\/#website"},"primaryImageOfPage":{"@id":"https:\/\/www.bolipuertos.gob.ve\/?p=19422#primaryimage"},"datePublished":"2021-11-21T17:35:00+00:00","dateModified":"2021-11-22T17:38:23+00:00","description":"Bolipuertos S.A","breadcrumb":{"@id":"https:\/\/www.bolipuertos.gob.ve\/?p=19422#breadcrumb"},"inLanguage":"es","potentialAction":[{"@type":"ReadAction","target":["https:\/\/www.bolipuertos.gob.ve\/?p=19422"]}]},{"@type":"BreadcrumbList","@id":"https:\/\/www.bolipuertos.gob.ve\/?p=19422#breadcrumb","itemListElement":[{"@type":"ListItem","position":1,"name":"Portada","item":"https:\/\/www.bolipuertos.gob.ve\/"},{"@type":"ListItem","position":2,"name":"Presidente de VTV, Freddy \u00d1\u00e1\u00f1ez afirma que este 21N es un d\u00eda de fiesta nacional porque constituye la unidad del pueblo"}]},{"@type":"Article","@id":"https:\/\/www.bolipuertos.gob.ve\/?p=19422#article","isPartOf":{"@id":"https:\/\/www.bolipuertos.gob.ve\/?p=19422#webpage"},"author":{"@id":"https:\/\/www.bolipuertos.gob.ve\/#\/schema\/person\/fbc9953430061007569726558d2dee79"},"headline":"Presidente de VTV, Freddy \u00d1\u00e1\u00f1ez afirma que este 21N es un d\u00eda de fiesta nacional porque constituye la unidad del pueblo","datePublished":"2021-11-21T17:35:00+00:00","dateModified":"2021-11-22T17:38:23+00:00","mainEntityOfPage":{"@id":"https:\/\/www.bolipuertos.gob.ve\/?p=19422#webpage"},"wordCount":339,"publisher":{"@id":"https:\/\/www.bolipuertos.gob.ve\/#organization"},"image":{"@id":"https:\/\/www.bolipuertos.gob.ve\/?p=19422#primaryimage"},"thumbnailUrl":"https:\/\/www.bolipuertos.gob.ve\/wp-content\/uploads\/2021\/11\/FREDDY.png","articleSection":["Noticias Gobierno Bolivariano"],"inLanguage":"es"},{"@type":"Person","@id":"https:\/\/www.bolipuertos.gob.ve\/#\/schema\/person\/fbc9953430061007569726558d2dee79","name":"KEILA SANDIA","image":{"@type":"ImageObject","@id":"https:\/\/www.bolipuertos.gob.ve\/#personlogo","inLanguage":"es","url":"https:\/\/secure.gravatar.com\/avatar\/de6cf962bf400d5c06bd236177bc97f1?s=96&d=mm&r=g","contentUrl":"https:\/\/secure.gravatar.com\/avatar\/de6cf962bf400d5c06bd236177bc97f1?s=96&d=mm&r=g","caption":"KEILA SANDIA"},"url":"https:\/\/www.bolipuertos.gob.ve\/?author=9"}]}},"_links":{"self":[{"href":"https:\/\/www.bolipuertos.gob.ve\/index.php?rest_route=\/wp\/v2\/posts\/19422"}],"collection":[{"href":"https:\/\/www.bolipuertos.gob.ve\/index.php?rest_route=\/wp\/v2\/posts"}],"about":[{"href":"https:\/\/www.bolipuertos.gob.ve\/index.php?rest_route=\/wp\/v2\/types\/post"}],"author":[{"embeddable":true,"href":"https:\/\/www.bolipuertos.gob.ve\/index.php?rest_route=\/wp\/v2\/users\/9"}],"replies":[{"embeddable":true,"href":"https:\/\/www.bolipuertos.gob.ve\/index.php?rest_route=%2Fwp%2Fv2%2Fcomments&post=19422"}],"version-history":[{"count":4,"href":"https:\/\/www.bolipuertos.gob.ve\/index.php?rest_route=\/wp\/v2\/posts\/19422\/revisions"}],"predecessor-version":[{"id":19427,"href":"https:\/\/www.bolipuertos.gob.ve\/index.php?rest_route=\/wp\/v2\/posts\/19422\/revisions\/19427"}],"wp:featuredmedia":[{"embeddable":true,"href":"https:\/\/www.bolipuertos.gob.ve\/index.php?rest_route=\/wp\/v2\/media\/19423"}],"wp:attachment":[{"href":"https:\/\/www.bolipuertos.gob.ve\/index.php?rest_route=%2Fwp%2Fv2%2Fmedia&parent=19422"}],"wp:term":[{"taxonomy":"category","embeddable":true,"href":"https:\/\/www.bolipuertos.gob.ve\/index.php?rest_route=%2Fwp%2Fv2%2Fcategories&post=19422"},{"taxonomy":"post_tag","embeddable":true,"href":"https:\/\/www.bolipuertos.gob.ve\/index.php?rest_route=%2Fwp%2Fv2%2Ftags&post=19422"}],"curies":[{"name":"wp","href":"https:\/\/api.w.org\/{rel}","templated":true}]}}