{"id":19446,"date":"2021-11-22T11:48:00","date_gmt":"2021-11-22T15:48:00","guid":{"rendered":"https:\/\/www.bolipuertos.gob.ve\/?p=19446"},"modified":"2021-11-23T11:50:36","modified_gmt":"2021-11-23T15:50:36","slug":"ministro-hipolito-abreu-inauguro-oficina-de-atencion-al-transportista-en-el-puerto-de-puerto-cabello","status":"publish","type":"post","link":"https:\/\/www.bolipuertos.gob.ve\/?p=19446","title":{"rendered":"Ministro Hip\u00f3lito Abreu inaugur\u00f3 oficina de Atenci\u00f3n al Transportista en el Puerto de Puerto Cabello"},"content":{"rendered":"\t\t<div data-elementor-type=\"wp-post\" data-elementor-id=\"19446\" class=\"elementor elementor-19446\">\n\t\t\t\t\t\t\t\t\t<section class=\"elementor-section elementor-top-section elementor-element elementor-element-024d3d7 elementor-section-stretched elementor-section-boxed elementor-section-height-default elementor-section-height-default\" data-id=\"024d3d7\" data-element_type=\"section\" data-settings=\"{&quot;stretch_section&quot;:&quot;section-stretched&quot;}\">\n\t\t\t\t\t\t<div class=\"elementor-container elementor-column-gap-default\">\n\t\t\t\t\t<div class=\"elementor-column elementor-col-100 elementor-top-column elementor-element elementor-element-aa816be\" data-id=\"aa816be\" data-element_type=\"column\">\n\t\t\t<div class=\"elementor-widget-wrap elementor-element-populated\">\n\t\t\t\t\t\t\t\t<div class=\"elementor-element elementor-element-27951b1 elementor-widget elementor-widget-text-editor\" data-id=\"27951b1\" data-element_type=\"widget\" data-widget_type=\"text-editor.default\">\n\t\t\t\t<div class=\"elementor-widget-container\">\n\t\t\t\t\t\t\t<p><strong><em>(Bolipuertos Puerto Cabell0).<\/em>&#8211; A prop\u00f3sito de la puesta en marcha de la Oficina de Atenci\u00f3n al Transportista, en el Puerto de Puerto Cabello se hizo presente el Ing. Hip\u00f3lito Abreu, ministro del Poder Popular para el Transporte, quien en compa\u00f1\u00eda del Almte. Edglis Herrera, viceministro de Transporte Acu\u00e1tico, y el tren gerencial de Bolivariana de Puertos ( Bolipuertos) S.A liderado por su Presidente, el G\/D. Irwin Ascanio Escalona efectuaron la inauguraci\u00f3n que oficializa su inicio administrativo.<\/strong><\/p><p>Es importante destacar que para garantizar la integralidad del \u00e1rea, Bolipuertos operar\u00e1 en conjunto con el Servicio Municipal de Atenci\u00f3n Tributaria (Semat PuertoCabello) y la C\u00e1mara de Transportistas, \u00a0brindando todo lo necesario para procesar los tr\u00e1mites y documentaci\u00f3n inherentes al gremio de carga pesada, aunado, a la orientaci\u00f3n en cuanto a la inscripci\u00f3n en el Sistema de Registro de Operadores Portuarios (SROP) y la debida fiscalizaci\u00f3n pertinente.<\/p><p><strong>Inspecci\u00f3n a filiales del Ministerio<\/strong><\/p><p>La plena integraci\u00f3n del sector acu\u00e1tico se evidenci\u00f3 durante la visita ministerial al estrat\u00e9gico eje costero carabobe\u00f1o, por tanto, durante su paso por Bolipuertos la autoridad realiz\u00f3 un recorrido por los muelles porte\u00f1os, la Sala de Simuladores y el Centro de Investigaci\u00f3n y Estudios Portuarios.<\/p><p>Por otro lado, la comitiva \u00a0inspeccion\u00f3 una embarcaci\u00f3n perteneciente a la Corporaci\u00f3n Venezolana de Navegaci\u00f3n (Venavega), y la empresa hermana Diques y Astilleros (Dianca) C.A, estrechando las manos de los hombres y mujeres de mar que trabajan arduamente para impulsar la Venezuela Potencia.<\/p><p>El despliegue cont\u00f3 con la participaci\u00f3n del G\/D. Irwin Ascanio Escalona, presidente de Bolipuertos, el G\/D. C\u00e9sar Figueira, gerente general del puerto local, el GB. Arnulfo Alburjas S\u00e1nchez, presidente de Venavega, as\u00ed como el presidente de Dianca, Contralmirante Luis Castillo quienes en un\u00edsono lideran de manera revolucionaria sus entes para impulsar el Plan Nacional de Hidrov\u00edas, la industria naval, el Sistema Portuario Nacional y las pol\u00edticas de desarrollo de la Gran Misi\u00f3n Transporte Venezuela.<\/p><p><b>Bolipuertos\/C\u00e9sar L\u00f3pez\/Lusmer S\u00e1nchez<\/b><\/p>\t\t\t\t\t\t<\/div>\n\t\t\t\t<\/div>\n\t\t\t\t\t<\/div>\n\t\t<\/div>\n\t\t\t\t\t\t\t<\/div>\n\t\t<\/section>\n\t\t\t\t\t\t\t<\/div>\n\t\t","protected":false},"excerpt":{"rendered":"<p>(Bolipuertos Puerto Cabell0).&#8211; A prop\u00f3sito de la puesta en marcha de la Oficina de Atenci\u00f3n al Transportista, en el Puerto de Puerto [&hellip;]<\/p>\n","protected":false},"author":9,"featured_media":19447,"comment_status":"closed","ping_status":"closed","sticky":false,"template":"","format":"standard","meta":[],"categories":[5],"tags":[],"yoast_head":"<!-- This site is optimized with the Yoast SEO plugin v17.6 - https:\/\/yoast.com\/wordpress\/plugins\/seo\/ -->\n<title>Ministro Hip\u00f3lito Abreu inaugur\u00f3 oficina de Atenci\u00f3n al Transportista en el Puerto de Puerto Cabello &middot; Bolipuertos S.A.<\/title>\n<meta name=\"description\" content=\"Bolipuertos S.A\" \/>\n<meta name=\"robots\" content=\"index, follow, max-snippet:-1, max-image-preview:large, max-video-preview:-1\" \/>\n<link rel=\"canonical\" href=\"https:\/\/www.bolipuertos.gob.ve\/?p=19446\" \/>\n<meta property=\"og:locale\" content=\"es_ES\" \/>\n<meta property=\"og:type\" content=\"article\" \/>\n<meta property=\"og:title\" content=\"Ministro Hip\u00f3lito Abreu inaugur\u00f3 oficina de Atenci\u00f3n al Transportista en el Puerto de Puerto Cabello &middot; Bolipuertos S.A.\" \/>\n<meta property=\"og:description\" content=\"Bolipuertos S.A\" \/>\n<meta property=\"og:url\" content=\"https:\/\/www.bolipuertos.gob.ve\/?p=19446\" \/>\n<meta property=\"og:site_name\" content=\"Bolipuertos S.A.\" \/>\n<meta property=\"article:publisher\" content=\"https:\/\/www.facebook.com\/bolipuertos.puertos\" \/>\n<meta property=\"article:published_time\" content=\"2021-11-22T15:48:00+00:00\" \/>\n<meta property=\"article:modified_time\" content=\"2021-11-23T15:50:36+00:00\" \/>\n<meta property=\"og:image\" content=\"https:\/\/www.bolipuertos.gob.ve\/wp-content\/uploads\/2021\/11\/WhatsApp-Image-2021-11-22-at-11.25.12-AM.jpeg\" \/>\n\t<meta property=\"og:image:width\" content=\"1080\" \/>\n\t<meta property=\"og:image:height\" content=\"609\" \/>\n<meta name=\"twitter:card\" content=\"summary_large_image\" \/>\n<meta name=\"twitter:label1\" content=\"Escrito por\" \/>\n\t<meta name=\"twitter:data1\" content=\"KEILA SANDIA\" \/>\n\t<meta name=\"twitter:label2\" content=\"Tiempo de lectura\" \/>\n\t<meta name=\"twitter:data2\" content=\"2 minutos\" \/>\n<script type=\"application\/ld+json\" class=\"yoast-schema-graph\">{\"@context\":\"https:\/\/schema.org\",\"@graph\":[{\"@type\":\"Organization\",\"@id\":\"https:\/\/www.bolipuertos.gob.ve\/#organization\",\"name\":\"bolipuertos\",\"url\":\"https:\/\/www.bolipuertos.gob.ve\/\",\"sameAs\":[\"https:\/\/www.facebook.com\/bolipuertos.puertos\",\"https:\/\/www.instagram.com\/bolipuertosgob\/\",\"https:\/\/www.youtube.com\/channel\/UCSev7gH4fp-5HWWOjZANLoQ\"],\"logo\":{\"@type\":\"ImageObject\",\"@id\":\"https:\/\/www.bolipuertos.gob.ve\/#logo\",\"inLanguage\":\"es\",\"url\":\"https:\/\/www.bolipuertos.gob.ve\/wp-content\/uploads\/2021\/10\/logo_bolipuertos.png\",\"contentUrl\":\"https:\/\/www.bolipuertos.gob.ve\/wp-content\/uploads\/2021\/10\/logo_bolipuertos.png\",\"width\":220,\"height\":150,\"caption\":\"bolipuertos\"},\"image\":{\"@id\":\"https:\/\/www.bolipuertos.gob.ve\/#logo\"}},{\"@type\":\"WebSite\",\"@id\":\"https:\/\/www.bolipuertos.gob.ve\/#website\",\"url\":\"https:\/\/www.bolipuertos.gob.ve\/\",\"name\":\"Bolipuertos S.A.\",\"description\":\"Bolipuertos S.A.\",\"publisher\":{\"@id\":\"https:\/\/www.bolipuertos.gob.ve\/#organization\"},\"potentialAction\":[{\"@type\":\"SearchAction\",\"target\":{\"@type\":\"EntryPoint\",\"urlTemplate\":\"https:\/\/www.bolipuertos.gob.ve\/?s={search_term_string}\"},\"query-input\":\"required name=search_term_string\"}],\"inLanguage\":\"es\"},{\"@type\":\"ImageObject\",\"@id\":\"https:\/\/www.bolipuertos.gob.ve\/?p=19446#primaryimage\",\"inLanguage\":\"es\",\"url\":\"https:\/\/www.bolipuertos.gob.ve\/wp-content\/uploads\/2021\/11\/WhatsApp-Image-2021-11-22-at-11.25.12-AM.jpeg\",\"contentUrl\":\"https:\/\/www.bolipuertos.gob.ve\/wp-content\/uploads\/2021\/11\/WhatsApp-Image-2021-11-22-at-11.25.12-AM.jpeg\",\"width\":1080,\"height\":609},{\"@type\":\"WebPage\",\"@id\":\"https:\/\/www.bolipuertos.gob.ve\/?p=19446#webpage\",\"url\":\"https:\/\/www.bolipuertos.gob.ve\/?p=19446\",\"name\":\"Ministro Hip\\u00f3lito Abreu inaugur\\u00f3 oficina de Atenci\\u00f3n al Transportista en el Puerto de Puerto Cabello &middot; Bolipuertos S.A.\",\"isPartOf\":{\"@id\":\"https:\/\/www.bolipuertos.gob.ve\/#website\"},\"primaryImageOfPage\":{\"@id\":\"https:\/\/www.bolipuertos.gob.ve\/?p=19446#primaryimage\"},\"datePublished\":\"2021-11-22T15:48:00+00:00\",\"dateModified\":\"2021-11-23T15:50:36+00:00\",\"description\":\"Bolipuertos S.A\",\"breadcrumb\":{\"@id\":\"https:\/\/www.bolipuertos.gob.ve\/?p=19446#breadcrumb\"},\"inLanguage\":\"es\",\"potentialAction\":[{\"@type\":\"ReadAction\",\"target\":[\"https:\/\/www.bolipuertos.gob.ve\/?p=19446\"]}]},{\"@type\":\"BreadcrumbList\",\"@id\":\"https:\/\/www.bolipuertos.gob.ve\/?p=19446#breadcrumb\",\"itemListElement\":[{\"@type\":\"ListItem\",\"position\":1,\"name\":\"Portada\",\"item\":\"https:\/\/www.bolipuertos.gob.ve\/\"},{\"@type\":\"ListItem\",\"position\":2,\"name\":\"Ministro Hip\\u00f3lito Abreu inaugur\\u00f3 oficina de Atenci\\u00f3n al Transportista en el Puerto de Puerto Cabello\"}]},{\"@type\":\"Article\",\"@id\":\"https:\/\/www.bolipuertos.gob.ve\/?p=19446#article\",\"isPartOf\":{\"@id\":\"https:\/\/www.bolipuertos.gob.ve\/?p=19446#webpage\"},\"author\":{\"@id\":\"https:\/\/www.bolipuertos.gob.ve\/#\/schema\/person\/fbc9953430061007569726558d2dee79\"},\"headline\":\"Ministro Hip\\u00f3lito Abreu inaugur\\u00f3 oficina de Atenci\\u00f3n al Transportista en el Puerto de Puerto Cabello\",\"datePublished\":\"2021-11-22T15:48:00+00:00\",\"dateModified\":\"2021-11-23T15:50:36+00:00\",\"mainEntityOfPage\":{\"@id\":\"https:\/\/www.bolipuertos.gob.ve\/?p=19446#webpage\"},\"wordCount\":369,\"publisher\":{\"@id\":\"https:\/\/www.bolipuertos.gob.ve\/#organization\"},\"image\":{\"@id\":\"https:\/\/www.bolipuertos.gob.ve\/?p=19446#primaryimage\"},\"thumbnailUrl\":\"https:\/\/www.bolipuertos.gob.ve\/wp-content\/uploads\/2021\/11\/WhatsApp-Image-2021-11-22-at-11.25.12-AM.jpeg\",\"articleSection\":[\"Noticias\"],\"inLanguage\":\"es\"},{\"@type\":\"Person\",\"@id\":\"https:\/\/www.bolipuertos.gob.ve\/#\/schema\/person\/fbc9953430061007569726558d2dee79\",\"name\":\"KEILA SANDIA\",\"image\":{\"@type\":\"ImageObject\",\"@id\":\"https:\/\/www.bolipuertos.gob.ve\/#personlogo\",\"inLanguage\":\"es\",\"url\":\"https:\/\/secure.gravatar.com\/avatar\/de6cf962bf400d5c06bd236177bc97f1?s=96&d=mm&r=g\",\"contentUrl\":\"https:\/\/secure.gravatar.com\/avatar\/de6cf962bf400d5c06bd236177bc97f1?s=96&d=mm&r=g\",\"caption\":\"KEILA SANDIA\"},\"url\":\"https:\/\/www.bolipuertos.gob.ve\/?author=9\"}]}<\/script>\n<!-- \/ Yoast SEO plugin. -->","yoast_head_json":{"title":"Ministro Hip\u00f3lito Abreu inaugur\u00f3 oficina de Atenci\u00f3n al Transportista en el Puerto de Puerto Cabello &middot; Bolipuertos S.A.","description":"Bolipuertos S.A","robots":{"index":"index","follow":"follow","max-snippet":"max-snippet:-1","max-image-preview":"max-image-preview:large","max-video-preview":"max-video-preview:-1"},"canonical":"https:\/\/www.bolipuertos.gob.ve\/?p=19446","og_locale":"es_ES","og_type":"article","og_title":"Ministro Hip\u00f3lito Abreu inaugur\u00f3 oficina de Atenci\u00f3n al Transportista en el Puerto de Puerto Cabello &middot; Bolipuertos S.A.","og_description":"Bolipuertos S.A","og_url":"https:\/\/www.bolipuertos.gob.ve\/?p=19446","og_site_name":"Bolipuertos S.A.","article_publisher":"https:\/\/www.facebook.com\/bolipuertos.puertos","article_published_time":"2021-11-22T15:48:00+00:00","article_modified_time":"2021-11-23T15:50:36+00:00","og_image":[{"width":1080,"height":609,"url":"https:\/\/www.bolipuertos.gob.ve\/wp-content\/uploads\/2021\/11\/WhatsApp-Image-2021-11-22-at-11.25.12-AM.jpeg","type":"image\/jpeg"}],"twitter_card":"summary_large_image","twitter_misc":{"Escrito por":"KEILA SANDIA","Tiempo de lectura":"2 minutos"},"schema":{"@context":"https:\/\/schema.org","@graph":[{"@type":"Organization","@id":"https:\/\/www.bolipuertos.gob.ve\/#organization","name":"bolipuertos","url":"https:\/\/www.bolipuertos.gob.ve\/","sameAs":["https:\/\/www.facebook.com\/bolipuertos.puertos","https:\/\/www.instagram.com\/bolipuertosgob\/","https:\/\/www.youtube.com\/channel\/UCSev7gH4fp-5HWWOjZANLoQ"],"logo":{"@type":"ImageObject","@id":"https:\/\/www.bolipuertos.gob.ve\/#logo","inLanguage":"es","url":"https:\/\/www.bolipuertos.gob.ve\/wp-content\/uploads\/2021\/10\/logo_bolipuertos.png","contentUrl":"https:\/\/www.bolipuertos.gob.ve\/wp-content\/uploads\/2021\/10\/logo_bolipuertos.png","width":220,"height":150,"caption":"bolipuertos"},"image":{"@id":"https:\/\/www.bolipuertos.gob.ve\/#logo"}},{"@type":"WebSite","@id":"https:\/\/www.bolipuertos.gob.ve\/#website","url":"https:\/\/www.bolipuertos.gob.ve\/","name":"Bolipuertos S.A.","description":"Bolipuertos S.A.","publisher":{"@id":"https:\/\/www.bolipuertos.gob.ve\/#organization"},"potentialAction":[{"@type":"SearchAction","target":{"@type":"EntryPoint","urlTemplate":"https:\/\/www.bolipuertos.gob.ve\/?s={search_term_string}"},"query-input":"required name=search_term_string"}],"inLanguage":"es"},{"@type":"ImageObject","@id":"https:\/\/www.bolipuertos.gob.ve\/?p=19446#primaryimage","inLanguage":"es","url":"https:\/\/www.bolipuertos.gob.ve\/wp-content\/uploads\/2021\/11\/WhatsApp-Image-2021-11-22-at-11.25.12-AM.jpeg","contentUrl":"https:\/\/www.bolipuertos.gob.ve\/wp-content\/uploads\/2021\/11\/WhatsApp-Image-2021-11-22-at-11.25.12-AM.jpeg","width":1080,"height":609},{"@type":"WebPage","@id":"https:\/\/www.bolipuertos.gob.ve\/?p=19446#webpage","url":"https:\/\/www.bolipuertos.gob.ve\/?p=19446","name":"Ministro Hip\u00f3lito Abreu inaugur\u00f3 oficina de Atenci\u00f3n al Transportista en el Puerto de Puerto Cabello &middot; Bolipuertos S.A.","isPartOf":{"@id":"https:\/\/www.bolipuertos.gob.ve\/#website"},"primaryImageOfPage":{"@id":"https:\/\/www.bolipuertos.gob.ve\/?p=19446#primaryimage"},"datePublished":"2021-11-22T15:48:00+00:00","dateModified":"2021-11-23T15:50:36+00:00","description":"Bolipuertos S.A","breadcrumb":{"@id":"https:\/\/www.bolipuertos.gob.ve\/?p=19446#breadcrumb"},"inLanguage":"es","potentialAction":[{"@type":"ReadAction","target":["https:\/\/www.bolipuertos.gob.ve\/?p=19446"]}]},{"@type":"BreadcrumbList","@id":"https:\/\/www.bolipuertos.gob.ve\/?p=19446#breadcrumb","itemListElement":[{"@type":"ListItem","position":1,"name":"Portada","item":"https:\/\/www.bolipuertos.gob.ve\/"},{"@type":"ListItem","position":2,"name":"Ministro Hip\u00f3lito Abreu inaugur\u00f3 oficina de Atenci\u00f3n al Transportista en el Puerto de Puerto Cabello"}]},{"@type":"Article","@id":"https:\/\/www.bolipuertos.gob.ve\/?p=19446#article","isPartOf":{"@id":"https:\/\/www.bolipuertos.gob.ve\/?p=19446#webpage"},"author":{"@id":"https:\/\/www.bolipuertos.gob.ve\/#\/schema\/person\/fbc9953430061007569726558d2dee79"},"headline":"Ministro Hip\u00f3lito Abreu inaugur\u00f3 oficina de Atenci\u00f3n al Transportista en el Puerto de Puerto Cabello","datePublished":"2021-11-22T15:48:00+00:00","dateModified":"2021-11-23T15:50:36+00:00","mainEntityOfPage":{"@id":"https:\/\/www.bolipuertos.gob.ve\/?p=19446#webpage"},"wordCount":369,"publisher":{"@id":"https:\/\/www.bolipuertos.gob.ve\/#organization"},"image":{"@id":"https:\/\/www.bolipuertos.gob.ve\/?p=19446#primaryimage"},"thumbnailUrl":"https:\/\/www.bolipuertos.gob.ve\/wp-content\/uploads\/2021\/11\/WhatsApp-Image-2021-11-22-at-11.25.12-AM.jpeg","articleSection":["Noticias"],"inLanguage":"es"},{"@type":"Person","@id":"https:\/\/www.bolipuertos.gob.ve\/#\/schema\/person\/fbc9953430061007569726558d2dee79","name":"KEILA SANDIA","image":{"@type":"ImageObject","@id":"https:\/\/www.bolipuertos.gob.ve\/#personlogo","inLanguage":"es","url":"https:\/\/secure.gravatar.com\/avatar\/de6cf962bf400d5c06bd236177bc97f1?s=96&d=mm&r=g","contentUrl":"https:\/\/secure.gravatar.com\/avatar\/de6cf962bf400d5c06bd236177bc97f1?s=96&d=mm&r=g","caption":"KEILA SANDIA"},"url":"https:\/\/www.bolipuertos.gob.ve\/?author=9"}]}},"_links":{"self":[{"href":"https:\/\/www.bolipuertos.gob.ve\/index.php?rest_route=\/wp\/v2\/posts\/19446"}],"collection":[{"href":"https:\/\/www.bolipuertos.gob.ve\/index.php?rest_route=\/wp\/v2\/posts"}],"about":[{"href":"https:\/\/www.bolipuertos.gob.ve\/index.php?rest_route=\/wp\/v2\/types\/post"}],"author":[{"embeddable":true,"href":"https:\/\/www.bolipuertos.gob.ve\/index.php?rest_route=\/wp\/v2\/users\/9"}],"replies":[{"embeddable":true,"href":"https:\/\/www.bolipuertos.gob.ve\/index.php?rest_route=%2Fwp%2Fv2%2Fcomments&post=19446"}],"version-history":[{"count":4,"href":"https:\/\/www.bolipuertos.gob.ve\/index.php?rest_route=\/wp\/v2\/posts\/19446\/revisions"}],"predecessor-version":[{"id":19451,"href":"https:\/\/www.bolipuertos.gob.ve\/index.php?rest_route=\/wp\/v2\/posts\/19446\/revisions\/19451"}],"wp:featuredmedia":[{"embeddable":true,"href":"https:\/\/www.bolipuertos.gob.ve\/index.php?rest_route=\/wp\/v2\/media\/19447"}],"wp:attachment":[{"href":"https:\/\/www.bolipuertos.gob.ve\/index.php?rest_route=%2Fwp%2Fv2%2Fmedia&parent=19446"}],"wp:term":[{"taxonomy":"category","embeddable":true,"href":"https:\/\/www.bolipuertos.gob.ve\/index.php?rest_route=%2Fwp%2Fv2%2Fcategories&post=19446"},{"taxonomy":"post_tag","embeddable":true,"href":"https:\/\/www.bolipuertos.gob.ve\/index.php?rest_route=%2Fwp%2Fv2%2Ftags&post=19446"}],"curies":[{"name":"wp","href":"https:\/\/api.w.org\/{rel}","templated":true}]}}