{"id":19627,"date":"2021-11-29T11:06:00","date_gmt":"2021-11-29T15:06:00","guid":{"rendered":"https:\/\/www.bolipuertos.gob.ve\/?p=19627"},"modified":"2021-11-30T11:09:42","modified_gmt":"2021-11-30T15:09:42","slug":"desde-la-terminal-intermodal-de-carga-puerto-seco-batalla-de-araure-bolipuertos-ha-movilizado-mas-de-1-558-tm-de-carga-de-exportacion","status":"publish","type":"post","link":"https:\/\/www.bolipuertos.gob.ve\/?p=19627","title":{"rendered":"Desde la Terminal   Intermodal de Carga Puerto Seco \u00abBatalla de Araure\u00bb Bolipuertos ha movilizado m\u00e1s de 1.558 Tm de carga de exportaci\u00f3n"},"content":{"rendered":"\t\t<div data-elementor-type=\"wp-post\" data-elementor-id=\"19627\" class=\"elementor elementor-19627\">\n\t\t\t\t\t\t\t\t\t<section class=\"elementor-section elementor-top-section elementor-element elementor-element-7336650 elementor-section-stretched elementor-section-boxed elementor-section-height-default elementor-section-height-default\" data-id=\"7336650\" data-element_type=\"section\" data-settings=\"{&quot;stretch_section&quot;:&quot;section-stretched&quot;}\">\n\t\t\t\t\t\t<div class=\"elementor-container elementor-column-gap-default\">\n\t\t\t\t\t<div class=\"elementor-column elementor-col-100 elementor-top-column elementor-element elementor-element-0ae16e0\" data-id=\"0ae16e0\" data-element_type=\"column\">\n\t\t\t<div class=\"elementor-widget-wrap elementor-element-populated\">\n\t\t\t\t\t\t\t\t<div class=\"elementor-element elementor-element-e5507d3 elementor-widget elementor-widget-text-editor\" data-id=\"e5507d3\" data-element_type=\"widget\" data-widget_type=\"text-editor.default\">\n\t\t\t\t<div class=\"elementor-widget-container\">\n\t\t\t\t\t\t\t<p><strong><em>(Bolipuertos Araure)<\/em>.- <\/strong><strong>Dando cumplimiento a las pol\u00edticas econ\u00f3micas en pro del crecimiento y desarrollo productivo del pa\u00eds, Bolivariana de Puertos fortalece el Transporte Intermodal desde la Portuguesa Potencia.<\/strong><br \/><br \/>Cumpliendo los lineamientos del Gobierno Bolivariano liderado por el Presidente Nicol\u00e1s Maduro Moros, la m\u00e1xima autoridad de Bolipuertos G\/D. Irwin Ascanio Escalona impulsa las operaciones desde el Puerto Seco junto a la clase trabajadora han movilizando m\u00e1s de 71 contenedores con carga de exportaci\u00f3n, demostrando el inter\u00e9s de la Gran Misi\u00f3n Transporte Venezuela en ofrecer alternativas para la potenciar las operaciones portuarias.<br \/><br \/>El reporte de movilizaci\u00f3n destaca la gesti\u00f3n del \u00a01.558 Tm de granos de caf\u00e9 verde 100% puros, nativos de la regi\u00f3n centro occidental al igual que el ajonjol\u00ed, los cuales salen desde nuestros muelles del Puerto Mar\u00edtimo de Puerto Cabello y llegan a otras latitudes.<br \/><br \/>Con estas cifras de evidencia el esfuerzo de la clase trabajadora de Bolipuertos que promueve la Gran Misi\u00f3n Transporte Venezuela, en aras de dinamizar la econom\u00eda de la mano de la empresa privada, mostrando el compromiso, responsabilidad y lealtad a nuestra Patria y su progreso.<br \/><br \/><b>Bolipuertos\/Marianny Pati\u00f1o\/Lusmer S\u00e1nchez<\/b><\/p>\t\t\t\t\t\t<\/div>\n\t\t\t\t<\/div>\n\t\t\t\t\t<\/div>\n\t\t<\/div>\n\t\t\t\t\t\t\t<\/div>\n\t\t<\/section>\n\t\t\t\t\t\t\t<\/div>\n\t\t","protected":false},"excerpt":{"rendered":"<p>(Bolipuertos Araure).- Dando cumplimiento a las pol\u00edticas econ\u00f3micas en pro del crecimiento y desarrollo productivo del pa\u00eds, Bolivariana de Puertos fortalece el [&hellip;]<\/p>\n","protected":false},"author":9,"featured_media":19628,"comment_status":"closed","ping_status":"closed","sticky":false,"template":"","format":"standard","meta":[],"categories":[5],"tags":[],"yoast_head":"<!-- This site is optimized with the Yoast SEO plugin v17.6 - https:\/\/yoast.com\/wordpress\/plugins\/seo\/ -->\n<title>Desde la Terminal  Intermodal de Carga Puerto Seco &quot;Batalla de Araure&quot; Bolipuertos ha movilizado m\u00e1s de 1.558 Tm de carga de exportaci\u00f3n &middot; Bolipuertos S.A.<\/title>\n<meta name=\"description\" content=\"Bolipuertos S.A\" \/>\n<meta name=\"robots\" content=\"index, follow, max-snippet:-1, max-image-preview:large, max-video-preview:-1\" \/>\n<link rel=\"canonical\" href=\"https:\/\/www.bolipuertos.gob.ve\/?p=19627\" \/>\n<meta property=\"og:locale\" content=\"es_ES\" \/>\n<meta property=\"og:type\" content=\"article\" \/>\n<meta property=\"og:title\" content=\"Desde la Terminal  Intermodal de Carga Puerto Seco &quot;Batalla de Araure&quot; Bolipuertos ha movilizado m\u00e1s de 1.558 Tm de carga de exportaci\u00f3n &middot; Bolipuertos S.A.\" \/>\n<meta property=\"og:description\" content=\"Bolipuertos S.A\" \/>\n<meta property=\"og:url\" content=\"https:\/\/www.bolipuertos.gob.ve\/?p=19627\" \/>\n<meta property=\"og:site_name\" content=\"Bolipuertos S.A.\" \/>\n<meta property=\"article:publisher\" content=\"https:\/\/www.facebook.com\/bolipuertos.puertos\" \/>\n<meta property=\"article:published_time\" content=\"2021-11-29T15:06:00+00:00\" \/>\n<meta property=\"article:modified_time\" content=\"2021-11-30T15:09:42+00:00\" \/>\n<meta property=\"og:image\" content=\"https:\/\/www.bolipuertos.gob.ve\/wp-content\/uploads\/2021\/11\/WhatsApp-Image-2021-11-25-at-10.35.54-AM.jpeg\" \/>\n\t<meta property=\"og:image:width\" content=\"1040\" \/>\n\t<meta property=\"og:image:height\" content=\"780\" \/>\n<meta name=\"twitter:card\" content=\"summary_large_image\" \/>\n<meta name=\"twitter:label1\" content=\"Escrito por\" \/>\n\t<meta name=\"twitter:data1\" content=\"KEILA SANDIA\" \/>\n\t<meta name=\"twitter:label2\" content=\"Tiempo de lectura\" \/>\n\t<meta name=\"twitter:data2\" content=\"1 minuto\" \/>\n<script type=\"application\/ld+json\" class=\"yoast-schema-graph\">{\"@context\":\"https:\/\/schema.org\",\"@graph\":[{\"@type\":\"Organization\",\"@id\":\"https:\/\/www.bolipuertos.gob.ve\/#organization\",\"name\":\"bolipuertos\",\"url\":\"https:\/\/www.bolipuertos.gob.ve\/\",\"sameAs\":[\"https:\/\/www.facebook.com\/bolipuertos.puertos\",\"https:\/\/www.instagram.com\/bolipuertosgob\/\",\"https:\/\/www.youtube.com\/channel\/UCSev7gH4fp-5HWWOjZANLoQ\"],\"logo\":{\"@type\":\"ImageObject\",\"@id\":\"https:\/\/www.bolipuertos.gob.ve\/#logo\",\"inLanguage\":\"es\",\"url\":\"https:\/\/www.bolipuertos.gob.ve\/wp-content\/uploads\/2021\/10\/logo_bolipuertos.png\",\"contentUrl\":\"https:\/\/www.bolipuertos.gob.ve\/wp-content\/uploads\/2021\/10\/logo_bolipuertos.png\",\"width\":220,\"height\":150,\"caption\":\"bolipuertos\"},\"image\":{\"@id\":\"https:\/\/www.bolipuertos.gob.ve\/#logo\"}},{\"@type\":\"WebSite\",\"@id\":\"https:\/\/www.bolipuertos.gob.ve\/#website\",\"url\":\"https:\/\/www.bolipuertos.gob.ve\/\",\"name\":\"Bolipuertos S.A.\",\"description\":\"Bolipuertos S.A.\",\"publisher\":{\"@id\":\"https:\/\/www.bolipuertos.gob.ve\/#organization\"},\"potentialAction\":[{\"@type\":\"SearchAction\",\"target\":{\"@type\":\"EntryPoint\",\"urlTemplate\":\"https:\/\/www.bolipuertos.gob.ve\/?s={search_term_string}\"},\"query-input\":\"required name=search_term_string\"}],\"inLanguage\":\"es\"},{\"@type\":\"ImageObject\",\"@id\":\"https:\/\/www.bolipuertos.gob.ve\/?p=19627#primaryimage\",\"inLanguage\":\"es\",\"url\":\"https:\/\/www.bolipuertos.gob.ve\/wp-content\/uploads\/2021\/11\/WhatsApp-Image-2021-11-25-at-10.35.54-AM.jpeg\",\"contentUrl\":\"https:\/\/www.bolipuertos.gob.ve\/wp-content\/uploads\/2021\/11\/WhatsApp-Image-2021-11-25-at-10.35.54-AM.jpeg\",\"width\":1040,\"height\":780},{\"@type\":\"WebPage\",\"@id\":\"https:\/\/www.bolipuertos.gob.ve\/?p=19627#webpage\",\"url\":\"https:\/\/www.bolipuertos.gob.ve\/?p=19627\",\"name\":\"Desde la Terminal Intermodal de Carga Puerto Seco \\\"Batalla de Araure\\\" Bolipuertos ha movilizado m\\u00e1s de 1.558 Tm de carga de exportaci\\u00f3n &middot; Bolipuertos S.A.\",\"isPartOf\":{\"@id\":\"https:\/\/www.bolipuertos.gob.ve\/#website\"},\"primaryImageOfPage\":{\"@id\":\"https:\/\/www.bolipuertos.gob.ve\/?p=19627#primaryimage\"},\"datePublished\":\"2021-11-29T15:06:00+00:00\",\"dateModified\":\"2021-11-30T15:09:42+00:00\",\"description\":\"Bolipuertos S.A\",\"breadcrumb\":{\"@id\":\"https:\/\/www.bolipuertos.gob.ve\/?p=19627#breadcrumb\"},\"inLanguage\":\"es\",\"potentialAction\":[{\"@type\":\"ReadAction\",\"target\":[\"https:\/\/www.bolipuertos.gob.ve\/?p=19627\"]}]},{\"@type\":\"BreadcrumbList\",\"@id\":\"https:\/\/www.bolipuertos.gob.ve\/?p=19627#breadcrumb\",\"itemListElement\":[{\"@type\":\"ListItem\",\"position\":1,\"name\":\"Portada\",\"item\":\"https:\/\/www.bolipuertos.gob.ve\/\"},{\"@type\":\"ListItem\",\"position\":2,\"name\":\"Desde la Terminal Intermodal de Carga Puerto Seco \\u00abBatalla de Araure\\u00bb Bolipuertos ha movilizado m\\u00e1s de 1.558 Tm de carga de exportaci\\u00f3n\"}]},{\"@type\":\"Article\",\"@id\":\"https:\/\/www.bolipuertos.gob.ve\/?p=19627#article\",\"isPartOf\":{\"@id\":\"https:\/\/www.bolipuertos.gob.ve\/?p=19627#webpage\"},\"author\":{\"@id\":\"https:\/\/www.bolipuertos.gob.ve\/#\/schema\/person\/fbc9953430061007569726558d2dee79\"},\"headline\":\"Desde la Terminal Intermodal de Carga Puerto Seco \\u00abBatalla de Araure\\u00bb Bolipuertos ha movilizado m\\u00e1s de 1.558 Tm de carga de exportaci\\u00f3n\",\"datePublished\":\"2021-11-29T15:06:00+00:00\",\"dateModified\":\"2021-11-30T15:09:42+00:00\",\"mainEntityOfPage\":{\"@id\":\"https:\/\/www.bolipuertos.gob.ve\/?p=19627#webpage\"},\"wordCount\":224,\"publisher\":{\"@id\":\"https:\/\/www.bolipuertos.gob.ve\/#organization\"},\"image\":{\"@id\":\"https:\/\/www.bolipuertos.gob.ve\/?p=19627#primaryimage\"},\"thumbnailUrl\":\"https:\/\/www.bolipuertos.gob.ve\/wp-content\/uploads\/2021\/11\/WhatsApp-Image-2021-11-25-at-10.35.54-AM.jpeg\",\"articleSection\":[\"Noticias\"],\"inLanguage\":\"es\"},{\"@type\":\"Person\",\"@id\":\"https:\/\/www.bolipuertos.gob.ve\/#\/schema\/person\/fbc9953430061007569726558d2dee79\",\"name\":\"KEILA SANDIA\",\"image\":{\"@type\":\"ImageObject\",\"@id\":\"https:\/\/www.bolipuertos.gob.ve\/#personlogo\",\"inLanguage\":\"es\",\"url\":\"https:\/\/secure.gravatar.com\/avatar\/de6cf962bf400d5c06bd236177bc97f1?s=96&d=mm&r=g\",\"contentUrl\":\"https:\/\/secure.gravatar.com\/avatar\/de6cf962bf400d5c06bd236177bc97f1?s=96&d=mm&r=g\",\"caption\":\"KEILA SANDIA\"},\"url\":\"https:\/\/www.bolipuertos.gob.ve\/?author=9\"}]}<\/script>\n<!-- \/ Yoast SEO plugin. -->","yoast_head_json":{"title":"Desde la Terminal  Intermodal de Carga Puerto Seco \"Batalla de Araure\" Bolipuertos ha movilizado m\u00e1s de 1.558 Tm de carga de exportaci\u00f3n &middot; Bolipuertos S.A.","description":"Bolipuertos S.A","robots":{"index":"index","follow":"follow","max-snippet":"max-snippet:-1","max-image-preview":"max-image-preview:large","max-video-preview":"max-video-preview:-1"},"canonical":"https:\/\/www.bolipuertos.gob.ve\/?p=19627","og_locale":"es_ES","og_type":"article","og_title":"Desde la Terminal  Intermodal de Carga Puerto Seco \"Batalla de Araure\" Bolipuertos ha movilizado m\u00e1s de 1.558 Tm de carga de exportaci\u00f3n &middot; Bolipuertos S.A.","og_description":"Bolipuertos S.A","og_url":"https:\/\/www.bolipuertos.gob.ve\/?p=19627","og_site_name":"Bolipuertos S.A.","article_publisher":"https:\/\/www.facebook.com\/bolipuertos.puertos","article_published_time":"2021-11-29T15:06:00+00:00","article_modified_time":"2021-11-30T15:09:42+00:00","og_image":[{"width":1040,"height":780,"url":"https:\/\/www.bolipuertos.gob.ve\/wp-content\/uploads\/2021\/11\/WhatsApp-Image-2021-11-25-at-10.35.54-AM.jpeg","type":"image\/jpeg"}],"twitter_card":"summary_large_image","twitter_misc":{"Escrito por":"KEILA SANDIA","Tiempo de lectura":"1 minuto"},"schema":{"@context":"https:\/\/schema.org","@graph":[{"@type":"Organization","@id":"https:\/\/www.bolipuertos.gob.ve\/#organization","name":"bolipuertos","url":"https:\/\/www.bolipuertos.gob.ve\/","sameAs":["https:\/\/www.facebook.com\/bolipuertos.puertos","https:\/\/www.instagram.com\/bolipuertosgob\/","https:\/\/www.youtube.com\/channel\/UCSev7gH4fp-5HWWOjZANLoQ"],"logo":{"@type":"ImageObject","@id":"https:\/\/www.bolipuertos.gob.ve\/#logo","inLanguage":"es","url":"https:\/\/www.bolipuertos.gob.ve\/wp-content\/uploads\/2021\/10\/logo_bolipuertos.png","contentUrl":"https:\/\/www.bolipuertos.gob.ve\/wp-content\/uploads\/2021\/10\/logo_bolipuertos.png","width":220,"height":150,"caption":"bolipuertos"},"image":{"@id":"https:\/\/www.bolipuertos.gob.ve\/#logo"}},{"@type":"WebSite","@id":"https:\/\/www.bolipuertos.gob.ve\/#website","url":"https:\/\/www.bolipuertos.gob.ve\/","name":"Bolipuertos S.A.","description":"Bolipuertos S.A.","publisher":{"@id":"https:\/\/www.bolipuertos.gob.ve\/#organization"},"potentialAction":[{"@type":"SearchAction","target":{"@type":"EntryPoint","urlTemplate":"https:\/\/www.bolipuertos.gob.ve\/?s={search_term_string}"},"query-input":"required name=search_term_string"}],"inLanguage":"es"},{"@type":"ImageObject","@id":"https:\/\/www.bolipuertos.gob.ve\/?p=19627#primaryimage","inLanguage":"es","url":"https:\/\/www.bolipuertos.gob.ve\/wp-content\/uploads\/2021\/11\/WhatsApp-Image-2021-11-25-at-10.35.54-AM.jpeg","contentUrl":"https:\/\/www.bolipuertos.gob.ve\/wp-content\/uploads\/2021\/11\/WhatsApp-Image-2021-11-25-at-10.35.54-AM.jpeg","width":1040,"height":780},{"@type":"WebPage","@id":"https:\/\/www.bolipuertos.gob.ve\/?p=19627#webpage","url":"https:\/\/www.bolipuertos.gob.ve\/?p=19627","name":"Desde la Terminal Intermodal de Carga Puerto Seco \"Batalla de Araure\" Bolipuertos ha movilizado m\u00e1s de 1.558 Tm de carga de exportaci\u00f3n &middot; Bolipuertos S.A.","isPartOf":{"@id":"https:\/\/www.bolipuertos.gob.ve\/#website"},"primaryImageOfPage":{"@id":"https:\/\/www.bolipuertos.gob.ve\/?p=19627#primaryimage"},"datePublished":"2021-11-29T15:06:00+00:00","dateModified":"2021-11-30T15:09:42+00:00","description":"Bolipuertos S.A","breadcrumb":{"@id":"https:\/\/www.bolipuertos.gob.ve\/?p=19627#breadcrumb"},"inLanguage":"es","potentialAction":[{"@type":"ReadAction","target":["https:\/\/www.bolipuertos.gob.ve\/?p=19627"]}]},{"@type":"BreadcrumbList","@id":"https:\/\/www.bolipuertos.gob.ve\/?p=19627#breadcrumb","itemListElement":[{"@type":"ListItem","position":1,"name":"Portada","item":"https:\/\/www.bolipuertos.gob.ve\/"},{"@type":"ListItem","position":2,"name":"Desde la Terminal Intermodal de Carga Puerto Seco \u00abBatalla de Araure\u00bb Bolipuertos ha movilizado m\u00e1s de 1.558 Tm de carga de exportaci\u00f3n"}]},{"@type":"Article","@id":"https:\/\/www.bolipuertos.gob.ve\/?p=19627#article","isPartOf":{"@id":"https:\/\/www.bolipuertos.gob.ve\/?p=19627#webpage"},"author":{"@id":"https:\/\/www.bolipuertos.gob.ve\/#\/schema\/person\/fbc9953430061007569726558d2dee79"},"headline":"Desde la Terminal Intermodal de Carga Puerto Seco \u00abBatalla de Araure\u00bb Bolipuertos ha movilizado m\u00e1s de 1.558 Tm de carga de exportaci\u00f3n","datePublished":"2021-11-29T15:06:00+00:00","dateModified":"2021-11-30T15:09:42+00:00","mainEntityOfPage":{"@id":"https:\/\/www.bolipuertos.gob.ve\/?p=19627#webpage"},"wordCount":224,"publisher":{"@id":"https:\/\/www.bolipuertos.gob.ve\/#organization"},"image":{"@id":"https:\/\/www.bolipuertos.gob.ve\/?p=19627#primaryimage"},"thumbnailUrl":"https:\/\/www.bolipuertos.gob.ve\/wp-content\/uploads\/2021\/11\/WhatsApp-Image-2021-11-25-at-10.35.54-AM.jpeg","articleSection":["Noticias"],"inLanguage":"es"},{"@type":"Person","@id":"https:\/\/www.bolipuertos.gob.ve\/#\/schema\/person\/fbc9953430061007569726558d2dee79","name":"KEILA SANDIA","image":{"@type":"ImageObject","@id":"https:\/\/www.bolipuertos.gob.ve\/#personlogo","inLanguage":"es","url":"https:\/\/secure.gravatar.com\/avatar\/de6cf962bf400d5c06bd236177bc97f1?s=96&d=mm&r=g","contentUrl":"https:\/\/secure.gravatar.com\/avatar\/de6cf962bf400d5c06bd236177bc97f1?s=96&d=mm&r=g","caption":"KEILA SANDIA"},"url":"https:\/\/www.bolipuertos.gob.ve\/?author=9"}]}},"_links":{"self":[{"href":"https:\/\/www.bolipuertos.gob.ve\/index.php?rest_route=\/wp\/v2\/posts\/19627"}],"collection":[{"href":"https:\/\/www.bolipuertos.gob.ve\/index.php?rest_route=\/wp\/v2\/posts"}],"about":[{"href":"https:\/\/www.bolipuertos.gob.ve\/index.php?rest_route=\/wp\/v2\/types\/post"}],"author":[{"embeddable":true,"href":"https:\/\/www.bolipuertos.gob.ve\/index.php?rest_route=\/wp\/v2\/users\/9"}],"replies":[{"embeddable":true,"href":"https:\/\/www.bolipuertos.gob.ve\/index.php?rest_route=%2Fwp%2Fv2%2Fcomments&post=19627"}],"version-history":[{"count":4,"href":"https:\/\/www.bolipuertos.gob.ve\/index.php?rest_route=\/wp\/v2\/posts\/19627\/revisions"}],"predecessor-version":[{"id":19632,"href":"https:\/\/www.bolipuertos.gob.ve\/index.php?rest_route=\/wp\/v2\/posts\/19627\/revisions\/19632"}],"wp:featuredmedia":[{"embeddable":true,"href":"https:\/\/www.bolipuertos.gob.ve\/index.php?rest_route=\/wp\/v2\/media\/19628"}],"wp:attachment":[{"href":"https:\/\/www.bolipuertos.gob.ve\/index.php?rest_route=%2Fwp%2Fv2%2Fmedia&parent=19627"}],"wp:term":[{"taxonomy":"category","embeddable":true,"href":"https:\/\/www.bolipuertos.gob.ve\/index.php?rest_route=%2Fwp%2Fv2%2Fcategories&post=19627"},{"taxonomy":"post_tag","embeddable":true,"href":"https:\/\/www.bolipuertos.gob.ve\/index.php?rest_route=%2Fwp%2Fv2%2Ftags&post=19627"}],"curies":[{"name":"wp","href":"https:\/\/api.w.org\/{rel}","templated":true}]}}