{"id":19832,"date":"2021-11-25T21:19:00","date_gmt":"2021-11-26T01:19:00","guid":{"rendered":"https:\/\/www.bolipuertos.gob.ve\/?p=19832"},"modified":"2021-12-12T21:22:35","modified_gmt":"2021-12-13T01:22:35","slug":"venezuela-instala-comision-presidencial-del-fondo-verde-para-el-clima","status":"publish","type":"post","link":"https:\/\/www.bolipuertos.gob.ve\/?p=19832","title":{"rendered":"Venezuela instala Comisi\u00f3n Presidencial del Fondo Verde para el Clima"},"content":{"rendered":"\t\t<div data-elementor-type=\"wp-post\" data-elementor-id=\"19832\" class=\"elementor elementor-19832\">\n\t\t\t\t\t\t\t\t\t<section class=\"elementor-section elementor-top-section elementor-element elementor-element-db0ad37 elementor-section-stretched elementor-section-boxed elementor-section-height-default elementor-section-height-default\" data-id=\"db0ad37\" data-element_type=\"section\" data-settings=\"{&quot;stretch_section&quot;:&quot;section-stretched&quot;}\">\n\t\t\t\t\t\t<div class=\"elementor-container elementor-column-gap-default\">\n\t\t\t\t\t<div class=\"elementor-column elementor-col-100 elementor-top-column elementor-element elementor-element-cf2d2c9\" data-id=\"cf2d2c9\" data-element_type=\"column\">\n\t\t\t<div class=\"elementor-widget-wrap elementor-element-populated\">\n\t\t\t\t\t\t\t\t<div class=\"elementor-element elementor-element-3c074c5 elementor-widget elementor-widget-text-editor\" data-id=\"3c074c5\" data-element_type=\"widget\" data-widget_type=\"text-editor.default\">\n\t\t\t\t<div class=\"elementor-widget-container\">\n\t\t\t\t\t\t\t<p>Con la finalidad de revisar los proyectos que se presentar\u00e1n ante el Fondo Verde, este jueves se instal\u00f3 en Venezuela la \u201cComisi\u00f3n Presidencial del Comit\u00e9 Nacional del Fondo Verde para el Clima\u201d.<\/p><p>La actividad fue encabezada por la\u00a0<strong>Vicepresidencia de Planificaci\u00f3n<\/strong>\u00a0y el\u00a0<strong>Ministerio del Poder Popular para el Ecosocialismo<\/strong>, \u00e9ste como representante designado por el presidente de la Rep\u00fablica Bolivariana de Venezuela,<a href=\"https:\/\/twitter.com\/NicolasMaduro\" target=\"_blank\" rel=\"noopener\"><em><strong>\u00a0Nicol\u00e1s Maduro<\/strong><\/em><\/a>\u00a0ante el Fondo Verde a nivel internacional y que tiene como objetivo adecuar los proyectos de la materia a los esquemas del Plan de la Patria, divulg\u00f3 en nota de prensa el Ministerio.<\/p><p>Durante su participaci\u00f3n, el vicepresidente de Planificaci\u00f3n, Ricardo Men\u00e9ndez, asever\u00f3 que \u201cVenezuela est\u00e1 viendo la oportunidad para mostrar al mundo que el tema del ecosocialismo no debe ser una bandera de marketing, un simple aspecto para hacer publicidad, sino que se corresponde con una forma intr\u00ednseca que tenemos los venezolanos y que est\u00e1 contenida en el Plan de la Patria para construir un nuevo modelo de sociedad, en equilibrio con el ambiente y en denuncia de los desmanes que ha hecho el capitalismo a nivel mundial, en funci\u00f3n de las afecciones clim\u00e1ticas\u201d.<\/p><p>El tambi\u00e9n Ministro de Planificaci\u00f3n, destac\u00f3 que \u201cpara Venezuela, el ecosocialismo es un tema transversal, es un tema estructural para la construcci\u00f3n de nuestro Socialismo\u201d.<\/p><p>Dijo que temas como el derecho a la ciudad, los nuevos esquemas productivos, el dise\u00f1o bioclim\u00e1tico de la Gran Misi\u00f3n Vivienda Venezuela, son algunos de los proyectos que la Comisi\u00f3n estar\u00e1 desarrollando, articulados con el Sistema de Naciones Unidas.<\/p><p>Por su parte, el ministro del Poder Popular para el Ecosocialismo, Josu\u00e9 Lorca, puntualiz\u00f3 que este Comit\u00e9 priorizar\u00e1 los proyectos de desarrollo del pa\u00eds en esta nueva etapa, \u201cdonde buscamos demostrarle al mundo con nuestra propuesta el ecosocialismo que en Venezuela se construye, basado en un modelo alternativo, amigable con el ambiente y con los seres vivos, como lo manifiesta nuestro Plan de la Patria\u201d.<\/p><p>Esta Comisi\u00f3n presidencial estar\u00e1 tambi\u00e9n integrada por servidoras y servidores de los Ministerios del Poder Popular para Relaciones Exteriores; Econom\u00eda, Finanzas y Comercio Exterior; Industrias y Producci\u00f3n Nacional; Pueblos Ind\u00edgenas; H\u00e1bitat y Vivienda; y de Atenci\u00f3n de Aguas.<\/p><p><strong>Fuente: VTV<\/strong><\/p>\t\t\t\t\t\t<\/div>\n\t\t\t\t<\/div>\n\t\t\t\t\t<\/div>\n\t\t<\/div>\n\t\t\t\t\t\t\t<\/div>\n\t\t<\/section>\n\t\t\t\t\t\t\t<\/div>\n\t\t","protected":false},"excerpt":{"rendered":"<p>Con la finalidad de revisar los proyectos que se presentar\u00e1n ante el Fondo Verde, este jueves se instal\u00f3 en Venezuela la \u201cComisi\u00f3n [&hellip;]<\/p>\n","protected":false},"author":9,"featured_media":0,"comment_status":"closed","ping_status":"closed","sticky":false,"template":"","format":"standard","meta":[],"categories":[4],"tags":[],"yoast_head":"<!-- This site is optimized with the Yoast SEO plugin v17.6 - https:\/\/yoast.com\/wordpress\/plugins\/seo\/ -->\n<title>Venezuela instala Comisi\u00f3n Presidencial del Fondo Verde para el Clima &middot; Bolipuertos S.A.<\/title>\n<meta name=\"description\" content=\"Bolipuertos S.A\" \/>\n<meta name=\"robots\" content=\"index, follow, max-snippet:-1, max-image-preview:large, max-video-preview:-1\" \/>\n<link rel=\"canonical\" href=\"https:\/\/www.bolipuertos.gob.ve\/?p=19832\" \/>\n<meta property=\"og:locale\" content=\"es_ES\" \/>\n<meta property=\"og:type\" content=\"article\" \/>\n<meta property=\"og:title\" content=\"Venezuela instala Comisi\u00f3n Presidencial del Fondo Verde para el Clima &middot; Bolipuertos S.A.\" \/>\n<meta property=\"og:description\" content=\"Bolipuertos S.A\" \/>\n<meta property=\"og:url\" content=\"https:\/\/www.bolipuertos.gob.ve\/?p=19832\" \/>\n<meta property=\"og:site_name\" content=\"Bolipuertos S.A.\" \/>\n<meta property=\"article:publisher\" content=\"https:\/\/www.facebook.com\/bolipuertos.puertos\" \/>\n<meta property=\"article:published_time\" content=\"2021-11-26T01:19:00+00:00\" \/>\n<meta property=\"article:modified_time\" content=\"2021-12-13T01:22:35+00:00\" \/>\n<meta property=\"og:image\" content=\"https:\/\/www.bolipuertos.gob.ve\/wp-content\/uploads\/2021\/12\/Comision-fondo-verde-.jpeg\" \/>\n\t<meta property=\"og:image:width\" content=\"800\" \/>\n\t<meta property=\"og:image:height\" content=\"445\" \/>\n<meta name=\"twitter:card\" content=\"summary_large_image\" \/>\n<meta name=\"twitter:label1\" content=\"Escrito por\" \/>\n\t<meta name=\"twitter:data1\" content=\"KEILA SANDIA\" \/>\n\t<meta name=\"twitter:label2\" content=\"Tiempo de lectura\" \/>\n\t<meta name=\"twitter:data2\" content=\"2 minutos\" \/>\n<script type=\"application\/ld+json\" class=\"yoast-schema-graph\">{\"@context\":\"https:\/\/schema.org\",\"@graph\":[{\"@type\":\"Organization\",\"@id\":\"https:\/\/www.bolipuertos.gob.ve\/#organization\",\"name\":\"bolipuertos\",\"url\":\"https:\/\/www.bolipuertos.gob.ve\/\",\"sameAs\":[\"https:\/\/www.facebook.com\/bolipuertos.puertos\",\"https:\/\/www.instagram.com\/bolipuertosgob\/\",\"https:\/\/www.youtube.com\/channel\/UCSev7gH4fp-5HWWOjZANLoQ\"],\"logo\":{\"@type\":\"ImageObject\",\"@id\":\"https:\/\/www.bolipuertos.gob.ve\/#logo\",\"inLanguage\":\"es\",\"url\":\"https:\/\/www.bolipuertos.gob.ve\/wp-content\/uploads\/2021\/10\/logo_bolipuertos.png\",\"contentUrl\":\"https:\/\/www.bolipuertos.gob.ve\/wp-content\/uploads\/2021\/10\/logo_bolipuertos.png\",\"width\":220,\"height\":150,\"caption\":\"bolipuertos\"},\"image\":{\"@id\":\"https:\/\/www.bolipuertos.gob.ve\/#logo\"}},{\"@type\":\"WebSite\",\"@id\":\"https:\/\/www.bolipuertos.gob.ve\/#website\",\"url\":\"https:\/\/www.bolipuertos.gob.ve\/\",\"name\":\"Bolipuertos S.A.\",\"description\":\"Bolipuertos S.A.\",\"publisher\":{\"@id\":\"https:\/\/www.bolipuertos.gob.ve\/#organization\"},\"potentialAction\":[{\"@type\":\"SearchAction\",\"target\":{\"@type\":\"EntryPoint\",\"urlTemplate\":\"https:\/\/www.bolipuertos.gob.ve\/?s={search_term_string}\"},\"query-input\":\"required name=search_term_string\"}],\"inLanguage\":\"es\"},{\"@type\":\"WebPage\",\"@id\":\"https:\/\/www.bolipuertos.gob.ve\/?p=19832#webpage\",\"url\":\"https:\/\/www.bolipuertos.gob.ve\/?p=19832\",\"name\":\"Venezuela instala Comisi\\u00f3n Presidencial del Fondo Verde para el Clima &middot; Bolipuertos S.A.\",\"isPartOf\":{\"@id\":\"https:\/\/www.bolipuertos.gob.ve\/#website\"},\"datePublished\":\"2021-11-26T01:19:00+00:00\",\"dateModified\":\"2021-12-13T01:22:35+00:00\",\"description\":\"Bolipuertos S.A\",\"breadcrumb\":{\"@id\":\"https:\/\/www.bolipuertos.gob.ve\/?p=19832#breadcrumb\"},\"inLanguage\":\"es\",\"potentialAction\":[{\"@type\":\"ReadAction\",\"target\":[\"https:\/\/www.bolipuertos.gob.ve\/?p=19832\"]}]},{\"@type\":\"BreadcrumbList\",\"@id\":\"https:\/\/www.bolipuertos.gob.ve\/?p=19832#breadcrumb\",\"itemListElement\":[{\"@type\":\"ListItem\",\"position\":1,\"name\":\"Portada\",\"item\":\"https:\/\/www.bolipuertos.gob.ve\/\"},{\"@type\":\"ListItem\",\"position\":2,\"name\":\"Venezuela instala Comisi\\u00f3n Presidencial del Fondo Verde para el Clima\"}]},{\"@type\":\"Article\",\"@id\":\"https:\/\/www.bolipuertos.gob.ve\/?p=19832#article\",\"isPartOf\":{\"@id\":\"https:\/\/www.bolipuertos.gob.ve\/?p=19832#webpage\"},\"author\":{\"@id\":\"https:\/\/www.bolipuertos.gob.ve\/#\/schema\/person\/fbc9953430061007569726558d2dee79\"},\"headline\":\"Venezuela instala Comisi\\u00f3n Presidencial del Fondo Verde para el Clima\",\"datePublished\":\"2021-11-26T01:19:00+00:00\",\"dateModified\":\"2021-12-13T01:22:35+00:00\",\"mainEntityOfPage\":{\"@id\":\"https:\/\/www.bolipuertos.gob.ve\/?p=19832#webpage\"},\"wordCount\":396,\"publisher\":{\"@id\":\"https:\/\/www.bolipuertos.gob.ve\/#organization\"},\"articleSection\":[\"Noticias Gobierno Bolivariano\"],\"inLanguage\":\"es\"},{\"@type\":\"Person\",\"@id\":\"https:\/\/www.bolipuertos.gob.ve\/#\/schema\/person\/fbc9953430061007569726558d2dee79\",\"name\":\"KEILA SANDIA\",\"image\":{\"@type\":\"ImageObject\",\"@id\":\"https:\/\/www.bolipuertos.gob.ve\/#personlogo\",\"inLanguage\":\"es\",\"url\":\"https:\/\/secure.gravatar.com\/avatar\/de6cf962bf400d5c06bd236177bc97f1?s=96&d=mm&r=g\",\"contentUrl\":\"https:\/\/secure.gravatar.com\/avatar\/de6cf962bf400d5c06bd236177bc97f1?s=96&d=mm&r=g\",\"caption\":\"KEILA SANDIA\"},\"url\":\"https:\/\/www.bolipuertos.gob.ve\/?author=9\"}]}<\/script>\n<!-- \/ Yoast SEO plugin. -->","yoast_head_json":{"title":"Venezuela instala Comisi\u00f3n Presidencial del Fondo Verde para el Clima &middot; Bolipuertos S.A.","description":"Bolipuertos S.A","robots":{"index":"index","follow":"follow","max-snippet":"max-snippet:-1","max-image-preview":"max-image-preview:large","max-video-preview":"max-video-preview:-1"},"canonical":"https:\/\/www.bolipuertos.gob.ve\/?p=19832","og_locale":"es_ES","og_type":"article","og_title":"Venezuela instala Comisi\u00f3n Presidencial del Fondo Verde para el Clima &middot; Bolipuertos S.A.","og_description":"Bolipuertos S.A","og_url":"https:\/\/www.bolipuertos.gob.ve\/?p=19832","og_site_name":"Bolipuertos S.A.","article_publisher":"https:\/\/www.facebook.com\/bolipuertos.puertos","article_published_time":"2021-11-26T01:19:00+00:00","article_modified_time":"2021-12-13T01:22:35+00:00","og_image":[{"width":800,"height":445,"url":"https:\/\/www.bolipuertos.gob.ve\/wp-content\/uploads\/2021\/12\/Comision-fondo-verde-.jpeg","type":"image\/jpeg"}],"twitter_card":"summary_large_image","twitter_misc":{"Escrito por":"KEILA SANDIA","Tiempo de lectura":"2 minutos"},"schema":{"@context":"https:\/\/schema.org","@graph":[{"@type":"Organization","@id":"https:\/\/www.bolipuertos.gob.ve\/#organization","name":"bolipuertos","url":"https:\/\/www.bolipuertos.gob.ve\/","sameAs":["https:\/\/www.facebook.com\/bolipuertos.puertos","https:\/\/www.instagram.com\/bolipuertosgob\/","https:\/\/www.youtube.com\/channel\/UCSev7gH4fp-5HWWOjZANLoQ"],"logo":{"@type":"ImageObject","@id":"https:\/\/www.bolipuertos.gob.ve\/#logo","inLanguage":"es","url":"https:\/\/www.bolipuertos.gob.ve\/wp-content\/uploads\/2021\/10\/logo_bolipuertos.png","contentUrl":"https:\/\/www.bolipuertos.gob.ve\/wp-content\/uploads\/2021\/10\/logo_bolipuertos.png","width":220,"height":150,"caption":"bolipuertos"},"image":{"@id":"https:\/\/www.bolipuertos.gob.ve\/#logo"}},{"@type":"WebSite","@id":"https:\/\/www.bolipuertos.gob.ve\/#website","url":"https:\/\/www.bolipuertos.gob.ve\/","name":"Bolipuertos S.A.","description":"Bolipuertos S.A.","publisher":{"@id":"https:\/\/www.bolipuertos.gob.ve\/#organization"},"potentialAction":[{"@type":"SearchAction","target":{"@type":"EntryPoint","urlTemplate":"https:\/\/www.bolipuertos.gob.ve\/?s={search_term_string}"},"query-input":"required name=search_term_string"}],"inLanguage":"es"},{"@type":"WebPage","@id":"https:\/\/www.bolipuertos.gob.ve\/?p=19832#webpage","url":"https:\/\/www.bolipuertos.gob.ve\/?p=19832","name":"Venezuela instala Comisi\u00f3n Presidencial del Fondo Verde para el Clima &middot; Bolipuertos S.A.","isPartOf":{"@id":"https:\/\/www.bolipuertos.gob.ve\/#website"},"datePublished":"2021-11-26T01:19:00+00:00","dateModified":"2021-12-13T01:22:35+00:00","description":"Bolipuertos S.A","breadcrumb":{"@id":"https:\/\/www.bolipuertos.gob.ve\/?p=19832#breadcrumb"},"inLanguage":"es","potentialAction":[{"@type":"ReadAction","target":["https:\/\/www.bolipuertos.gob.ve\/?p=19832"]}]},{"@type":"BreadcrumbList","@id":"https:\/\/www.bolipuertos.gob.ve\/?p=19832#breadcrumb","itemListElement":[{"@type":"ListItem","position":1,"name":"Portada","item":"https:\/\/www.bolipuertos.gob.ve\/"},{"@type":"ListItem","position":2,"name":"Venezuela instala Comisi\u00f3n Presidencial del Fondo Verde para el Clima"}]},{"@type":"Article","@id":"https:\/\/www.bolipuertos.gob.ve\/?p=19832#article","isPartOf":{"@id":"https:\/\/www.bolipuertos.gob.ve\/?p=19832#webpage"},"author":{"@id":"https:\/\/www.bolipuertos.gob.ve\/#\/schema\/person\/fbc9953430061007569726558d2dee79"},"headline":"Venezuela instala Comisi\u00f3n Presidencial del Fondo Verde para el Clima","datePublished":"2021-11-26T01:19:00+00:00","dateModified":"2021-12-13T01:22:35+00:00","mainEntityOfPage":{"@id":"https:\/\/www.bolipuertos.gob.ve\/?p=19832#webpage"},"wordCount":396,"publisher":{"@id":"https:\/\/www.bolipuertos.gob.ve\/#organization"},"articleSection":["Noticias Gobierno Bolivariano"],"inLanguage":"es"},{"@type":"Person","@id":"https:\/\/www.bolipuertos.gob.ve\/#\/schema\/person\/fbc9953430061007569726558d2dee79","name":"KEILA SANDIA","image":{"@type":"ImageObject","@id":"https:\/\/www.bolipuertos.gob.ve\/#personlogo","inLanguage":"es","url":"https:\/\/secure.gravatar.com\/avatar\/de6cf962bf400d5c06bd236177bc97f1?s=96&d=mm&r=g","contentUrl":"https:\/\/secure.gravatar.com\/avatar\/de6cf962bf400d5c06bd236177bc97f1?s=96&d=mm&r=g","caption":"KEILA SANDIA"},"url":"https:\/\/www.bolipuertos.gob.ve\/?author=9"}]}},"_links":{"self":[{"href":"https:\/\/www.bolipuertos.gob.ve\/index.php?rest_route=\/wp\/v2\/posts\/19832"}],"collection":[{"href":"https:\/\/www.bolipuertos.gob.ve\/index.php?rest_route=\/wp\/v2\/posts"}],"about":[{"href":"https:\/\/www.bolipuertos.gob.ve\/index.php?rest_route=\/wp\/v2\/types\/post"}],"author":[{"embeddable":true,"href":"https:\/\/www.bolipuertos.gob.ve\/index.php?rest_route=\/wp\/v2\/users\/9"}],"replies":[{"embeddable":true,"href":"https:\/\/www.bolipuertos.gob.ve\/index.php?rest_route=%2Fwp%2Fv2%2Fcomments&post=19832"}],"version-history":[{"count":4,"href":"https:\/\/www.bolipuertos.gob.ve\/index.php?rest_route=\/wp\/v2\/posts\/19832\/revisions"}],"predecessor-version":[{"id":19837,"href":"https:\/\/www.bolipuertos.gob.ve\/index.php?rest_route=\/wp\/v2\/posts\/19832\/revisions\/19837"}],"wp:attachment":[{"href":"https:\/\/www.bolipuertos.gob.ve\/index.php?rest_route=%2Fwp%2Fv2%2Fmedia&parent=19832"}],"wp:term":[{"taxonomy":"category","embeddable":true,"href":"https:\/\/www.bolipuertos.gob.ve\/index.php?rest_route=%2Fwp%2Fv2%2Fcategories&post=19832"},{"taxonomy":"post_tag","embeddable":true,"href":"https:\/\/www.bolipuertos.gob.ve\/index.php?rest_route=%2Fwp%2Fv2%2Ftags&post=19832"}],"curies":[{"name":"wp","href":"https:\/\/api.w.org\/{rel}","templated":true}]}}