{"id":26129,"date":"2023-10-21T21:16:43","date_gmt":"2023-10-22T01:16:43","guid":{"rendered":"https:\/\/www.bolipuertos.gob.ve\/?p=26129"},"modified":"2023-10-21T21:18:36","modified_gmt":"2023-10-22T01:18:36","slug":"segunda-edicion-de-la-expo-transporte-venezuela-2023-se-realizara-en-diciembre","status":"publish","type":"post","link":"https:\/\/www.bolipuertos.gob.ve\/?p=26129","title":{"rendered":"Segunda edici\u00f3n de la Expo Transporte Venezuela 2023 se realizar\u00e1 en diciembre"},"content":{"rendered":"\t\t<div data-elementor-type=\"wp-post\" data-elementor-id=\"26129\" class=\"elementor elementor-26129\">\n\t\t\t\t\t\t\t\t\t<section class=\"elementor-section elementor-top-section elementor-element elementor-element-dc6d564 elementor-section-boxed elementor-section-height-default elementor-section-height-default\" data-id=\"dc6d564\" data-element_type=\"section\">\n\t\t\t\t\t\t<div class=\"elementor-container elementor-column-gap-default\">\n\t\t\t\t\t<div class=\"elementor-column elementor-col-100 elementor-top-column elementor-element elementor-element-4f07919\" data-id=\"4f07919\" data-element_type=\"column\">\n\t\t\t<div class=\"elementor-widget-wrap elementor-element-populated\">\n\t\t\t\t\t\t\t\t<div class=\"elementor-element elementor-element-8bf99d6 elementor-widget elementor-widget-text-editor\" data-id=\"8bf99d6\" data-element_type=\"widget\" data-widget_type=\"text-editor.default\">\n\t\t\t\t<div class=\"elementor-widget-container\">\n\t\t\t\t\t\t\t<p>Con el prop\u00f3sito de consolidar nuevas alianzas entre empresas p\u00fablicas y privadas del sector transporte, y mostrar los avances logrados, en el mes de diciembre, se realizar\u00e1 la segunda edici\u00f3n de la\u00a0<strong>Expo Transporte Venezuela 2023<\/strong>, inform\u00f3 el ministro\u00a0<strong>Ram\u00f3n Vel\u00e1squez Araguay\u00e1n<\/strong>, quien, adem\u00e1s, adelant\u00f3 que el objetivo es promover ruedas de negocios, que permitan fortalecer el desarrollo del motor transporte del pa\u00eds, como parte de las pol\u00edticas p\u00fablicas emanadas por el presidente de la Rep\u00fablica Bolivariana de Venezuela,\u00a0<strong>Nicol\u00e1s Maduro<\/strong>.<\/p><p>Desde el Parque Sim\u00f3n Bol\u00edvar de la Base A\u00e9rea La Carlota, el ministro Vel\u00e1squez Araguay\u00e1n anunci\u00f3 que \u201cse espera, que la cita supere las alianzas y acuerdos logrados del a\u00f1o 2022, donde alrededor de 124 cartas de intenci\u00f3n fueron firmadas y 59 se han materializado a lo largo del 2023, para lograr as\u00ed el 48% del objetivo principal.<\/p><p>De esta manera, la expo potenciar\u00e1 el v\u00e9rtice 6 de la Gran Misi\u00f3n Transporte Venezuela, para promover el desarrollo productivo, distribuci\u00f3n, y comercializaci\u00f3n de la industria automotriz de Venezuela, mediante el desarrollo del Sistema Industrial Nacional, y el v\u00e9rtice 7, que fomenta la creaci\u00f3n de un Sistema Integrado de Transporte Multimodal, con el fin de garantizar la movilidad de personas, bienes y servicios de forma r\u00e1pida, segura, y eficiente, en los sectores terrestre, acu\u00e1tico, a\u00e9reo y ferroviario.<\/p><p>Asimismo, contar\u00e1 con la participaci\u00f3n del INTT, INEA, INAC y dem\u00e1s instituciones p\u00fablicas, para mostrar sus grandes aportes, nuevos proyectos y ofreci\u00e9ndole al pueblo sus servicios, que demuestran que, a pesar de las dificultades, se sigue en crecimiento. Adem\u00e1s, contar\u00e1 con un pabell\u00f3n internacional, para visualizar el desarrollo del sector transporte en los diferentes pa\u00edses, que tendr\u00e1n participaci\u00f3n durante este evento de gran magnitud.<\/p><p>Durante la rueda de prensa de la segunda edici\u00f3n, el ministro Ram\u00f3n Vel\u00e1squez Araguay\u00e1n, se\u00f1al\u00f3: \u201cUno de los proyectos que m\u00e1s nos emociona y que podr\u00e1n evidenciar durante el evento, es la implementaci\u00f3n de veh\u00edculos amigables con el ambiente\u2026 esperamos agrupar a m\u00e1s de 1000 empresas p\u00fablicas y privadas con el fin de impulsar el sector econ\u00f3mico, ofreciendo, adem\u00e1s, una alternativa recreacional para el pueblo venezolano\u201d.<\/p><div class=\"fitvids-video\"><strong>Fuente: VTV<\/strong><\/div>\t\t\t\t\t\t<\/div>\n\t\t\t\t<\/div>\n\t\t\t\t\t<\/div>\n\t\t<\/div>\n\t\t\t\t\t\t\t<\/div>\n\t\t<\/section>\n\t\t\t\t\t\t\t<\/div>\n\t\t","protected":false},"excerpt":{"rendered":"<p>Con el prop\u00f3sito de consolidar nuevas alianzas entre empresas p\u00fablicas y privadas del sector transporte, y mostrar los avances logrados, en el [&hellip;]<\/p>\n","protected":false},"author":9,"featured_media":26130,"comment_status":"closed","ping_status":"closed","sticky":false,"template":"","format":"standard","meta":[],"categories":[4],"tags":[],"yoast_head":"<!-- This site is optimized with the Yoast SEO plugin v17.6 - https:\/\/yoast.com\/wordpress\/plugins\/seo\/ -->\n<title>Segunda edici\u00f3n de la Expo Transporte Venezuela 2023 se realizar\u00e1 en diciembre &middot; Bolipuertos S.A.<\/title>\n<meta name=\"description\" content=\"Bolipuertos S.A\" \/>\n<meta name=\"robots\" content=\"index, follow, max-snippet:-1, max-image-preview:large, max-video-preview:-1\" \/>\n<link rel=\"canonical\" href=\"https:\/\/www.bolipuertos.gob.ve\/?p=26129\" \/>\n<meta property=\"og:locale\" content=\"es_ES\" \/>\n<meta property=\"og:type\" content=\"article\" \/>\n<meta property=\"og:title\" content=\"Segunda edici\u00f3n de la Expo Transporte Venezuela 2023 se realizar\u00e1 en diciembre &middot; Bolipuertos S.A.\" \/>\n<meta property=\"og:description\" content=\"Bolipuertos S.A\" \/>\n<meta property=\"og:url\" content=\"https:\/\/www.bolipuertos.gob.ve\/?p=26129\" \/>\n<meta property=\"og:site_name\" content=\"Bolipuertos S.A.\" \/>\n<meta property=\"article:publisher\" content=\"https:\/\/www.facebook.com\/bolipuertos.puertos\" \/>\n<meta property=\"article:published_time\" content=\"2023-10-22T01:16:43+00:00\" \/>\n<meta property=\"article:modified_time\" content=\"2023-10-22T01:18:36+00:00\" \/>\n<meta property=\"og:image\" content=\"https:\/\/www.bolipuertos.gob.ve\/wp-content\/uploads\/2023\/10\/WhatsApp-Image-2023-10-20-at-14.09.24-1.jpeg\" \/>\n\t<meta property=\"og:image:width\" content=\"800\" \/>\n\t<meta property=\"og:image:height\" content=\"445\" \/>\n<meta name=\"twitter:card\" content=\"summary_large_image\" \/>\n<meta name=\"twitter:label1\" content=\"Escrito por\" \/>\n\t<meta name=\"twitter:data1\" content=\"KEILA SANDIA\" \/>\n\t<meta name=\"twitter:label2\" content=\"Tiempo de lectura\" \/>\n\t<meta name=\"twitter:data2\" content=\"2 minutos\" \/>\n<script type=\"application\/ld+json\" class=\"yoast-schema-graph\">{\"@context\":\"https:\/\/schema.org\",\"@graph\":[{\"@type\":\"Organization\",\"@id\":\"https:\/\/www.bolipuertos.gob.ve\/#organization\",\"name\":\"bolipuertos\",\"url\":\"https:\/\/www.bolipuertos.gob.ve\/\",\"sameAs\":[\"https:\/\/www.facebook.com\/bolipuertos.puertos\",\"https:\/\/www.instagram.com\/bolipuertosgob\/\",\"https:\/\/www.youtube.com\/channel\/UCSev7gH4fp-5HWWOjZANLoQ\"],\"logo\":{\"@type\":\"ImageObject\",\"@id\":\"https:\/\/www.bolipuertos.gob.ve\/#logo\",\"inLanguage\":\"es\",\"url\":\"https:\/\/www.bolipuertos.gob.ve\/wp-content\/uploads\/2021\/10\/logo_bolipuertos.png\",\"contentUrl\":\"https:\/\/www.bolipuertos.gob.ve\/wp-content\/uploads\/2021\/10\/logo_bolipuertos.png\",\"width\":220,\"height\":150,\"caption\":\"bolipuertos\"},\"image\":{\"@id\":\"https:\/\/www.bolipuertos.gob.ve\/#logo\"}},{\"@type\":\"WebSite\",\"@id\":\"https:\/\/www.bolipuertos.gob.ve\/#website\",\"url\":\"https:\/\/www.bolipuertos.gob.ve\/\",\"name\":\"Bolipuertos S.A.\",\"description\":\"Bolipuertos S.A.\",\"publisher\":{\"@id\":\"https:\/\/www.bolipuertos.gob.ve\/#organization\"},\"potentialAction\":[{\"@type\":\"SearchAction\",\"target\":{\"@type\":\"EntryPoint\",\"urlTemplate\":\"https:\/\/www.bolipuertos.gob.ve\/?s={search_term_string}\"},\"query-input\":\"required name=search_term_string\"}],\"inLanguage\":\"es\"},{\"@type\":\"ImageObject\",\"@id\":\"https:\/\/www.bolipuertos.gob.ve\/?p=26129#primaryimage\",\"inLanguage\":\"es\",\"url\":\"https:\/\/www.bolipuertos.gob.ve\/wp-content\/uploads\/2023\/10\/WhatsApp-Image-2023-10-20-at-14.09.24-1.jpeg\",\"contentUrl\":\"https:\/\/www.bolipuertos.gob.ve\/wp-content\/uploads\/2023\/10\/WhatsApp-Image-2023-10-20-at-14.09.24-1.jpeg\",\"width\":800,\"height\":445},{\"@type\":\"WebPage\",\"@id\":\"https:\/\/www.bolipuertos.gob.ve\/?p=26129#webpage\",\"url\":\"https:\/\/www.bolipuertos.gob.ve\/?p=26129\",\"name\":\"Segunda edici\\u00f3n de la Expo Transporte Venezuela 2023 se realizar\\u00e1 en diciembre &middot; Bolipuertos S.A.\",\"isPartOf\":{\"@id\":\"https:\/\/www.bolipuertos.gob.ve\/#website\"},\"primaryImageOfPage\":{\"@id\":\"https:\/\/www.bolipuertos.gob.ve\/?p=26129#primaryimage\"},\"datePublished\":\"2023-10-22T01:16:43+00:00\",\"dateModified\":\"2023-10-22T01:18:36+00:00\",\"description\":\"Bolipuertos S.A\",\"breadcrumb\":{\"@id\":\"https:\/\/www.bolipuertos.gob.ve\/?p=26129#breadcrumb\"},\"inLanguage\":\"es\",\"potentialAction\":[{\"@type\":\"ReadAction\",\"target\":[\"https:\/\/www.bolipuertos.gob.ve\/?p=26129\"]}]},{\"@type\":\"BreadcrumbList\",\"@id\":\"https:\/\/www.bolipuertos.gob.ve\/?p=26129#breadcrumb\",\"itemListElement\":[{\"@type\":\"ListItem\",\"position\":1,\"name\":\"Portada\",\"item\":\"https:\/\/www.bolipuertos.gob.ve\/\"},{\"@type\":\"ListItem\",\"position\":2,\"name\":\"Segunda edici\\u00f3n de la Expo Transporte Venezuela 2023 se realizar\\u00e1 en diciembre\"}]},{\"@type\":\"Article\",\"@id\":\"https:\/\/www.bolipuertos.gob.ve\/?p=26129#article\",\"isPartOf\":{\"@id\":\"https:\/\/www.bolipuertos.gob.ve\/?p=26129#webpage\"},\"author\":{\"@id\":\"https:\/\/www.bolipuertos.gob.ve\/#\/schema\/person\/fbc9953430061007569726558d2dee79\"},\"headline\":\"Segunda edici\\u00f3n de la Expo Transporte Venezuela 2023 se realizar\\u00e1 en diciembre\",\"datePublished\":\"2023-10-22T01:16:43+00:00\",\"dateModified\":\"2023-10-22T01:18:36+00:00\",\"mainEntityOfPage\":{\"@id\":\"https:\/\/www.bolipuertos.gob.ve\/?p=26129#webpage\"},\"wordCount\":401,\"publisher\":{\"@id\":\"https:\/\/www.bolipuertos.gob.ve\/#organization\"},\"image\":{\"@id\":\"https:\/\/www.bolipuertos.gob.ve\/?p=26129#primaryimage\"},\"thumbnailUrl\":\"https:\/\/www.bolipuertos.gob.ve\/wp-content\/uploads\/2023\/10\/WhatsApp-Image-2023-10-20-at-14.09.24-1.jpeg\",\"articleSection\":[\"Noticias Gobierno Bolivariano\"],\"inLanguage\":\"es\"},{\"@type\":\"Person\",\"@id\":\"https:\/\/www.bolipuertos.gob.ve\/#\/schema\/person\/fbc9953430061007569726558d2dee79\",\"name\":\"KEILA SANDIA\",\"image\":{\"@type\":\"ImageObject\",\"@id\":\"https:\/\/www.bolipuertos.gob.ve\/#personlogo\",\"inLanguage\":\"es\",\"url\":\"https:\/\/secure.gravatar.com\/avatar\/de6cf962bf400d5c06bd236177bc97f1?s=96&d=mm&r=g\",\"contentUrl\":\"https:\/\/secure.gravatar.com\/avatar\/de6cf962bf400d5c06bd236177bc97f1?s=96&d=mm&r=g\",\"caption\":\"KEILA SANDIA\"},\"url\":\"https:\/\/www.bolipuertos.gob.ve\/?author=9\"}]}<\/script>\n<!-- \/ Yoast SEO plugin. -->","yoast_head_json":{"title":"Segunda edici\u00f3n de la Expo Transporte Venezuela 2023 se realizar\u00e1 en diciembre &middot; Bolipuertos S.A.","description":"Bolipuertos S.A","robots":{"index":"index","follow":"follow","max-snippet":"max-snippet:-1","max-image-preview":"max-image-preview:large","max-video-preview":"max-video-preview:-1"},"canonical":"https:\/\/www.bolipuertos.gob.ve\/?p=26129","og_locale":"es_ES","og_type":"article","og_title":"Segunda edici\u00f3n de la Expo Transporte Venezuela 2023 se realizar\u00e1 en diciembre &middot; Bolipuertos S.A.","og_description":"Bolipuertos S.A","og_url":"https:\/\/www.bolipuertos.gob.ve\/?p=26129","og_site_name":"Bolipuertos S.A.","article_publisher":"https:\/\/www.facebook.com\/bolipuertos.puertos","article_published_time":"2023-10-22T01:16:43+00:00","article_modified_time":"2023-10-22T01:18:36+00:00","og_image":[{"width":800,"height":445,"url":"https:\/\/www.bolipuertos.gob.ve\/wp-content\/uploads\/2023\/10\/WhatsApp-Image-2023-10-20-at-14.09.24-1.jpeg","type":"image\/jpeg"}],"twitter_card":"summary_large_image","twitter_misc":{"Escrito por":"KEILA SANDIA","Tiempo de lectura":"2 minutos"},"schema":{"@context":"https:\/\/schema.org","@graph":[{"@type":"Organization","@id":"https:\/\/www.bolipuertos.gob.ve\/#organization","name":"bolipuertos","url":"https:\/\/www.bolipuertos.gob.ve\/","sameAs":["https:\/\/www.facebook.com\/bolipuertos.puertos","https:\/\/www.instagram.com\/bolipuertosgob\/","https:\/\/www.youtube.com\/channel\/UCSev7gH4fp-5HWWOjZANLoQ"],"logo":{"@type":"ImageObject","@id":"https:\/\/www.bolipuertos.gob.ve\/#logo","inLanguage":"es","url":"https:\/\/www.bolipuertos.gob.ve\/wp-content\/uploads\/2021\/10\/logo_bolipuertos.png","contentUrl":"https:\/\/www.bolipuertos.gob.ve\/wp-content\/uploads\/2021\/10\/logo_bolipuertos.png","width":220,"height":150,"caption":"bolipuertos"},"image":{"@id":"https:\/\/www.bolipuertos.gob.ve\/#logo"}},{"@type":"WebSite","@id":"https:\/\/www.bolipuertos.gob.ve\/#website","url":"https:\/\/www.bolipuertos.gob.ve\/","name":"Bolipuertos S.A.","description":"Bolipuertos S.A.","publisher":{"@id":"https:\/\/www.bolipuertos.gob.ve\/#organization"},"potentialAction":[{"@type":"SearchAction","target":{"@type":"EntryPoint","urlTemplate":"https:\/\/www.bolipuertos.gob.ve\/?s={search_term_string}"},"query-input":"required name=search_term_string"}],"inLanguage":"es"},{"@type":"ImageObject","@id":"https:\/\/www.bolipuertos.gob.ve\/?p=26129#primaryimage","inLanguage":"es","url":"https:\/\/www.bolipuertos.gob.ve\/wp-content\/uploads\/2023\/10\/WhatsApp-Image-2023-10-20-at-14.09.24-1.jpeg","contentUrl":"https:\/\/www.bolipuertos.gob.ve\/wp-content\/uploads\/2023\/10\/WhatsApp-Image-2023-10-20-at-14.09.24-1.jpeg","width":800,"height":445},{"@type":"WebPage","@id":"https:\/\/www.bolipuertos.gob.ve\/?p=26129#webpage","url":"https:\/\/www.bolipuertos.gob.ve\/?p=26129","name":"Segunda edici\u00f3n de la Expo Transporte Venezuela 2023 se realizar\u00e1 en diciembre &middot; Bolipuertos S.A.","isPartOf":{"@id":"https:\/\/www.bolipuertos.gob.ve\/#website"},"primaryImageOfPage":{"@id":"https:\/\/www.bolipuertos.gob.ve\/?p=26129#primaryimage"},"datePublished":"2023-10-22T01:16:43+00:00","dateModified":"2023-10-22T01:18:36+00:00","description":"Bolipuertos S.A","breadcrumb":{"@id":"https:\/\/www.bolipuertos.gob.ve\/?p=26129#breadcrumb"},"inLanguage":"es","potentialAction":[{"@type":"ReadAction","target":["https:\/\/www.bolipuertos.gob.ve\/?p=26129"]}]},{"@type":"BreadcrumbList","@id":"https:\/\/www.bolipuertos.gob.ve\/?p=26129#breadcrumb","itemListElement":[{"@type":"ListItem","position":1,"name":"Portada","item":"https:\/\/www.bolipuertos.gob.ve\/"},{"@type":"ListItem","position":2,"name":"Segunda edici\u00f3n de la Expo Transporte Venezuela 2023 se realizar\u00e1 en diciembre"}]},{"@type":"Article","@id":"https:\/\/www.bolipuertos.gob.ve\/?p=26129#article","isPartOf":{"@id":"https:\/\/www.bolipuertos.gob.ve\/?p=26129#webpage"},"author":{"@id":"https:\/\/www.bolipuertos.gob.ve\/#\/schema\/person\/fbc9953430061007569726558d2dee79"},"headline":"Segunda edici\u00f3n de la Expo Transporte Venezuela 2023 se realizar\u00e1 en diciembre","datePublished":"2023-10-22T01:16:43+00:00","dateModified":"2023-10-22T01:18:36+00:00","mainEntityOfPage":{"@id":"https:\/\/www.bolipuertos.gob.ve\/?p=26129#webpage"},"wordCount":401,"publisher":{"@id":"https:\/\/www.bolipuertos.gob.ve\/#organization"},"image":{"@id":"https:\/\/www.bolipuertos.gob.ve\/?p=26129#primaryimage"},"thumbnailUrl":"https:\/\/www.bolipuertos.gob.ve\/wp-content\/uploads\/2023\/10\/WhatsApp-Image-2023-10-20-at-14.09.24-1.jpeg","articleSection":["Noticias Gobierno Bolivariano"],"inLanguage":"es"},{"@type":"Person","@id":"https:\/\/www.bolipuertos.gob.ve\/#\/schema\/person\/fbc9953430061007569726558d2dee79","name":"KEILA SANDIA","image":{"@type":"ImageObject","@id":"https:\/\/www.bolipuertos.gob.ve\/#personlogo","inLanguage":"es","url":"https:\/\/secure.gravatar.com\/avatar\/de6cf962bf400d5c06bd236177bc97f1?s=96&d=mm&r=g","contentUrl":"https:\/\/secure.gravatar.com\/avatar\/de6cf962bf400d5c06bd236177bc97f1?s=96&d=mm&r=g","caption":"KEILA SANDIA"},"url":"https:\/\/www.bolipuertos.gob.ve\/?author=9"}]}},"_links":{"self":[{"href":"https:\/\/www.bolipuertos.gob.ve\/index.php?rest_route=\/wp\/v2\/posts\/26129"}],"collection":[{"href":"https:\/\/www.bolipuertos.gob.ve\/index.php?rest_route=\/wp\/v2\/posts"}],"about":[{"href":"https:\/\/www.bolipuertos.gob.ve\/index.php?rest_route=\/wp\/v2\/types\/post"}],"author":[{"embeddable":true,"href":"https:\/\/www.bolipuertos.gob.ve\/index.php?rest_route=\/wp\/v2\/users\/9"}],"replies":[{"embeddable":true,"href":"https:\/\/www.bolipuertos.gob.ve\/index.php?rest_route=%2Fwp%2Fv2%2Fcomments&post=26129"}],"version-history":[{"count":4,"href":"https:\/\/www.bolipuertos.gob.ve\/index.php?rest_route=\/wp\/v2\/posts\/26129\/revisions"}],"predecessor-version":[{"id":26135,"href":"https:\/\/www.bolipuertos.gob.ve\/index.php?rest_route=\/wp\/v2\/posts\/26129\/revisions\/26135"}],"wp:featuredmedia":[{"embeddable":true,"href":"https:\/\/www.bolipuertos.gob.ve\/index.php?rest_route=\/wp\/v2\/media\/26130"}],"wp:attachment":[{"href":"https:\/\/www.bolipuertos.gob.ve\/index.php?rest_route=%2Fwp%2Fv2%2Fmedia&parent=26129"}],"wp:term":[{"taxonomy":"category","embeddable":true,"href":"https:\/\/www.bolipuertos.gob.ve\/index.php?rest_route=%2Fwp%2Fv2%2Fcategories&post=26129"},{"taxonomy":"post_tag","embeddable":true,"href":"https:\/\/www.bolipuertos.gob.ve\/index.php?rest_route=%2Fwp%2Fv2%2Ftags&post=26129"}],"curies":[{"name":"wp","href":"https:\/\/api.w.org\/{rel}","templated":true}]}}