{"id":26143,"date":"2023-10-24T11:10:22","date_gmt":"2023-10-24T15:10:22","guid":{"rendered":"https:\/\/www.bolipuertos.gob.ve\/?p=26143"},"modified":"2023-10-24T11:11:35","modified_gmt":"2023-10-24T15:11:35","slug":"presidente-maduro-destaca-encuentro-sobre-migracion-como-avance-para-america","status":"publish","type":"post","link":"https:\/\/www.bolipuertos.gob.ve\/?p=26143","title":{"rendered":"Presidente Maduro destaca encuentro sobre migraci\u00f3n como avance para Am\u00e9rica"},"content":{"rendered":"\t\t<div data-elementor-type=\"wp-post\" data-elementor-id=\"26143\" class=\"elementor elementor-26143\">\n\t\t\t\t\t\t\t\t\t<section class=\"elementor-section elementor-top-section elementor-element elementor-element-026299a elementor-section-boxed elementor-section-height-default elementor-section-height-default\" data-id=\"026299a\" data-element_type=\"section\">\n\t\t\t\t\t\t<div class=\"elementor-container elementor-column-gap-default\">\n\t\t\t\t\t<div class=\"elementor-column elementor-col-100 elementor-top-column elementor-element elementor-element-b0a35ce\" data-id=\"b0a35ce\" data-element_type=\"column\">\n\t\t\t<div class=\"elementor-widget-wrap elementor-element-populated\">\n\t\t\t\t\t\t\t\t<div class=\"elementor-element elementor-element-117156e elementor-widget elementor-widget-text-editor\" data-id=\"117156e\" data-element_type=\"widget\" data-widget_type=\"text-editor.default\">\n\t\t\t\t<div class=\"elementor-widget-container\">\n\t\t\t\t\t\t\t<p>El presidente de la Rep\u00fablica Bolivariana de Venezuela,\u00a0<strong>Nicol\u00e1s Maduro Moros<\/strong>, catalog\u00f3 su visita a M\u00e9xico, como un avance para establecer una buena y verdadera vecindad de nuestra Am\u00e9rica, que se estableci\u00f3 en la\u00a0<strong>Cumbre Regional sobre Migraci\u00f3n<\/strong>, donde fueron abordados temas vitales para el desarrollo de los pa\u00edses de la regi\u00f3n.<\/p><p>Durante la transmisi\u00f3n del programa\u00a0<strong>Con Maduro+<\/strong>,\u00a0 en su edici\u00f3n n\u00famero 22, el jefe de Estado agradeci\u00f3 el cari\u00f1o y la atenci\u00f3n del pueblo mexicano, y destac\u00f3 que volvi\u00f3 recargado de buenas energ\u00edas, de la fuerza de la cultura maya, cultura ancestral de nuestros pueblos abor\u00edgenes, \u201cpara avanzar, sobre todo, en estos temas importantes para el pa\u00eds, y la recuperaci\u00f3n del bienestar social de los venezolanos y las venezolanas\u201d.<\/p><p>De igual manera, agradeci\u00f3 el respaldo decidido de l\u00edderes de Am\u00e9rica Latina y el Caribe, quienes -a viva voz- exigieron el levantamiento absoluto de las medidas coercitivas unilaterales contra Venezuela, en el contexto del Encuentro de Palenque: Por una vecindad fraterna y con bienestar, que se realiz\u00f3 en M\u00e9xico.<\/p><p>El mandatario nacional afirm\u00f3 que Venezuela se apega al Plan de Acci\u00f3n Concreto del Encuentro de Palenque con todas las fuerzas. \u201cNos sentimos felices de estos acuerdos. Tenemos un gran compromiso por el trato digno y humano hacia nuestros migrantes\u201d.<\/p><p>\u201cSi las sanciones impuestas por Estados Unidos a Venezuela son revertidas, en menos de un a\u00f1o, la econom\u00eda venezolana podr\u00eda recuperarse de los da\u00f1os ocasionados desde 2015 y podemos lograr adem\u00e1s, que nuestros connacionales vuelvan a su tierra\u201d, expres\u00f3 el mandatario nacional.<\/p><p><strong>Fuente: VTV<\/strong><\/p>\t\t\t\t\t\t<\/div>\n\t\t\t\t<\/div>\n\t\t\t\t\t<\/div>\n\t\t<\/div>\n\t\t\t\t\t\t\t<\/div>\n\t\t<\/section>\n\t\t\t\t\t\t\t<\/div>\n\t\t","protected":false},"excerpt":{"rendered":"<p>El presidente de la Rep\u00fablica Bolivariana de Venezuela,\u00a0Nicol\u00e1s Maduro Moros, catalog\u00f3 su visita a M\u00e9xico, como un avance para establecer una buena [&hellip;]<\/p>\n","protected":false},"author":9,"featured_media":26144,"comment_status":"closed","ping_status":"closed","sticky":false,"template":"","format":"standard","meta":[],"categories":[4],"tags":[],"yoast_head":"<!-- This site is optimized with the Yoast SEO plugin v17.6 - https:\/\/yoast.com\/wordpress\/plugins\/seo\/ -->\n<title>Presidente Maduro destaca encuentro sobre migraci\u00f3n como avance para Am\u00e9rica &middot; Bolipuertos S.A.<\/title>\n<meta name=\"description\" content=\"Bolipuertos S.A\" \/>\n<meta name=\"robots\" content=\"index, follow, max-snippet:-1, max-image-preview:large, max-video-preview:-1\" \/>\n<link rel=\"canonical\" href=\"https:\/\/www.bolipuertos.gob.ve\/?p=26143\" \/>\n<meta property=\"og:locale\" content=\"es_ES\" \/>\n<meta property=\"og:type\" content=\"article\" \/>\n<meta property=\"og:title\" content=\"Presidente Maduro destaca encuentro sobre migraci\u00f3n como avance para Am\u00e9rica &middot; Bolipuertos S.A.\" \/>\n<meta property=\"og:description\" content=\"Bolipuertos S.A\" \/>\n<meta property=\"og:url\" content=\"https:\/\/www.bolipuertos.gob.ve\/?p=26143\" \/>\n<meta property=\"og:site_name\" content=\"Bolipuertos S.A.\" \/>\n<meta property=\"article:publisher\" content=\"https:\/\/www.facebook.com\/bolipuertos.puertos\" \/>\n<meta property=\"article:published_time\" content=\"2023-10-24T15:10:22+00:00\" \/>\n<meta property=\"article:modified_time\" content=\"2023-10-24T15:11:35+00:00\" \/>\n<meta property=\"og:image\" content=\"https:\/\/www.bolipuertos.gob.ve\/wp-content\/uploads\/2023\/10\/F9KS0V0WoAAU85d.jpg\" \/>\n\t<meta property=\"og:image:width\" content=\"800\" \/>\n\t<meta property=\"og:image:height\" content=\"445\" \/>\n<meta name=\"twitter:card\" content=\"summary_large_image\" \/>\n<meta name=\"twitter:label1\" content=\"Escrito por\" \/>\n\t<meta name=\"twitter:data1\" content=\"KEILA SANDIA\" \/>\n\t<meta name=\"twitter:label2\" content=\"Tiempo de lectura\" \/>\n\t<meta name=\"twitter:data2\" content=\"1 minuto\" \/>\n<script type=\"application\/ld+json\" class=\"yoast-schema-graph\">{\"@context\":\"https:\/\/schema.org\",\"@graph\":[{\"@type\":\"Organization\",\"@id\":\"https:\/\/www.bolipuertos.gob.ve\/#organization\",\"name\":\"bolipuertos\",\"url\":\"https:\/\/www.bolipuertos.gob.ve\/\",\"sameAs\":[\"https:\/\/www.facebook.com\/bolipuertos.puertos\",\"https:\/\/www.instagram.com\/bolipuertosgob\/\",\"https:\/\/www.youtube.com\/channel\/UCSev7gH4fp-5HWWOjZANLoQ\"],\"logo\":{\"@type\":\"ImageObject\",\"@id\":\"https:\/\/www.bolipuertos.gob.ve\/#logo\",\"inLanguage\":\"es\",\"url\":\"https:\/\/www.bolipuertos.gob.ve\/wp-content\/uploads\/2021\/10\/logo_bolipuertos.png\",\"contentUrl\":\"https:\/\/www.bolipuertos.gob.ve\/wp-content\/uploads\/2021\/10\/logo_bolipuertos.png\",\"width\":220,\"height\":150,\"caption\":\"bolipuertos\"},\"image\":{\"@id\":\"https:\/\/www.bolipuertos.gob.ve\/#logo\"}},{\"@type\":\"WebSite\",\"@id\":\"https:\/\/www.bolipuertos.gob.ve\/#website\",\"url\":\"https:\/\/www.bolipuertos.gob.ve\/\",\"name\":\"Bolipuertos S.A.\",\"description\":\"Bolipuertos S.A.\",\"publisher\":{\"@id\":\"https:\/\/www.bolipuertos.gob.ve\/#organization\"},\"potentialAction\":[{\"@type\":\"SearchAction\",\"target\":{\"@type\":\"EntryPoint\",\"urlTemplate\":\"https:\/\/www.bolipuertos.gob.ve\/?s={search_term_string}\"},\"query-input\":\"required name=search_term_string\"}],\"inLanguage\":\"es\"},{\"@type\":\"ImageObject\",\"@id\":\"https:\/\/www.bolipuertos.gob.ve\/?p=26143#primaryimage\",\"inLanguage\":\"es\",\"url\":\"https:\/\/www.bolipuertos.gob.ve\/wp-content\/uploads\/2023\/10\/F9KS0V0WoAAU85d.jpg\",\"contentUrl\":\"https:\/\/www.bolipuertos.gob.ve\/wp-content\/uploads\/2023\/10\/F9KS0V0WoAAU85d.jpg\",\"width\":800,\"height\":445},{\"@type\":\"WebPage\",\"@id\":\"https:\/\/www.bolipuertos.gob.ve\/?p=26143#webpage\",\"url\":\"https:\/\/www.bolipuertos.gob.ve\/?p=26143\",\"name\":\"Presidente Maduro destaca encuentro sobre migraci\\u00f3n como avance para Am\\u00e9rica &middot; Bolipuertos S.A.\",\"isPartOf\":{\"@id\":\"https:\/\/www.bolipuertos.gob.ve\/#website\"},\"primaryImageOfPage\":{\"@id\":\"https:\/\/www.bolipuertos.gob.ve\/?p=26143#primaryimage\"},\"datePublished\":\"2023-10-24T15:10:22+00:00\",\"dateModified\":\"2023-10-24T15:11:35+00:00\",\"description\":\"Bolipuertos S.A\",\"breadcrumb\":{\"@id\":\"https:\/\/www.bolipuertos.gob.ve\/?p=26143#breadcrumb\"},\"inLanguage\":\"es\",\"potentialAction\":[{\"@type\":\"ReadAction\",\"target\":[\"https:\/\/www.bolipuertos.gob.ve\/?p=26143\"]}]},{\"@type\":\"BreadcrumbList\",\"@id\":\"https:\/\/www.bolipuertos.gob.ve\/?p=26143#breadcrumb\",\"itemListElement\":[{\"@type\":\"ListItem\",\"position\":1,\"name\":\"Portada\",\"item\":\"https:\/\/www.bolipuertos.gob.ve\/\"},{\"@type\":\"ListItem\",\"position\":2,\"name\":\"Presidente Maduro destaca encuentro sobre migraci\\u00f3n como avance para Am\\u00e9rica\"}]},{\"@type\":\"Article\",\"@id\":\"https:\/\/www.bolipuertos.gob.ve\/?p=26143#article\",\"isPartOf\":{\"@id\":\"https:\/\/www.bolipuertos.gob.ve\/?p=26143#webpage\"},\"author\":{\"@id\":\"https:\/\/www.bolipuertos.gob.ve\/#\/schema\/person\/fbc9953430061007569726558d2dee79\"},\"headline\":\"Presidente Maduro destaca encuentro sobre migraci\\u00f3n como avance para Am\\u00e9rica\",\"datePublished\":\"2023-10-24T15:10:22+00:00\",\"dateModified\":\"2023-10-24T15:11:35+00:00\",\"mainEntityOfPage\":{\"@id\":\"https:\/\/www.bolipuertos.gob.ve\/?p=26143#webpage\"},\"wordCount\":289,\"publisher\":{\"@id\":\"https:\/\/www.bolipuertos.gob.ve\/#organization\"},\"image\":{\"@id\":\"https:\/\/www.bolipuertos.gob.ve\/?p=26143#primaryimage\"},\"thumbnailUrl\":\"https:\/\/www.bolipuertos.gob.ve\/wp-content\/uploads\/2023\/10\/F9KS0V0WoAAU85d.jpg\",\"articleSection\":[\"Noticias Gobierno Bolivariano\"],\"inLanguage\":\"es\"},{\"@type\":\"Person\",\"@id\":\"https:\/\/www.bolipuertos.gob.ve\/#\/schema\/person\/fbc9953430061007569726558d2dee79\",\"name\":\"KEILA SANDIA\",\"image\":{\"@type\":\"ImageObject\",\"@id\":\"https:\/\/www.bolipuertos.gob.ve\/#personlogo\",\"inLanguage\":\"es\",\"url\":\"https:\/\/secure.gravatar.com\/avatar\/de6cf962bf400d5c06bd236177bc97f1?s=96&d=mm&r=g\",\"contentUrl\":\"https:\/\/secure.gravatar.com\/avatar\/de6cf962bf400d5c06bd236177bc97f1?s=96&d=mm&r=g\",\"caption\":\"KEILA SANDIA\"},\"url\":\"https:\/\/www.bolipuertos.gob.ve\/?author=9\"}]}<\/script>\n<!-- \/ Yoast SEO plugin. -->","yoast_head_json":{"title":"Presidente Maduro destaca encuentro sobre migraci\u00f3n como avance para Am\u00e9rica &middot; Bolipuertos S.A.","description":"Bolipuertos S.A","robots":{"index":"index","follow":"follow","max-snippet":"max-snippet:-1","max-image-preview":"max-image-preview:large","max-video-preview":"max-video-preview:-1"},"canonical":"https:\/\/www.bolipuertos.gob.ve\/?p=26143","og_locale":"es_ES","og_type":"article","og_title":"Presidente Maduro destaca encuentro sobre migraci\u00f3n como avance para Am\u00e9rica &middot; Bolipuertos S.A.","og_description":"Bolipuertos S.A","og_url":"https:\/\/www.bolipuertos.gob.ve\/?p=26143","og_site_name":"Bolipuertos S.A.","article_publisher":"https:\/\/www.facebook.com\/bolipuertos.puertos","article_published_time":"2023-10-24T15:10:22+00:00","article_modified_time":"2023-10-24T15:11:35+00:00","og_image":[{"width":800,"height":445,"url":"https:\/\/www.bolipuertos.gob.ve\/wp-content\/uploads\/2023\/10\/F9KS0V0WoAAU85d.jpg","type":"image\/jpeg"}],"twitter_card":"summary_large_image","twitter_misc":{"Escrito por":"KEILA SANDIA","Tiempo de lectura":"1 minuto"},"schema":{"@context":"https:\/\/schema.org","@graph":[{"@type":"Organization","@id":"https:\/\/www.bolipuertos.gob.ve\/#organization","name":"bolipuertos","url":"https:\/\/www.bolipuertos.gob.ve\/","sameAs":["https:\/\/www.facebook.com\/bolipuertos.puertos","https:\/\/www.instagram.com\/bolipuertosgob\/","https:\/\/www.youtube.com\/channel\/UCSev7gH4fp-5HWWOjZANLoQ"],"logo":{"@type":"ImageObject","@id":"https:\/\/www.bolipuertos.gob.ve\/#logo","inLanguage":"es","url":"https:\/\/www.bolipuertos.gob.ve\/wp-content\/uploads\/2021\/10\/logo_bolipuertos.png","contentUrl":"https:\/\/www.bolipuertos.gob.ve\/wp-content\/uploads\/2021\/10\/logo_bolipuertos.png","width":220,"height":150,"caption":"bolipuertos"},"image":{"@id":"https:\/\/www.bolipuertos.gob.ve\/#logo"}},{"@type":"WebSite","@id":"https:\/\/www.bolipuertos.gob.ve\/#website","url":"https:\/\/www.bolipuertos.gob.ve\/","name":"Bolipuertos S.A.","description":"Bolipuertos S.A.","publisher":{"@id":"https:\/\/www.bolipuertos.gob.ve\/#organization"},"potentialAction":[{"@type":"SearchAction","target":{"@type":"EntryPoint","urlTemplate":"https:\/\/www.bolipuertos.gob.ve\/?s={search_term_string}"},"query-input":"required name=search_term_string"}],"inLanguage":"es"},{"@type":"ImageObject","@id":"https:\/\/www.bolipuertos.gob.ve\/?p=26143#primaryimage","inLanguage":"es","url":"https:\/\/www.bolipuertos.gob.ve\/wp-content\/uploads\/2023\/10\/F9KS0V0WoAAU85d.jpg","contentUrl":"https:\/\/www.bolipuertos.gob.ve\/wp-content\/uploads\/2023\/10\/F9KS0V0WoAAU85d.jpg","width":800,"height":445},{"@type":"WebPage","@id":"https:\/\/www.bolipuertos.gob.ve\/?p=26143#webpage","url":"https:\/\/www.bolipuertos.gob.ve\/?p=26143","name":"Presidente Maduro destaca encuentro sobre migraci\u00f3n como avance para Am\u00e9rica &middot; Bolipuertos S.A.","isPartOf":{"@id":"https:\/\/www.bolipuertos.gob.ve\/#website"},"primaryImageOfPage":{"@id":"https:\/\/www.bolipuertos.gob.ve\/?p=26143#primaryimage"},"datePublished":"2023-10-24T15:10:22+00:00","dateModified":"2023-10-24T15:11:35+00:00","description":"Bolipuertos S.A","breadcrumb":{"@id":"https:\/\/www.bolipuertos.gob.ve\/?p=26143#breadcrumb"},"inLanguage":"es","potentialAction":[{"@type":"ReadAction","target":["https:\/\/www.bolipuertos.gob.ve\/?p=26143"]}]},{"@type":"BreadcrumbList","@id":"https:\/\/www.bolipuertos.gob.ve\/?p=26143#breadcrumb","itemListElement":[{"@type":"ListItem","position":1,"name":"Portada","item":"https:\/\/www.bolipuertos.gob.ve\/"},{"@type":"ListItem","position":2,"name":"Presidente Maduro destaca encuentro sobre migraci\u00f3n como avance para Am\u00e9rica"}]},{"@type":"Article","@id":"https:\/\/www.bolipuertos.gob.ve\/?p=26143#article","isPartOf":{"@id":"https:\/\/www.bolipuertos.gob.ve\/?p=26143#webpage"},"author":{"@id":"https:\/\/www.bolipuertos.gob.ve\/#\/schema\/person\/fbc9953430061007569726558d2dee79"},"headline":"Presidente Maduro destaca encuentro sobre migraci\u00f3n como avance para Am\u00e9rica","datePublished":"2023-10-24T15:10:22+00:00","dateModified":"2023-10-24T15:11:35+00:00","mainEntityOfPage":{"@id":"https:\/\/www.bolipuertos.gob.ve\/?p=26143#webpage"},"wordCount":289,"publisher":{"@id":"https:\/\/www.bolipuertos.gob.ve\/#organization"},"image":{"@id":"https:\/\/www.bolipuertos.gob.ve\/?p=26143#primaryimage"},"thumbnailUrl":"https:\/\/www.bolipuertos.gob.ve\/wp-content\/uploads\/2023\/10\/F9KS0V0WoAAU85d.jpg","articleSection":["Noticias Gobierno Bolivariano"],"inLanguage":"es"},{"@type":"Person","@id":"https:\/\/www.bolipuertos.gob.ve\/#\/schema\/person\/fbc9953430061007569726558d2dee79","name":"KEILA SANDIA","image":{"@type":"ImageObject","@id":"https:\/\/www.bolipuertos.gob.ve\/#personlogo","inLanguage":"es","url":"https:\/\/secure.gravatar.com\/avatar\/de6cf962bf400d5c06bd236177bc97f1?s=96&d=mm&r=g","contentUrl":"https:\/\/secure.gravatar.com\/avatar\/de6cf962bf400d5c06bd236177bc97f1?s=96&d=mm&r=g","caption":"KEILA SANDIA"},"url":"https:\/\/www.bolipuertos.gob.ve\/?author=9"}]}},"_links":{"self":[{"href":"https:\/\/www.bolipuertos.gob.ve\/index.php?rest_route=\/wp\/v2\/posts\/26143"}],"collection":[{"href":"https:\/\/www.bolipuertos.gob.ve\/index.php?rest_route=\/wp\/v2\/posts"}],"about":[{"href":"https:\/\/www.bolipuertos.gob.ve\/index.php?rest_route=\/wp\/v2\/types\/post"}],"author":[{"embeddable":true,"href":"https:\/\/www.bolipuertos.gob.ve\/index.php?rest_route=\/wp\/v2\/users\/9"}],"replies":[{"embeddable":true,"href":"https:\/\/www.bolipuertos.gob.ve\/index.php?rest_route=%2Fwp%2Fv2%2Fcomments&post=26143"}],"version-history":[{"count":4,"href":"https:\/\/www.bolipuertos.gob.ve\/index.php?rest_route=\/wp\/v2\/posts\/26143\/revisions"}],"predecessor-version":[{"id":26148,"href":"https:\/\/www.bolipuertos.gob.ve\/index.php?rest_route=\/wp\/v2\/posts\/26143\/revisions\/26148"}],"wp:featuredmedia":[{"embeddable":true,"href":"https:\/\/www.bolipuertos.gob.ve\/index.php?rest_route=\/wp\/v2\/media\/26144"}],"wp:attachment":[{"href":"https:\/\/www.bolipuertos.gob.ve\/index.php?rest_route=%2Fwp%2Fv2%2Fmedia&parent=26143"}],"wp:term":[{"taxonomy":"category","embeddable":true,"href":"https:\/\/www.bolipuertos.gob.ve\/index.php?rest_route=%2Fwp%2Fv2%2Fcategories&post=26143"},{"taxonomy":"post_tag","embeddable":true,"href":"https:\/\/www.bolipuertos.gob.ve\/index.php?rest_route=%2Fwp%2Fv2%2Ftags&post=26143"}],"curies":[{"name":"wp","href":"https:\/\/api.w.org\/{rel}","templated":true}]}}