{"id":26853,"date":"2023-12-14T09:11:31","date_gmt":"2023-12-14T13:11:31","guid":{"rendered":"https:\/\/www.bolipuertos.gob.ve\/?p=26853"},"modified":"2023-12-14T09:12:05","modified_gmt":"2023-12-14T13:12:05","slug":"venezuela-llega-a-la-mesa-de-dialogo-en-san-vicente-y-las-granadinas","status":"publish","type":"post","link":"https:\/\/www.bolipuertos.gob.ve\/?p=26853","title":{"rendered":"Venezuela llega a la mesa de di\u00e1logo en San Vicente y las Granadinas"},"content":{"rendered":"\t\t<div data-elementor-type=\"wp-post\" data-elementor-id=\"26853\" class=\"elementor elementor-26853\">\n\t\t\t\t\t\t\t\t\t<section class=\"elementor-section elementor-top-section elementor-element elementor-element-6294680 elementor-section-boxed elementor-section-height-default elementor-section-height-default\" data-id=\"6294680\" data-element_type=\"section\">\n\t\t\t\t\t\t<div class=\"elementor-container elementor-column-gap-default\">\n\t\t\t\t\t<div class=\"elementor-column elementor-col-100 elementor-top-column elementor-element elementor-element-b8a1798\" data-id=\"b8a1798\" data-element_type=\"column\">\n\t\t\t<div class=\"elementor-widget-wrap elementor-element-populated\">\n\t\t\t\t\t\t\t\t<div class=\"elementor-element elementor-element-f25d5f3 elementor-widget elementor-widget-text-editor\" data-id=\"f25d5f3\" data-element_type=\"widget\" data-widget_type=\"text-editor.default\">\n\t\t\t\t<div class=\"elementor-widget-container\">\n\t\t\t\t\t\t\t<p>En San Vicente y las Granadinas, se desarrollar\u00e1 la mesa de di\u00e1logo de alto nivel entre el presidente de la Rep\u00fablica Bolivariana de Venezuela,\u00a0Nicol\u00e1s Maduro\u00a0y el presidente de la Rep\u00fablica Cooperativa de Guyana,\u00a0Irfaan Ali.<\/p><p>Venezuela asiste a esta mesa con una agenda clara: instalar una mesa de di\u00e1logo permanente para encontrar una soluci\u00f3n acordada y mutuamente satisfactoria.<\/p><p>El presidente Maduro sostiene que el di\u00e1logo basado en el\u00a0Acuerdo de Ginebra\u00a0es la \u00fanica v\u00eda para hacer valer los derechos hist\u00f3ricos sobre la Guayana Esequiba.<\/p><p>En contraste, el Gobierno de Guyana, sigue los lineamientos de los poderes imperiales, hecho reflejado en las negativas del di\u00e1logo y acciones belicistas.<\/p><p>Pese a esta ofensiva guyanesa, la respuesta del Gobierno Bolivariano, fue llevar adelante la consulta al pueblo mediante referendo consultivo. El pasado 03 de diciembre, los venezolanos y venezolanas ratificaron el rechazo al Laudo de Par\u00eds, la ratificaci\u00f3n al Acuerdo de Ginebra, el rechazo a las pretensiones de Guyana sobre el territorio, el rechazo a la jurisdicci\u00f3n de la Corte Internacional de Justicia y la creaci\u00f3n del estado de la Guayana Esequiba.<\/p><p>El presidente Nicol\u00e1s Maduro Moros, recibi\u00f3 la propuesta de di\u00e1logo por parte del jefe de Estado de Brasil,\u00a0Luiz In\u00e1cio Lula da Silva\u00a0y el primer Ministro de San Vicente y las Granadinas,\u00a0Ralph Gonsalves, mediante conversaciones telef\u00f3nicas.<\/p><p>En ambas llamadas se ratific\u00f3 la posici\u00f3n hist\u00f3rica sobre los incuestionables derechos soberanos de Venezuela sobre la Guayana Esequiba, al igual que del car\u00e1cter leg\u00edtimo y pac\u00edfico de esta reclamaci\u00f3n territorial.<\/p><p>La semana pasada, el canciller la Rep\u00fablica Bolivariana de Venezuela, Yv\u00e1n Gil, en nombre del Gobierno venezolano agradeci\u00f3 las gestiones por parte de la Comunidad de Estados Latinoamericanos y Caribe\u00f1os (Celac) y la Comunidad del Caribe (Caricom) para impulsar el di\u00e1logo directo de alto nivel.<\/p><p><strong>VTV\/JR\/EMPG<\/strong><\/p>\t\t\t\t\t\t<\/div>\n\t\t\t\t<\/div>\n\t\t\t\t\t<\/div>\n\t\t<\/div>\n\t\t\t\t\t\t\t<\/div>\n\t\t<\/section>\n\t\t\t\t\t\t\t<\/div>\n\t\t","protected":false},"excerpt":{"rendered":"<p>En San Vicente y las Granadinas, se desarrollar\u00e1 la mesa de di\u00e1logo de alto nivel entre el presidente de la Rep\u00fablica Bolivariana [&hellip;]<\/p>\n","protected":false},"author":15,"featured_media":26854,"comment_status":"closed","ping_status":"closed","sticky":false,"template":"","format":"standard","meta":[],"categories":[4],"tags":[],"yoast_head":"<!-- This site is optimized with the Yoast SEO plugin v17.6 - https:\/\/yoast.com\/wordpress\/plugins\/seo\/ -->\n<title>Venezuela llega a la mesa de di\u00e1logo en San Vicente y las Granadinas &middot; Bolipuertos S.A.<\/title>\n<meta name=\"description\" content=\"Bolipuertos S.A\" \/>\n<meta name=\"robots\" content=\"index, follow, max-snippet:-1, max-image-preview:large, max-video-preview:-1\" \/>\n<link rel=\"canonical\" href=\"https:\/\/www.bolipuertos.gob.ve\/?p=26853\" \/>\n<meta property=\"og:locale\" content=\"es_ES\" \/>\n<meta property=\"og:type\" content=\"article\" \/>\n<meta property=\"og:title\" content=\"Venezuela llega a la mesa de di\u00e1logo en San Vicente y las Granadinas &middot; Bolipuertos S.A.\" \/>\n<meta property=\"og:description\" content=\"Bolipuertos S.A\" \/>\n<meta property=\"og:url\" content=\"https:\/\/www.bolipuertos.gob.ve\/?p=26853\" \/>\n<meta property=\"og:site_name\" content=\"Bolipuertos S.A.\" \/>\n<meta property=\"article:publisher\" content=\"https:\/\/www.facebook.com\/bolipuertos.puertos\" \/>\n<meta property=\"article:published_time\" content=\"2023-12-14T13:11:31+00:00\" \/>\n<meta property=\"article:modified_time\" content=\"2023-12-14T13:12:05+00:00\" \/>\n<meta property=\"og:image\" content=\"https:\/\/www.bolipuertos.gob.ve\/wp-content\/uploads\/2023\/12\/ESEQUIBO-4-scaled-2.jpg\" \/>\n\t<meta property=\"og:image:width\" content=\"800\" \/>\n\t<meta property=\"og:image:height\" content=\"445\" \/>\n<meta name=\"twitter:card\" content=\"summary_large_image\" \/>\n<meta name=\"twitter:label1\" content=\"Escrito por\" \/>\n\t<meta name=\"twitter:data1\" content=\"eduardo landaeta\" \/>\n\t<meta name=\"twitter:label2\" content=\"Tiempo de lectura\" \/>\n\t<meta name=\"twitter:data2\" content=\"2 minutos\" \/>\n<script type=\"application\/ld+json\" class=\"yoast-schema-graph\">{\"@context\":\"https:\/\/schema.org\",\"@graph\":[{\"@type\":\"Organization\",\"@id\":\"https:\/\/www.bolipuertos.gob.ve\/#organization\",\"name\":\"bolipuertos\",\"url\":\"https:\/\/www.bolipuertos.gob.ve\/\",\"sameAs\":[\"https:\/\/www.facebook.com\/bolipuertos.puertos\",\"https:\/\/www.instagram.com\/bolipuertosgob\/\",\"https:\/\/www.youtube.com\/channel\/UCSev7gH4fp-5HWWOjZANLoQ\"],\"logo\":{\"@type\":\"ImageObject\",\"@id\":\"https:\/\/www.bolipuertos.gob.ve\/#logo\",\"inLanguage\":\"es\",\"url\":\"https:\/\/www.bolipuertos.gob.ve\/wp-content\/uploads\/2021\/10\/logo_bolipuertos.png\",\"contentUrl\":\"https:\/\/www.bolipuertos.gob.ve\/wp-content\/uploads\/2021\/10\/logo_bolipuertos.png\",\"width\":220,\"height\":150,\"caption\":\"bolipuertos\"},\"image\":{\"@id\":\"https:\/\/www.bolipuertos.gob.ve\/#logo\"}},{\"@type\":\"WebSite\",\"@id\":\"https:\/\/www.bolipuertos.gob.ve\/#website\",\"url\":\"https:\/\/www.bolipuertos.gob.ve\/\",\"name\":\"Bolipuertos S.A.\",\"description\":\"Bolipuertos S.A.\",\"publisher\":{\"@id\":\"https:\/\/www.bolipuertos.gob.ve\/#organization\"},\"potentialAction\":[{\"@type\":\"SearchAction\",\"target\":{\"@type\":\"EntryPoint\",\"urlTemplate\":\"https:\/\/www.bolipuertos.gob.ve\/?s={search_term_string}\"},\"query-input\":\"required name=search_term_string\"}],\"inLanguage\":\"es\"},{\"@type\":\"ImageObject\",\"@id\":\"https:\/\/www.bolipuertos.gob.ve\/?p=26853#primaryimage\",\"inLanguage\":\"es\",\"url\":\"https:\/\/www.bolipuertos.gob.ve\/wp-content\/uploads\/2023\/12\/ESEQUIBO-4-scaled-2.jpg\",\"contentUrl\":\"https:\/\/www.bolipuertos.gob.ve\/wp-content\/uploads\/2023\/12\/ESEQUIBO-4-scaled-2.jpg\",\"width\":800,\"height\":445,\"caption\":\"The Essequibo River flows through Guyana's Kurupukari crossing, Monday, April 10, 2023. The U.N.'s highest court ruled on March 6 that it can hear a case between neighbor countries Guyana and Venezuela about a border dispute that dates back to 1899, as Venezuela claims the river is the true border between them. (AP Photo\/Matias Delacroix)\"},{\"@type\":\"WebPage\",\"@id\":\"https:\/\/www.bolipuertos.gob.ve\/?p=26853#webpage\",\"url\":\"https:\/\/www.bolipuertos.gob.ve\/?p=26853\",\"name\":\"Venezuela llega a la mesa de di\\u00e1logo en San Vicente y las Granadinas &middot; Bolipuertos S.A.\",\"isPartOf\":{\"@id\":\"https:\/\/www.bolipuertos.gob.ve\/#website\"},\"primaryImageOfPage\":{\"@id\":\"https:\/\/www.bolipuertos.gob.ve\/?p=26853#primaryimage\"},\"datePublished\":\"2023-12-14T13:11:31+00:00\",\"dateModified\":\"2023-12-14T13:12:05+00:00\",\"description\":\"Bolipuertos S.A\",\"breadcrumb\":{\"@id\":\"https:\/\/www.bolipuertos.gob.ve\/?p=26853#breadcrumb\"},\"inLanguage\":\"es\",\"potentialAction\":[{\"@type\":\"ReadAction\",\"target\":[\"https:\/\/www.bolipuertos.gob.ve\/?p=26853\"]}]},{\"@type\":\"BreadcrumbList\",\"@id\":\"https:\/\/www.bolipuertos.gob.ve\/?p=26853#breadcrumb\",\"itemListElement\":[{\"@type\":\"ListItem\",\"position\":1,\"name\":\"Portada\",\"item\":\"https:\/\/www.bolipuertos.gob.ve\/\"},{\"@type\":\"ListItem\",\"position\":2,\"name\":\"Venezuela llega a la mesa de di\\u00e1logo en San Vicente y las Granadinas\"}]},{\"@type\":\"Article\",\"@id\":\"https:\/\/www.bolipuertos.gob.ve\/?p=26853#article\",\"isPartOf\":{\"@id\":\"https:\/\/www.bolipuertos.gob.ve\/?p=26853#webpage\"},\"author\":{\"@id\":\"https:\/\/www.bolipuertos.gob.ve\/#\/schema\/person\/55279013f9784308f27ba1ae331d4a7f\"},\"headline\":\"Venezuela llega a la mesa de di\\u00e1logo en San Vicente y las Granadinas\",\"datePublished\":\"2023-12-14T13:11:31+00:00\",\"dateModified\":\"2023-12-14T13:12:05+00:00\",\"mainEntityOfPage\":{\"@id\":\"https:\/\/www.bolipuertos.gob.ve\/?p=26853#webpage\"},\"wordCount\":340,\"publisher\":{\"@id\":\"https:\/\/www.bolipuertos.gob.ve\/#organization\"},\"image\":{\"@id\":\"https:\/\/www.bolipuertos.gob.ve\/?p=26853#primaryimage\"},\"thumbnailUrl\":\"https:\/\/www.bolipuertos.gob.ve\/wp-content\/uploads\/2023\/12\/ESEQUIBO-4-scaled-2.jpg\",\"articleSection\":[\"Noticias Gobierno Bolivariano\"],\"inLanguage\":\"es\"},{\"@type\":\"Person\",\"@id\":\"https:\/\/www.bolipuertos.gob.ve\/#\/schema\/person\/55279013f9784308f27ba1ae331d4a7f\",\"name\":\"eduardo landaeta\",\"image\":{\"@type\":\"ImageObject\",\"@id\":\"https:\/\/www.bolipuertos.gob.ve\/#personlogo\",\"inLanguage\":\"es\",\"url\":\"https:\/\/secure.gravatar.com\/avatar\/8cb181ddaa30f5056fc49da6793aef20?s=96&d=mm&r=g\",\"contentUrl\":\"https:\/\/secure.gravatar.com\/avatar\/8cb181ddaa30f5056fc49da6793aef20?s=96&d=mm&r=g\",\"caption\":\"eduardo landaeta\"},\"url\":\"https:\/\/www.bolipuertos.gob.ve\/?author=15\"}]}<\/script>\n<!-- \/ Yoast SEO plugin. -->","yoast_head_json":{"title":"Venezuela llega a la mesa de di\u00e1logo en San Vicente y las Granadinas &middot; Bolipuertos S.A.","description":"Bolipuertos S.A","robots":{"index":"index","follow":"follow","max-snippet":"max-snippet:-1","max-image-preview":"max-image-preview:large","max-video-preview":"max-video-preview:-1"},"canonical":"https:\/\/www.bolipuertos.gob.ve\/?p=26853","og_locale":"es_ES","og_type":"article","og_title":"Venezuela llega a la mesa de di\u00e1logo en San Vicente y las Granadinas &middot; Bolipuertos S.A.","og_description":"Bolipuertos S.A","og_url":"https:\/\/www.bolipuertos.gob.ve\/?p=26853","og_site_name":"Bolipuertos S.A.","article_publisher":"https:\/\/www.facebook.com\/bolipuertos.puertos","article_published_time":"2023-12-14T13:11:31+00:00","article_modified_time":"2023-12-14T13:12:05+00:00","og_image":[{"width":800,"height":445,"url":"https:\/\/www.bolipuertos.gob.ve\/wp-content\/uploads\/2023\/12\/ESEQUIBO-4-scaled-2.jpg","type":"image\/jpeg"}],"twitter_card":"summary_large_image","twitter_misc":{"Escrito por":"eduardo landaeta","Tiempo de lectura":"2 minutos"},"schema":{"@context":"https:\/\/schema.org","@graph":[{"@type":"Organization","@id":"https:\/\/www.bolipuertos.gob.ve\/#organization","name":"bolipuertos","url":"https:\/\/www.bolipuertos.gob.ve\/","sameAs":["https:\/\/www.facebook.com\/bolipuertos.puertos","https:\/\/www.instagram.com\/bolipuertosgob\/","https:\/\/www.youtube.com\/channel\/UCSev7gH4fp-5HWWOjZANLoQ"],"logo":{"@type":"ImageObject","@id":"https:\/\/www.bolipuertos.gob.ve\/#logo","inLanguage":"es","url":"https:\/\/www.bolipuertos.gob.ve\/wp-content\/uploads\/2021\/10\/logo_bolipuertos.png","contentUrl":"https:\/\/www.bolipuertos.gob.ve\/wp-content\/uploads\/2021\/10\/logo_bolipuertos.png","width":220,"height":150,"caption":"bolipuertos"},"image":{"@id":"https:\/\/www.bolipuertos.gob.ve\/#logo"}},{"@type":"WebSite","@id":"https:\/\/www.bolipuertos.gob.ve\/#website","url":"https:\/\/www.bolipuertos.gob.ve\/","name":"Bolipuertos S.A.","description":"Bolipuertos S.A.","publisher":{"@id":"https:\/\/www.bolipuertos.gob.ve\/#organization"},"potentialAction":[{"@type":"SearchAction","target":{"@type":"EntryPoint","urlTemplate":"https:\/\/www.bolipuertos.gob.ve\/?s={search_term_string}"},"query-input":"required name=search_term_string"}],"inLanguage":"es"},{"@type":"ImageObject","@id":"https:\/\/www.bolipuertos.gob.ve\/?p=26853#primaryimage","inLanguage":"es","url":"https:\/\/www.bolipuertos.gob.ve\/wp-content\/uploads\/2023\/12\/ESEQUIBO-4-scaled-2.jpg","contentUrl":"https:\/\/www.bolipuertos.gob.ve\/wp-content\/uploads\/2023\/12\/ESEQUIBO-4-scaled-2.jpg","width":800,"height":445,"caption":"The Essequibo River flows through Guyana's Kurupukari crossing, Monday, April 10, 2023. The U.N.'s highest court ruled on March 6 that it can hear a case between neighbor countries Guyana and Venezuela about a border dispute that dates back to 1899, as Venezuela claims the river is the true border between them. (AP Photo\/Matias Delacroix)"},{"@type":"WebPage","@id":"https:\/\/www.bolipuertos.gob.ve\/?p=26853#webpage","url":"https:\/\/www.bolipuertos.gob.ve\/?p=26853","name":"Venezuela llega a la mesa de di\u00e1logo en San Vicente y las Granadinas &middot; Bolipuertos S.A.","isPartOf":{"@id":"https:\/\/www.bolipuertos.gob.ve\/#website"},"primaryImageOfPage":{"@id":"https:\/\/www.bolipuertos.gob.ve\/?p=26853#primaryimage"},"datePublished":"2023-12-14T13:11:31+00:00","dateModified":"2023-12-14T13:12:05+00:00","description":"Bolipuertos S.A","breadcrumb":{"@id":"https:\/\/www.bolipuertos.gob.ve\/?p=26853#breadcrumb"},"inLanguage":"es","potentialAction":[{"@type":"ReadAction","target":["https:\/\/www.bolipuertos.gob.ve\/?p=26853"]}]},{"@type":"BreadcrumbList","@id":"https:\/\/www.bolipuertos.gob.ve\/?p=26853#breadcrumb","itemListElement":[{"@type":"ListItem","position":1,"name":"Portada","item":"https:\/\/www.bolipuertos.gob.ve\/"},{"@type":"ListItem","position":2,"name":"Venezuela llega a la mesa de di\u00e1logo en San Vicente y las Granadinas"}]},{"@type":"Article","@id":"https:\/\/www.bolipuertos.gob.ve\/?p=26853#article","isPartOf":{"@id":"https:\/\/www.bolipuertos.gob.ve\/?p=26853#webpage"},"author":{"@id":"https:\/\/www.bolipuertos.gob.ve\/#\/schema\/person\/55279013f9784308f27ba1ae331d4a7f"},"headline":"Venezuela llega a la mesa de di\u00e1logo en San Vicente y las Granadinas","datePublished":"2023-12-14T13:11:31+00:00","dateModified":"2023-12-14T13:12:05+00:00","mainEntityOfPage":{"@id":"https:\/\/www.bolipuertos.gob.ve\/?p=26853#webpage"},"wordCount":340,"publisher":{"@id":"https:\/\/www.bolipuertos.gob.ve\/#organization"},"image":{"@id":"https:\/\/www.bolipuertos.gob.ve\/?p=26853#primaryimage"},"thumbnailUrl":"https:\/\/www.bolipuertos.gob.ve\/wp-content\/uploads\/2023\/12\/ESEQUIBO-4-scaled-2.jpg","articleSection":["Noticias Gobierno Bolivariano"],"inLanguage":"es"},{"@type":"Person","@id":"https:\/\/www.bolipuertos.gob.ve\/#\/schema\/person\/55279013f9784308f27ba1ae331d4a7f","name":"eduardo landaeta","image":{"@type":"ImageObject","@id":"https:\/\/www.bolipuertos.gob.ve\/#personlogo","inLanguage":"es","url":"https:\/\/secure.gravatar.com\/avatar\/8cb181ddaa30f5056fc49da6793aef20?s=96&d=mm&r=g","contentUrl":"https:\/\/secure.gravatar.com\/avatar\/8cb181ddaa30f5056fc49da6793aef20?s=96&d=mm&r=g","caption":"eduardo landaeta"},"url":"https:\/\/www.bolipuertos.gob.ve\/?author=15"}]}},"_links":{"self":[{"href":"https:\/\/www.bolipuertos.gob.ve\/index.php?rest_route=\/wp\/v2\/posts\/26853"}],"collection":[{"href":"https:\/\/www.bolipuertos.gob.ve\/index.php?rest_route=\/wp\/v2\/posts"}],"about":[{"href":"https:\/\/www.bolipuertos.gob.ve\/index.php?rest_route=\/wp\/v2\/types\/post"}],"author":[{"embeddable":true,"href":"https:\/\/www.bolipuertos.gob.ve\/index.php?rest_route=\/wp\/v2\/users\/15"}],"replies":[{"embeddable":true,"href":"https:\/\/www.bolipuertos.gob.ve\/index.php?rest_route=%2Fwp%2Fv2%2Fcomments&post=26853"}],"version-history":[{"count":4,"href":"https:\/\/www.bolipuertos.gob.ve\/index.php?rest_route=\/wp\/v2\/posts\/26853\/revisions"}],"predecessor-version":[{"id":26858,"href":"https:\/\/www.bolipuertos.gob.ve\/index.php?rest_route=\/wp\/v2\/posts\/26853\/revisions\/26858"}],"wp:featuredmedia":[{"embeddable":true,"href":"https:\/\/www.bolipuertos.gob.ve\/index.php?rest_route=\/wp\/v2\/media\/26854"}],"wp:attachment":[{"href":"https:\/\/www.bolipuertos.gob.ve\/index.php?rest_route=%2Fwp%2Fv2%2Fmedia&parent=26853"}],"wp:term":[{"taxonomy":"category","embeddable":true,"href":"https:\/\/www.bolipuertos.gob.ve\/index.php?rest_route=%2Fwp%2Fv2%2Fcategories&post=26853"},{"taxonomy":"post_tag","embeddable":true,"href":"https:\/\/www.bolipuertos.gob.ve\/index.php?rest_route=%2Fwp%2Fv2%2Ftags&post=26853"}],"curies":[{"name":"wp","href":"https:\/\/api.w.org\/{rel}","templated":true}]}}