{"id":27394,"date":"2024-02-02T08:36:22","date_gmt":"2024-02-02T12:36:22","guid":{"rendered":"https:\/\/www.bolipuertos.gob.ve\/?p=27394"},"modified":"2024-02-02T08:38:46","modified_gmt":"2024-02-02T12:38:46","slug":"venezuela-hacia-un-proceso-de-recuperacion-pacifica-del-esequibo","status":"publish","type":"post","link":"https:\/\/www.bolipuertos.gob.ve\/?p=27394","title":{"rendered":"Venezuela hacia un proceso de recuperaci\u00f3n pac\u00edfica del Esequibo"},"content":{"rendered":"\t\t<div data-elementor-type=\"wp-post\" data-elementor-id=\"27394\" class=\"elementor elementor-27394\">\n\t\t\t\t\t\t\t\t\t<section class=\"elementor-section elementor-top-section elementor-element elementor-element-159d803 elementor-section-boxed elementor-section-height-default elementor-section-height-default\" data-id=\"159d803\" data-element_type=\"section\">\n\t\t\t\t\t\t<div class=\"elementor-container elementor-column-gap-default\">\n\t\t\t\t\t<div class=\"elementor-column elementor-col-100 elementor-top-column elementor-element elementor-element-ea77313\" data-id=\"ea77313\" data-element_type=\"column\">\n\t\t\t<div class=\"elementor-widget-wrap elementor-element-populated\">\n\t\t\t\t\t\t\t\t<div class=\"elementor-element elementor-element-80609a1 elementor-widget elementor-widget-text-editor\" data-id=\"80609a1\" data-element_type=\"widget\" data-widget_type=\"text-editor.default\">\n\t\t\t\t<div class=\"elementor-widget-container\">\n\t\t\t\t\t\t\t<p><strong><em><sub>El presidente de la Rep\u00fablica Nicol\u00e1s Maduro, ratific\u00f3 al Comando Sur y al Reino Unido que \u201cno podr\u00e1 con nosotros\u201d, porque \u201cnuestro camino es la diplomacia Bolivariana de Paz<\/sub><\/em><\/strong><\/p><p>Despu\u00e9s de que Guyana se comprometiera a aproximarse al Acuerdo de Ginebra de 1966, tras el encuentro celebrado entre los cancilleres de Venezuela y la naci\u00f3n vecina, el presidente de la Rep\u00fablica Bolivariana de Venezuela, Nicol\u00e1s Maduro Moros, recalc\u00f3 este lunes a lo largo de la transmisi\u00f3n n\u00famero 32 de\u00a0<em>\u00abConMaduro+\u00ab<\/em>, que\u00a0<em>\u201cpoco a poco tenemos que ir conduciendo este proceso de reclamaci\u00f3n justa e hist\u00f3rica hac\u00eda un proceso de recuperaci\u00f3n pacifica de los derechos de Venezuela sobre el Esequibo\u201d<\/em>.<\/p><p>Respecto a lo anterior, el Mandatario venezolano prioriz\u00f3 que Venezuela cuenta con una diplomacia experimentada, exitosa, inteligente, en medio de un escenario en el que\u00a0<em>\u201csabemos movernos\u201d<\/em>.<\/p><p>Bajo este contexto, el dignatario ratific\u00f3 al Comando Sur y al Reino Unido que<em>\u00a0\u201cno podr\u00e1 con nosotros\u201d, porque \u201cnuestro camino es la diplomacia Bolivariana de Paz, de ese camino no nos saca nadie ni nada\u201d<\/em>.<\/p><p>Insisti\u00f3, en que\u00a0<em>\u201cpaso a paso vamos a ir logrando conformar un nuevo cuadro para que la reclamaci\u00f3n hist\u00f3rica sea aceptada y Venezuela logre sus objetivos\u201d<\/em>.<\/p><p>En cuanto a estos nuevos factores , que incluye el compromiso de Guyana en abordar el Acuerdo de Ginebra, el presidente Nicol\u00e1s Maduro, indic\u00f3 que la reuni\u00f3n entre ambos cancilleres se gener\u00f3 a ra\u00edz de los acuerdos sellados en San Vicente y Las Granadinas el 14 de diciembre de 2023. All\u00ed los presidentes de Guyana y Venezuela alcanzaron este acuerdo.<\/p><p>Finalmente, el ejecutivo resalt\u00f3 como positivo que ya sobre la mesa est\u00e1 el debate de los temas, contexto en el que Venezuela ha fijado una posici\u00f3n muy firme, asever\u00f3.<\/p><p><strong>MIPPCI Efrain Sequera<\/strong><\/p>\t\t\t\t\t\t<\/div>\n\t\t\t\t<\/div>\n\t\t\t\t\t<\/div>\n\t\t<\/div>\n\t\t\t\t\t\t\t<\/div>\n\t\t<\/section>\n\t\t\t\t\t\t\t<\/div>\n\t\t","protected":false},"excerpt":{"rendered":"<p>El presidente de la Rep\u00fablica Nicol\u00e1s Maduro, ratific\u00f3 al Comando Sur y al Reino Unido que \u201cno podr\u00e1 con nosotros\u201d, porque \u201cnuestro [&hellip;]<\/p>\n","protected":false},"author":15,"featured_media":27395,"comment_status":"closed","ping_status":"closed","sticky":false,"template":"","format":"standard","meta":[],"categories":[4],"tags":[],"yoast_head":"<!-- This site is optimized with the Yoast SEO plugin v17.6 - https:\/\/yoast.com\/wordpress\/plugins\/seo\/ -->\n<title>Venezuela hacia un proceso de recuperaci\u00f3n pac\u00edfica del Esequibo &middot; Bolipuertos S.A.<\/title>\n<meta name=\"description\" content=\"Bolipuertos S.A\" \/>\n<meta name=\"robots\" content=\"index, follow, max-snippet:-1, max-image-preview:large, max-video-preview:-1\" \/>\n<link rel=\"canonical\" href=\"https:\/\/www.bolipuertos.gob.ve\/?p=27394\" \/>\n<meta property=\"og:locale\" content=\"es_ES\" \/>\n<meta property=\"og:type\" content=\"article\" \/>\n<meta property=\"og:title\" content=\"Venezuela hacia un proceso de recuperaci\u00f3n pac\u00edfica del Esequibo &middot; Bolipuertos S.A.\" \/>\n<meta property=\"og:description\" content=\"Bolipuertos S.A\" \/>\n<meta property=\"og:url\" content=\"https:\/\/www.bolipuertos.gob.ve\/?p=27394\" \/>\n<meta property=\"og:site_name\" content=\"Bolipuertos S.A.\" \/>\n<meta property=\"article:publisher\" content=\"https:\/\/www.facebook.com\/bolipuertos.puertos\" \/>\n<meta property=\"article:published_time\" content=\"2024-02-02T12:36:22+00:00\" \/>\n<meta property=\"article:modified_time\" content=\"2024-02-02T12:38:46+00:00\" \/>\n<meta property=\"og:image\" content=\"https:\/\/www.bolipuertos.gob.ve\/wp-content\/uploads\/2024\/02\/MADURO-1F-1-1024x683-1.jpg\" \/>\n\t<meta property=\"og:image:width\" content=\"1024\" \/>\n\t<meta property=\"og:image:height\" content=\"683\" \/>\n<meta name=\"twitter:card\" content=\"summary_large_image\" \/>\n<meta name=\"twitter:label1\" content=\"Escrito por\" \/>\n\t<meta name=\"twitter:data1\" content=\"eduardo landaeta\" \/>\n\t<meta name=\"twitter:label2\" content=\"Tiempo de lectura\" \/>\n\t<meta name=\"twitter:data2\" content=\"2 minutos\" \/>\n<script type=\"application\/ld+json\" class=\"yoast-schema-graph\">{\"@context\":\"https:\/\/schema.org\",\"@graph\":[{\"@type\":\"Organization\",\"@id\":\"https:\/\/www.bolipuertos.gob.ve\/#organization\",\"name\":\"bolipuertos\",\"url\":\"https:\/\/www.bolipuertos.gob.ve\/\",\"sameAs\":[\"https:\/\/www.facebook.com\/bolipuertos.puertos\",\"https:\/\/www.instagram.com\/bolipuertosgob\/\",\"https:\/\/www.youtube.com\/channel\/UCSev7gH4fp-5HWWOjZANLoQ\"],\"logo\":{\"@type\":\"ImageObject\",\"@id\":\"https:\/\/www.bolipuertos.gob.ve\/#logo\",\"inLanguage\":\"es\",\"url\":\"https:\/\/www.bolipuertos.gob.ve\/wp-content\/uploads\/2021\/10\/logo_bolipuertos.png\",\"contentUrl\":\"https:\/\/www.bolipuertos.gob.ve\/wp-content\/uploads\/2021\/10\/logo_bolipuertos.png\",\"width\":220,\"height\":150,\"caption\":\"bolipuertos\"},\"image\":{\"@id\":\"https:\/\/www.bolipuertos.gob.ve\/#logo\"}},{\"@type\":\"WebSite\",\"@id\":\"https:\/\/www.bolipuertos.gob.ve\/#website\",\"url\":\"https:\/\/www.bolipuertos.gob.ve\/\",\"name\":\"Bolipuertos S.A.\",\"description\":\"Bolipuertos S.A.\",\"publisher\":{\"@id\":\"https:\/\/www.bolipuertos.gob.ve\/#organization\"},\"potentialAction\":[{\"@type\":\"SearchAction\",\"target\":{\"@type\":\"EntryPoint\",\"urlTemplate\":\"https:\/\/www.bolipuertos.gob.ve\/?s={search_term_string}\"},\"query-input\":\"required name=search_term_string\"}],\"inLanguage\":\"es\"},{\"@type\":\"ImageObject\",\"@id\":\"https:\/\/www.bolipuertos.gob.ve\/?p=27394#primaryimage\",\"inLanguage\":\"es\",\"url\":\"https:\/\/www.bolipuertos.gob.ve\/wp-content\/uploads\/2024\/02\/MADURO-1F-1-1024x683-1.jpg\",\"contentUrl\":\"https:\/\/www.bolipuertos.gob.ve\/wp-content\/uploads\/2024\/02\/MADURO-1F-1-1024x683-1.jpg\",\"width\":1024,\"height\":683},{\"@type\":\"WebPage\",\"@id\":\"https:\/\/www.bolipuertos.gob.ve\/?p=27394#webpage\",\"url\":\"https:\/\/www.bolipuertos.gob.ve\/?p=27394\",\"name\":\"Venezuela hacia un proceso de recuperaci\\u00f3n pac\\u00edfica del Esequibo &middot; Bolipuertos S.A.\",\"isPartOf\":{\"@id\":\"https:\/\/www.bolipuertos.gob.ve\/#website\"},\"primaryImageOfPage\":{\"@id\":\"https:\/\/www.bolipuertos.gob.ve\/?p=27394#primaryimage\"},\"datePublished\":\"2024-02-02T12:36:22+00:00\",\"dateModified\":\"2024-02-02T12:38:46+00:00\",\"description\":\"Bolipuertos S.A\",\"breadcrumb\":{\"@id\":\"https:\/\/www.bolipuertos.gob.ve\/?p=27394#breadcrumb\"},\"inLanguage\":\"es\",\"potentialAction\":[{\"@type\":\"ReadAction\",\"target\":[\"https:\/\/www.bolipuertos.gob.ve\/?p=27394\"]}]},{\"@type\":\"BreadcrumbList\",\"@id\":\"https:\/\/www.bolipuertos.gob.ve\/?p=27394#breadcrumb\",\"itemListElement\":[{\"@type\":\"ListItem\",\"position\":1,\"name\":\"Portada\",\"item\":\"https:\/\/www.bolipuertos.gob.ve\/\"},{\"@type\":\"ListItem\",\"position\":2,\"name\":\"Venezuela hacia un proceso de recuperaci\\u00f3n pac\\u00edfica del Esequibo\"}]},{\"@type\":\"Article\",\"@id\":\"https:\/\/www.bolipuertos.gob.ve\/?p=27394#article\",\"isPartOf\":{\"@id\":\"https:\/\/www.bolipuertos.gob.ve\/?p=27394#webpage\"},\"author\":{\"@id\":\"https:\/\/www.bolipuertos.gob.ve\/#\/schema\/person\/55279013f9784308f27ba1ae331d4a7f\"},\"headline\":\"Venezuela hacia un proceso de recuperaci\\u00f3n pac\\u00edfica del Esequibo\",\"datePublished\":\"2024-02-02T12:36:22+00:00\",\"dateModified\":\"2024-02-02T12:38:46+00:00\",\"mainEntityOfPage\":{\"@id\":\"https:\/\/www.bolipuertos.gob.ve\/?p=27394#webpage\"},\"wordCount\":313,\"publisher\":{\"@id\":\"https:\/\/www.bolipuertos.gob.ve\/#organization\"},\"image\":{\"@id\":\"https:\/\/www.bolipuertos.gob.ve\/?p=27394#primaryimage\"},\"thumbnailUrl\":\"https:\/\/www.bolipuertos.gob.ve\/wp-content\/uploads\/2024\/02\/MADURO-1F-1-1024x683-1.jpg\",\"articleSection\":[\"Noticias Gobierno Bolivariano\"],\"inLanguage\":\"es\"},{\"@type\":\"Person\",\"@id\":\"https:\/\/www.bolipuertos.gob.ve\/#\/schema\/person\/55279013f9784308f27ba1ae331d4a7f\",\"name\":\"eduardo landaeta\",\"image\":{\"@type\":\"ImageObject\",\"@id\":\"https:\/\/www.bolipuertos.gob.ve\/#personlogo\",\"inLanguage\":\"es\",\"url\":\"https:\/\/secure.gravatar.com\/avatar\/8cb181ddaa30f5056fc49da6793aef20?s=96&d=mm&r=g\",\"contentUrl\":\"https:\/\/secure.gravatar.com\/avatar\/8cb181ddaa30f5056fc49da6793aef20?s=96&d=mm&r=g\",\"caption\":\"eduardo landaeta\"},\"url\":\"https:\/\/www.bolipuertos.gob.ve\/?author=15\"}]}<\/script>\n<!-- \/ Yoast SEO plugin. -->","yoast_head_json":{"title":"Venezuela hacia un proceso de recuperaci\u00f3n pac\u00edfica del Esequibo &middot; Bolipuertos S.A.","description":"Bolipuertos S.A","robots":{"index":"index","follow":"follow","max-snippet":"max-snippet:-1","max-image-preview":"max-image-preview:large","max-video-preview":"max-video-preview:-1"},"canonical":"https:\/\/www.bolipuertos.gob.ve\/?p=27394","og_locale":"es_ES","og_type":"article","og_title":"Venezuela hacia un proceso de recuperaci\u00f3n pac\u00edfica del Esequibo &middot; Bolipuertos S.A.","og_description":"Bolipuertos S.A","og_url":"https:\/\/www.bolipuertos.gob.ve\/?p=27394","og_site_name":"Bolipuertos S.A.","article_publisher":"https:\/\/www.facebook.com\/bolipuertos.puertos","article_published_time":"2024-02-02T12:36:22+00:00","article_modified_time":"2024-02-02T12:38:46+00:00","og_image":[{"width":1024,"height":683,"url":"https:\/\/www.bolipuertos.gob.ve\/wp-content\/uploads\/2024\/02\/MADURO-1F-1-1024x683-1.jpg","type":"image\/jpeg"}],"twitter_card":"summary_large_image","twitter_misc":{"Escrito por":"eduardo landaeta","Tiempo de lectura":"2 minutos"},"schema":{"@context":"https:\/\/schema.org","@graph":[{"@type":"Organization","@id":"https:\/\/www.bolipuertos.gob.ve\/#organization","name":"bolipuertos","url":"https:\/\/www.bolipuertos.gob.ve\/","sameAs":["https:\/\/www.facebook.com\/bolipuertos.puertos","https:\/\/www.instagram.com\/bolipuertosgob\/","https:\/\/www.youtube.com\/channel\/UCSev7gH4fp-5HWWOjZANLoQ"],"logo":{"@type":"ImageObject","@id":"https:\/\/www.bolipuertos.gob.ve\/#logo","inLanguage":"es","url":"https:\/\/www.bolipuertos.gob.ve\/wp-content\/uploads\/2021\/10\/logo_bolipuertos.png","contentUrl":"https:\/\/www.bolipuertos.gob.ve\/wp-content\/uploads\/2021\/10\/logo_bolipuertos.png","width":220,"height":150,"caption":"bolipuertos"},"image":{"@id":"https:\/\/www.bolipuertos.gob.ve\/#logo"}},{"@type":"WebSite","@id":"https:\/\/www.bolipuertos.gob.ve\/#website","url":"https:\/\/www.bolipuertos.gob.ve\/","name":"Bolipuertos S.A.","description":"Bolipuertos S.A.","publisher":{"@id":"https:\/\/www.bolipuertos.gob.ve\/#organization"},"potentialAction":[{"@type":"SearchAction","target":{"@type":"EntryPoint","urlTemplate":"https:\/\/www.bolipuertos.gob.ve\/?s={search_term_string}"},"query-input":"required name=search_term_string"}],"inLanguage":"es"},{"@type":"ImageObject","@id":"https:\/\/www.bolipuertos.gob.ve\/?p=27394#primaryimage","inLanguage":"es","url":"https:\/\/www.bolipuertos.gob.ve\/wp-content\/uploads\/2024\/02\/MADURO-1F-1-1024x683-1.jpg","contentUrl":"https:\/\/www.bolipuertos.gob.ve\/wp-content\/uploads\/2024\/02\/MADURO-1F-1-1024x683-1.jpg","width":1024,"height":683},{"@type":"WebPage","@id":"https:\/\/www.bolipuertos.gob.ve\/?p=27394#webpage","url":"https:\/\/www.bolipuertos.gob.ve\/?p=27394","name":"Venezuela hacia un proceso de recuperaci\u00f3n pac\u00edfica del Esequibo &middot; Bolipuertos S.A.","isPartOf":{"@id":"https:\/\/www.bolipuertos.gob.ve\/#website"},"primaryImageOfPage":{"@id":"https:\/\/www.bolipuertos.gob.ve\/?p=27394#primaryimage"},"datePublished":"2024-02-02T12:36:22+00:00","dateModified":"2024-02-02T12:38:46+00:00","description":"Bolipuertos S.A","breadcrumb":{"@id":"https:\/\/www.bolipuertos.gob.ve\/?p=27394#breadcrumb"},"inLanguage":"es","potentialAction":[{"@type":"ReadAction","target":["https:\/\/www.bolipuertos.gob.ve\/?p=27394"]}]},{"@type":"BreadcrumbList","@id":"https:\/\/www.bolipuertos.gob.ve\/?p=27394#breadcrumb","itemListElement":[{"@type":"ListItem","position":1,"name":"Portada","item":"https:\/\/www.bolipuertos.gob.ve\/"},{"@type":"ListItem","position":2,"name":"Venezuela hacia un proceso de recuperaci\u00f3n pac\u00edfica del Esequibo"}]},{"@type":"Article","@id":"https:\/\/www.bolipuertos.gob.ve\/?p=27394#article","isPartOf":{"@id":"https:\/\/www.bolipuertos.gob.ve\/?p=27394#webpage"},"author":{"@id":"https:\/\/www.bolipuertos.gob.ve\/#\/schema\/person\/55279013f9784308f27ba1ae331d4a7f"},"headline":"Venezuela hacia un proceso de recuperaci\u00f3n pac\u00edfica del Esequibo","datePublished":"2024-02-02T12:36:22+00:00","dateModified":"2024-02-02T12:38:46+00:00","mainEntityOfPage":{"@id":"https:\/\/www.bolipuertos.gob.ve\/?p=27394#webpage"},"wordCount":313,"publisher":{"@id":"https:\/\/www.bolipuertos.gob.ve\/#organization"},"image":{"@id":"https:\/\/www.bolipuertos.gob.ve\/?p=27394#primaryimage"},"thumbnailUrl":"https:\/\/www.bolipuertos.gob.ve\/wp-content\/uploads\/2024\/02\/MADURO-1F-1-1024x683-1.jpg","articleSection":["Noticias Gobierno Bolivariano"],"inLanguage":"es"},{"@type":"Person","@id":"https:\/\/www.bolipuertos.gob.ve\/#\/schema\/person\/55279013f9784308f27ba1ae331d4a7f","name":"eduardo landaeta","image":{"@type":"ImageObject","@id":"https:\/\/www.bolipuertos.gob.ve\/#personlogo","inLanguage":"es","url":"https:\/\/secure.gravatar.com\/avatar\/8cb181ddaa30f5056fc49da6793aef20?s=96&d=mm&r=g","contentUrl":"https:\/\/secure.gravatar.com\/avatar\/8cb181ddaa30f5056fc49da6793aef20?s=96&d=mm&r=g","caption":"eduardo landaeta"},"url":"https:\/\/www.bolipuertos.gob.ve\/?author=15"}]}},"_links":{"self":[{"href":"https:\/\/www.bolipuertos.gob.ve\/index.php?rest_route=\/wp\/v2\/posts\/27394"}],"collection":[{"href":"https:\/\/www.bolipuertos.gob.ve\/index.php?rest_route=\/wp\/v2\/posts"}],"about":[{"href":"https:\/\/www.bolipuertos.gob.ve\/index.php?rest_route=\/wp\/v2\/types\/post"}],"author":[{"embeddable":true,"href":"https:\/\/www.bolipuertos.gob.ve\/index.php?rest_route=\/wp\/v2\/users\/15"}],"replies":[{"embeddable":true,"href":"https:\/\/www.bolipuertos.gob.ve\/index.php?rest_route=%2Fwp%2Fv2%2Fcomments&post=27394"}],"version-history":[{"count":4,"href":"https:\/\/www.bolipuertos.gob.ve\/index.php?rest_route=\/wp\/v2\/posts\/27394\/revisions"}],"predecessor-version":[{"id":27399,"href":"https:\/\/www.bolipuertos.gob.ve\/index.php?rest_route=\/wp\/v2\/posts\/27394\/revisions\/27399"}],"wp:featuredmedia":[{"embeddable":true,"href":"https:\/\/www.bolipuertos.gob.ve\/index.php?rest_route=\/wp\/v2\/media\/27395"}],"wp:attachment":[{"href":"https:\/\/www.bolipuertos.gob.ve\/index.php?rest_route=%2Fwp%2Fv2%2Fmedia&parent=27394"}],"wp:term":[{"taxonomy":"category","embeddable":true,"href":"https:\/\/www.bolipuertos.gob.ve\/index.php?rest_route=%2Fwp%2Fv2%2Fcategories&post=27394"},{"taxonomy":"post_tag","embeddable":true,"href":"https:\/\/www.bolipuertos.gob.ve\/index.php?rest_route=%2Fwp%2Fv2%2Ftags&post=27394"}],"curies":[{"name":"wp","href":"https:\/\/api.w.org\/{rel}","templated":true}]}}