{"id":28536,"date":"2024-08-27T11:09:55","date_gmt":"2024-08-27T15:09:55","guid":{"rendered":"https:\/\/www.bolipuertos.gob.ve\/?p=28536"},"modified":"2024-08-27T11:09:55","modified_gmt":"2024-08-27T15:09:55","slug":"presidente-maduro-encabeza-xi-cumbre-alba-tcp","status":"publish","type":"post","link":"https:\/\/www.bolipuertos.gob.ve\/?p=28536","title":{"rendered":"Presidente Maduro encabeza XI Cumbre ALBA-TCP"},"content":{"rendered":"\n<p><strong>Prensa Mippci.<\/strong>&#8211; <strong><em><sub>El Dignatario venezolano, Nicol\u00e1s Maduro, manifest\u00f3 que: \u201cHemos recibido muestras de respeto, solidaridad, apoyo, amor por parte de los pueblos y gobiernos del mundo. En este proceso donde Venezuela est\u00e1 resistiendo una embestida imperialista \u00ab<\/sub><\/em><\/strong><\/p>\n\n\n\n<p>Este lunes, el Ejecutivo nacional, Nicol\u00e1s Maduro, a trav\u00e9s de una videoconferencia dio la bienvenida a sus hom\u00f3logos y primeros ministros que integran la&nbsp;<strong>Alianza Bolivariana para los Pueblos de Nuestra Am\u00e9rica-Tratado de Comercio de los Pueblos (ALBA-TCP)<\/strong>, en la onceava Cumbre Extraordinaria que se lleva a cabo en Caracas.&nbsp;<\/p>\n\n\n\n<p><em>\u201cHemos recibido muestras de respeto, solidaridad, apoyo, amor por parte de los pueblos y gobiernos del mundo. En este proceso donde Venezuela est\u00e1 resistiendo una embestida imperialista de los poderes&nbsp;globales de occidente, una embestida de car\u00e1cter criminal (\u2026) Nuestro pueblo ha detenido y enfrentado con la Constituci\u00f3n en la mano un golpe cibern\u00e9tico y fascista\u201d<\/em>, manifest\u00f3.<\/p>\n\n\n\n<p>En este sentido, afirm\u00f3 que el neofascismo y la extrema oposici\u00f3n resurgieron con el magnate y due\u00f1o de la red social X,<strong>&nbsp;Elon Musk,<\/strong>&nbsp;quien cuenta con gran capital y poder.&nbsp;<em>\u201cNo han cesado en su empe\u00f1o de asaltar el poder en Venezuela (\u2026) liderazgos y grupos pol\u00edticos que han derivado hacia la ideolog\u00eda del fascismo\u201d<\/em>, agreg\u00f3.<\/p>\n\n\n\n<p>Ante lo referido,el mandatario nacional asegur\u00f3 que el pueblo venezolano en uni\u00f3n c\u00edvico, militar y policial logr\u00f3 contener y derrotar en las primeras&nbsp;<strong>48 horas<\/strong>&nbsp;esta acci\u00f3n vand\u00e1lica y terrorista.<\/p>\n\n\n\n<p><em>\u201cEn Venezuela se desat\u00f3 una campa\u00f1a antes, durante y despu\u00e9s del 28 de julio que ten\u00eda el objetivo de causar inestabilidad mediante la participaci\u00f3n de criminales contratados y entrenados. \u00a1Quer\u00edan llevar a Venezuela a un enfrentamiento total!\u201d<\/em>, declar\u00f3 el jefe de Estado.<\/p>\n\n\n\n<p>Desde ese punto, agradeci\u00f3 a los hermanos que integran esta alianza por su solidaridad y respaldo pol\u00edtico, diplom\u00e1tico y moral, al tiempo que ratific\u00f3 que la naci\u00f3n bolivariana contin\u00faa en paz en la consolidaci\u00f3n del camino que dej\u00f3 el Comandante Hugo Ch\u00e1vez en la construcci\u00f3n de una democracia nueva, directa y popular.\u00a0<em>\u201cLa voz se levanta en el mundo para alertar ante esta agresi\u00f3n contra Venezuela\u201d<\/em>.<\/p>\n\n\n\n<p>Mippci <a href=\"http:\/\/mippci.gob.ve\/index.php\/author\/bsanteliz\/\">Braiana Santeliz\u00a0<\/a>\u00a0<\/p>\n","protected":false},"excerpt":{"rendered":"<p>Prensa Mippci.&#8211; El Dignatario venezolano, Nicol\u00e1s Maduro, manifest\u00f3 que: \u201cHemos recibido muestras de respeto, solidaridad, apoyo, amor por parte de los pueblos [&hellip;]<\/p>\n","protected":false},"author":16,"featured_media":28537,"comment_status":"closed","ping_status":"closed","sticky":false,"template":"","format":"standard","meta":[],"categories":[4],"tags":[],"yoast_head":"<!-- This site is optimized with the Yoast SEO plugin v17.6 - https:\/\/yoast.com\/wordpress\/plugins\/seo\/ -->\n<title>Presidente Maduro encabeza XI Cumbre ALBA-TCP &middot; Bolipuertos S.A.<\/title>\n<meta name=\"description\" content=\"Bolipuertos S.A\" \/>\n<meta name=\"robots\" content=\"index, follow, max-snippet:-1, max-image-preview:large, max-video-preview:-1\" \/>\n<link rel=\"canonical\" href=\"https:\/\/www.bolipuertos.gob.ve\/?p=28536\" \/>\n<meta property=\"og:locale\" content=\"es_ES\" \/>\n<meta property=\"og:type\" content=\"article\" \/>\n<meta property=\"og:title\" content=\"Presidente Maduro encabeza XI Cumbre ALBA-TCP &middot; Bolipuertos S.A.\" \/>\n<meta property=\"og:description\" content=\"Bolipuertos S.A\" \/>\n<meta property=\"og:url\" content=\"https:\/\/www.bolipuertos.gob.ve\/?p=28536\" \/>\n<meta property=\"og:site_name\" content=\"Bolipuertos S.A.\" \/>\n<meta property=\"article:publisher\" content=\"https:\/\/www.facebook.com\/bolipuertos.puertos\" \/>\n<meta property=\"article:published_time\" content=\"2024-08-27T15:09:55+00:00\" \/>\n<meta property=\"og:image\" content=\"https:\/\/www.bolipuertos.gob.ve\/wp-content\/uploads\/2024\/08\/Maduro-CUMBRE.png\" \/>\n\t<meta property=\"og:image:width\" content=\"800\" \/>\n\t<meta property=\"og:image:height\" content=\"445\" \/>\n<meta name=\"twitter:card\" content=\"summary_large_image\" \/>\n<meta name=\"twitter:label1\" content=\"Escrito por\" \/>\n\t<meta name=\"twitter:data1\" content=\"kysmar padilla\" \/>\n\t<meta name=\"twitter:label2\" content=\"Tiempo de lectura\" \/>\n\t<meta name=\"twitter:data2\" content=\"2 minutos\" \/>\n<script type=\"application\/ld+json\" class=\"yoast-schema-graph\">{\"@context\":\"https:\/\/schema.org\",\"@graph\":[{\"@type\":\"Organization\",\"@id\":\"https:\/\/www.bolipuertos.gob.ve\/#organization\",\"name\":\"bolipuertos\",\"url\":\"https:\/\/www.bolipuertos.gob.ve\/\",\"sameAs\":[\"https:\/\/www.facebook.com\/bolipuertos.puertos\",\"https:\/\/www.instagram.com\/bolipuertosgob\/\",\"https:\/\/www.youtube.com\/channel\/UCSev7gH4fp-5HWWOjZANLoQ\"],\"logo\":{\"@type\":\"ImageObject\",\"@id\":\"https:\/\/www.bolipuertos.gob.ve\/#logo\",\"inLanguage\":\"es\",\"url\":\"https:\/\/www.bolipuertos.gob.ve\/wp-content\/uploads\/2021\/10\/logo_bolipuertos.png\",\"contentUrl\":\"https:\/\/www.bolipuertos.gob.ve\/wp-content\/uploads\/2021\/10\/logo_bolipuertos.png\",\"width\":220,\"height\":150,\"caption\":\"bolipuertos\"},\"image\":{\"@id\":\"https:\/\/www.bolipuertos.gob.ve\/#logo\"}},{\"@type\":\"WebSite\",\"@id\":\"https:\/\/www.bolipuertos.gob.ve\/#website\",\"url\":\"https:\/\/www.bolipuertos.gob.ve\/\",\"name\":\"Bolipuertos S.A.\",\"description\":\"Bolipuertos S.A.\",\"publisher\":{\"@id\":\"https:\/\/www.bolipuertos.gob.ve\/#organization\"},\"potentialAction\":[{\"@type\":\"SearchAction\",\"target\":{\"@type\":\"EntryPoint\",\"urlTemplate\":\"https:\/\/www.bolipuertos.gob.ve\/?s={search_term_string}\"},\"query-input\":\"required name=search_term_string\"}],\"inLanguage\":\"es\"},{\"@type\":\"ImageObject\",\"@id\":\"https:\/\/www.bolipuertos.gob.ve\/?p=28536#primaryimage\",\"inLanguage\":\"es\",\"url\":\"https:\/\/www.bolipuertos.gob.ve\/wp-content\/uploads\/2024\/08\/Maduro-CUMBRE.png\",\"contentUrl\":\"https:\/\/www.bolipuertos.gob.ve\/wp-content\/uploads\/2024\/08\/Maduro-CUMBRE.png\",\"width\":800,\"height\":445},{\"@type\":\"WebPage\",\"@id\":\"https:\/\/www.bolipuertos.gob.ve\/?p=28536#webpage\",\"url\":\"https:\/\/www.bolipuertos.gob.ve\/?p=28536\",\"name\":\"Presidente Maduro encabeza XI Cumbre ALBA-TCP &middot; Bolipuertos S.A.\",\"isPartOf\":{\"@id\":\"https:\/\/www.bolipuertos.gob.ve\/#website\"},\"primaryImageOfPage\":{\"@id\":\"https:\/\/www.bolipuertos.gob.ve\/?p=28536#primaryimage\"},\"datePublished\":\"2024-08-27T15:09:55+00:00\",\"dateModified\":\"2024-08-27T15:09:55+00:00\",\"description\":\"Bolipuertos S.A\",\"breadcrumb\":{\"@id\":\"https:\/\/www.bolipuertos.gob.ve\/?p=28536#breadcrumb\"},\"inLanguage\":\"es\",\"potentialAction\":[{\"@type\":\"ReadAction\",\"target\":[\"https:\/\/www.bolipuertos.gob.ve\/?p=28536\"]}]},{\"@type\":\"BreadcrumbList\",\"@id\":\"https:\/\/www.bolipuertos.gob.ve\/?p=28536#breadcrumb\",\"itemListElement\":[{\"@type\":\"ListItem\",\"position\":1,\"name\":\"Portada\",\"item\":\"https:\/\/www.bolipuertos.gob.ve\/\"},{\"@type\":\"ListItem\",\"position\":2,\"name\":\"Presidente Maduro encabeza XI Cumbre ALBA-TCP\"}]},{\"@type\":\"Article\",\"@id\":\"https:\/\/www.bolipuertos.gob.ve\/?p=28536#article\",\"isPartOf\":{\"@id\":\"https:\/\/www.bolipuertos.gob.ve\/?p=28536#webpage\"},\"author\":{\"@id\":\"https:\/\/www.bolipuertos.gob.ve\/#\/schema\/person\/934f01878a0dcd2c267bc042944a6caf\"},\"headline\":\"Presidente Maduro encabeza XI Cumbre ALBA-TCP\",\"datePublished\":\"2024-08-27T15:09:55+00:00\",\"dateModified\":\"2024-08-27T15:09:55+00:00\",\"mainEntityOfPage\":{\"@id\":\"https:\/\/www.bolipuertos.gob.ve\/?p=28536#webpage\"},\"wordCount\":383,\"publisher\":{\"@id\":\"https:\/\/www.bolipuertos.gob.ve\/#organization\"},\"image\":{\"@id\":\"https:\/\/www.bolipuertos.gob.ve\/?p=28536#primaryimage\"},\"thumbnailUrl\":\"https:\/\/www.bolipuertos.gob.ve\/wp-content\/uploads\/2024\/08\/Maduro-CUMBRE.png\",\"articleSection\":[\"Noticias Gobierno Bolivariano\"],\"inLanguage\":\"es\"},{\"@type\":\"Person\",\"@id\":\"https:\/\/www.bolipuertos.gob.ve\/#\/schema\/person\/934f01878a0dcd2c267bc042944a6caf\",\"name\":\"kysmar padilla\",\"image\":{\"@type\":\"ImageObject\",\"@id\":\"https:\/\/www.bolipuertos.gob.ve\/#personlogo\",\"inLanguage\":\"es\",\"url\":\"https:\/\/secure.gravatar.com\/avatar\/1c64021eee8cbc011df0375b1a261ea1?s=96&d=mm&r=g\",\"contentUrl\":\"https:\/\/secure.gravatar.com\/avatar\/1c64021eee8cbc011df0375b1a261ea1?s=96&d=mm&r=g\",\"caption\":\"kysmar padilla\"},\"url\":\"https:\/\/www.bolipuertos.gob.ve\/?author=16\"}]}<\/script>\n<!-- \/ Yoast SEO plugin. -->","yoast_head_json":{"title":"Presidente Maduro encabeza XI Cumbre ALBA-TCP &middot; Bolipuertos S.A.","description":"Bolipuertos S.A","robots":{"index":"index","follow":"follow","max-snippet":"max-snippet:-1","max-image-preview":"max-image-preview:large","max-video-preview":"max-video-preview:-1"},"canonical":"https:\/\/www.bolipuertos.gob.ve\/?p=28536","og_locale":"es_ES","og_type":"article","og_title":"Presidente Maduro encabeza XI Cumbre ALBA-TCP &middot; Bolipuertos S.A.","og_description":"Bolipuertos S.A","og_url":"https:\/\/www.bolipuertos.gob.ve\/?p=28536","og_site_name":"Bolipuertos S.A.","article_publisher":"https:\/\/www.facebook.com\/bolipuertos.puertos","article_published_time":"2024-08-27T15:09:55+00:00","og_image":[{"width":800,"height":445,"url":"https:\/\/www.bolipuertos.gob.ve\/wp-content\/uploads\/2024\/08\/Maduro-CUMBRE.png","type":"image\/png"}],"twitter_card":"summary_large_image","twitter_misc":{"Escrito por":"kysmar padilla","Tiempo de lectura":"2 minutos"},"schema":{"@context":"https:\/\/schema.org","@graph":[{"@type":"Organization","@id":"https:\/\/www.bolipuertos.gob.ve\/#organization","name":"bolipuertos","url":"https:\/\/www.bolipuertos.gob.ve\/","sameAs":["https:\/\/www.facebook.com\/bolipuertos.puertos","https:\/\/www.instagram.com\/bolipuertosgob\/","https:\/\/www.youtube.com\/channel\/UCSev7gH4fp-5HWWOjZANLoQ"],"logo":{"@type":"ImageObject","@id":"https:\/\/www.bolipuertos.gob.ve\/#logo","inLanguage":"es","url":"https:\/\/www.bolipuertos.gob.ve\/wp-content\/uploads\/2021\/10\/logo_bolipuertos.png","contentUrl":"https:\/\/www.bolipuertos.gob.ve\/wp-content\/uploads\/2021\/10\/logo_bolipuertos.png","width":220,"height":150,"caption":"bolipuertos"},"image":{"@id":"https:\/\/www.bolipuertos.gob.ve\/#logo"}},{"@type":"WebSite","@id":"https:\/\/www.bolipuertos.gob.ve\/#website","url":"https:\/\/www.bolipuertos.gob.ve\/","name":"Bolipuertos S.A.","description":"Bolipuertos S.A.","publisher":{"@id":"https:\/\/www.bolipuertos.gob.ve\/#organization"},"potentialAction":[{"@type":"SearchAction","target":{"@type":"EntryPoint","urlTemplate":"https:\/\/www.bolipuertos.gob.ve\/?s={search_term_string}"},"query-input":"required name=search_term_string"}],"inLanguage":"es"},{"@type":"ImageObject","@id":"https:\/\/www.bolipuertos.gob.ve\/?p=28536#primaryimage","inLanguage":"es","url":"https:\/\/www.bolipuertos.gob.ve\/wp-content\/uploads\/2024\/08\/Maduro-CUMBRE.png","contentUrl":"https:\/\/www.bolipuertos.gob.ve\/wp-content\/uploads\/2024\/08\/Maduro-CUMBRE.png","width":800,"height":445},{"@type":"WebPage","@id":"https:\/\/www.bolipuertos.gob.ve\/?p=28536#webpage","url":"https:\/\/www.bolipuertos.gob.ve\/?p=28536","name":"Presidente Maduro encabeza XI Cumbre ALBA-TCP &middot; Bolipuertos S.A.","isPartOf":{"@id":"https:\/\/www.bolipuertos.gob.ve\/#website"},"primaryImageOfPage":{"@id":"https:\/\/www.bolipuertos.gob.ve\/?p=28536#primaryimage"},"datePublished":"2024-08-27T15:09:55+00:00","dateModified":"2024-08-27T15:09:55+00:00","description":"Bolipuertos S.A","breadcrumb":{"@id":"https:\/\/www.bolipuertos.gob.ve\/?p=28536#breadcrumb"},"inLanguage":"es","potentialAction":[{"@type":"ReadAction","target":["https:\/\/www.bolipuertos.gob.ve\/?p=28536"]}]},{"@type":"BreadcrumbList","@id":"https:\/\/www.bolipuertos.gob.ve\/?p=28536#breadcrumb","itemListElement":[{"@type":"ListItem","position":1,"name":"Portada","item":"https:\/\/www.bolipuertos.gob.ve\/"},{"@type":"ListItem","position":2,"name":"Presidente Maduro encabeza XI Cumbre ALBA-TCP"}]},{"@type":"Article","@id":"https:\/\/www.bolipuertos.gob.ve\/?p=28536#article","isPartOf":{"@id":"https:\/\/www.bolipuertos.gob.ve\/?p=28536#webpage"},"author":{"@id":"https:\/\/www.bolipuertos.gob.ve\/#\/schema\/person\/934f01878a0dcd2c267bc042944a6caf"},"headline":"Presidente Maduro encabeza XI Cumbre ALBA-TCP","datePublished":"2024-08-27T15:09:55+00:00","dateModified":"2024-08-27T15:09:55+00:00","mainEntityOfPage":{"@id":"https:\/\/www.bolipuertos.gob.ve\/?p=28536#webpage"},"wordCount":383,"publisher":{"@id":"https:\/\/www.bolipuertos.gob.ve\/#organization"},"image":{"@id":"https:\/\/www.bolipuertos.gob.ve\/?p=28536#primaryimage"},"thumbnailUrl":"https:\/\/www.bolipuertos.gob.ve\/wp-content\/uploads\/2024\/08\/Maduro-CUMBRE.png","articleSection":["Noticias Gobierno Bolivariano"],"inLanguage":"es"},{"@type":"Person","@id":"https:\/\/www.bolipuertos.gob.ve\/#\/schema\/person\/934f01878a0dcd2c267bc042944a6caf","name":"kysmar padilla","image":{"@type":"ImageObject","@id":"https:\/\/www.bolipuertos.gob.ve\/#personlogo","inLanguage":"es","url":"https:\/\/secure.gravatar.com\/avatar\/1c64021eee8cbc011df0375b1a261ea1?s=96&d=mm&r=g","contentUrl":"https:\/\/secure.gravatar.com\/avatar\/1c64021eee8cbc011df0375b1a261ea1?s=96&d=mm&r=g","caption":"kysmar padilla"},"url":"https:\/\/www.bolipuertos.gob.ve\/?author=16"}]}},"_links":{"self":[{"href":"https:\/\/www.bolipuertos.gob.ve\/index.php?rest_route=\/wp\/v2\/posts\/28536"}],"collection":[{"href":"https:\/\/www.bolipuertos.gob.ve\/index.php?rest_route=\/wp\/v2\/posts"}],"about":[{"href":"https:\/\/www.bolipuertos.gob.ve\/index.php?rest_route=\/wp\/v2\/types\/post"}],"author":[{"embeddable":true,"href":"https:\/\/www.bolipuertos.gob.ve\/index.php?rest_route=\/wp\/v2\/users\/16"}],"replies":[{"embeddable":true,"href":"https:\/\/www.bolipuertos.gob.ve\/index.php?rest_route=%2Fwp%2Fv2%2Fcomments&post=28536"}],"version-history":[{"count":1,"href":"https:\/\/www.bolipuertos.gob.ve\/index.php?rest_route=\/wp\/v2\/posts\/28536\/revisions"}],"predecessor-version":[{"id":28538,"href":"https:\/\/www.bolipuertos.gob.ve\/index.php?rest_route=\/wp\/v2\/posts\/28536\/revisions\/28538"}],"wp:featuredmedia":[{"embeddable":true,"href":"https:\/\/www.bolipuertos.gob.ve\/index.php?rest_route=\/wp\/v2\/media\/28537"}],"wp:attachment":[{"href":"https:\/\/www.bolipuertos.gob.ve\/index.php?rest_route=%2Fwp%2Fv2%2Fmedia&parent=28536"}],"wp:term":[{"taxonomy":"category","embeddable":true,"href":"https:\/\/www.bolipuertos.gob.ve\/index.php?rest_route=%2Fwp%2Fv2%2Fcategories&post=28536"},{"taxonomy":"post_tag","embeddable":true,"href":"https:\/\/www.bolipuertos.gob.ve\/index.php?rest_route=%2Fwp%2Fv2%2Ftags&post=28536"}],"curies":[{"name":"wp","href":"https:\/\/api.w.org\/{rel}","templated":true}]}}