{"id":28580,"date":"2024-09-03T09:50:00","date_gmt":"2024-09-03T13:50:00","guid":{"rendered":"https:\/\/www.bolipuertos.gob.ve\/?p=28580"},"modified":"2024-09-04T09:51:19","modified_gmt":"2024-09-04T13:51:19","slug":"gran-congreso-nacional-del-bloque-historico-bolivariano-se-realizara-en-octubre","status":"publish","type":"post","link":"https:\/\/www.bolipuertos.gob.ve\/?p=28580","title":{"rendered":"Gran Congreso Nacional del Bloque Hist\u00f3rico Bolivariano se realizar\u00e1 en octubre"},"content":{"rendered":"\n<p><strong>Prensa VTV.- El<\/strong>&nbsp;presidente de la Rep\u00fablica Bolivariana de Venezuela, Nicol\u00e1s Maduro, anunci\u00f3 durante el encuentro de las Cinco Generaciones que del 4 al 6 de octubre se llevar\u00e1 a cabo el Gran Congreso Nacional del Bloque Hist\u00f3rico Bolivariano Popular Chavista y Socialista de Venezuela para el siglo XXI.<\/p>\n\n\n\n<p>\u201cSe desarrollar\u00e1 a lo largo de tres d\u00edas, se abordar\u00e1n temas cruciales para definir la visi\u00f3n program\u00e1tica y geopol\u00edtica de los pr\u00f3ximos 30 a\u00f1os de la pol\u00edtica venezolana\u201d, expres\u00f3 el presidente Maduro al destacar la importancia de una planificaci\u00f3n adecuada y una visi\u00f3n clara para continuar con la revoluci\u00f3n en beneficio de las generaciones futuras.<\/p>\n\n\n\n<p>De esta manera, el jefe de Estado design\u00f3 a Ricardo Men\u00e9ndez como Coordinador General y a Francisco Ameliach como Secretario Ejecutivo de la Comisi\u00f3n Presidencial de las Cinco Generaciones del Bloque Hist\u00f3rico.<\/p>\n\n\n\n<p>Adem\u00e1s, estableci\u00f3 los grupos generacionales encargados durante el congreso: \u201cEn la generaci\u00f3n precursora designo a Mar\u00eda Le\u00f3n, Noel\u00ed Pocaterra, Marelis P\u00e9rez Marcano, Fernando Soto Rojas y Alexis Toledo para asumir la Coordinaci\u00f3n del Proceso Propulsor&nbsp;rumbo al Gran Congreso\u201d, anunci\u00f3 el mandatario nacional.<\/p>\n\n\n\n<p>A su vez, en la Coordinaci\u00f3n de la Generaci\u00f3n Fundadora estar\u00e1 Francisco Ameliach, Ad\u00e1n Ch\u00e1vez, Blanca Eekhout, Erika Far\u00edas, Lu\u00eds Reyes Reyes y Wilmar Castro Soteldo, en la Coordinaci\u00f3n de Oro, Gabriela Pe\u00f1a, Yurami Quintero, Luis Jos\u00e9&nbsp; Marcano, Jos\u00e9 Alejandro Ter\u00e1n y Nicol\u00e1s Maduro Guerra, en la Coordinaci\u00f3n de la Generaci\u00f3n Joven, Johana Molina, G\u00e9nesis Garvett, Rosin\u00e9s Ch\u00e1ve<em>z,<\/em>&nbsp;Jhoan Contreras y Grecia Colmenares; y la generaci\u00f3n genial se contar\u00e1 con Salvador Ter\u00e1n, Michael Delgado y Sara Tadea.&nbsp;<\/p>\n\n\n\n<p>El congreso tiene como objetivo principal avanzar en las estrategias y pol\u00edticas que guiar\u00e1n al pa\u00eds en las pr\u00f3ximas d\u00e9cadas, para asegurar un desarrollo sostenible y equitativo. Se espera la participaci\u00f3n de diversos sectores de la sociedad, quienes contribuir\u00e1n con sus perspectivas y propuestas para fortalecer el proyecto bolivariano.<\/p>\n\n\n\n<p>El jefe de Estado tambi\u00e9n, llam\u00f3 a \u201caterrizar el Plan de las 7T en la agenda concreta de acci\u00f3n por cada una de las siete transformaciones\u201d, as\u00ed como revisar este proyecto \u201cde manera integral junto al pueblo\u201d, para rehacer todo lo que haga falta.<\/p>\n\n\n\n<p>Finalmente, el presidente subray\u00f3 que este esfuerzo es fundamental para garantizar que la patria pertenezca a las generaciones que est\u00e1n creciendo, y tambi\u00e9n para reafirmar el compromiso del gobierno con la construcci\u00f3n de un futuro pr\u00f3spero y justo para todos los venezolanos.<\/p>\n\n\n\n<p>VTV\/LM\/ MR\/DB\/<\/p>\n\n\n\n<p><a href=\"http:\/\/intranet.bolipuertos.gob.ve\/author\/kysmar12\/\"><\/a><\/p>\n","protected":false},"excerpt":{"rendered":"<p>Prensa VTV.- El&nbsp;presidente de la Rep\u00fablica Bolivariana de Venezuela, Nicol\u00e1s Maduro, anunci\u00f3 durante el encuentro de las Cinco Generaciones que del 4 [&hellip;]<\/p>\n","protected":false},"author":16,"featured_media":28582,"comment_status":"closed","ping_status":"closed","sticky":false,"template":"","format":"standard","meta":[],"categories":[4],"tags":[],"yoast_head":"<!-- This site is optimized with the Yoast SEO plugin v17.6 - https:\/\/yoast.com\/wordpress\/plugins\/seo\/ -->\n<title>Gran Congreso Nacional del Bloque Hist\u00f3rico Bolivariano se realizar\u00e1 en octubre &middot; Bolipuertos S.A.<\/title>\n<meta name=\"description\" content=\"Bolipuertos S.A\" \/>\n<meta name=\"robots\" content=\"index, follow, max-snippet:-1, max-image-preview:large, max-video-preview:-1\" \/>\n<link rel=\"canonical\" href=\"https:\/\/www.bolipuertos.gob.ve\/?p=28580\" \/>\n<meta property=\"og:locale\" content=\"es_ES\" \/>\n<meta property=\"og:type\" content=\"article\" \/>\n<meta property=\"og:title\" content=\"Gran Congreso Nacional del Bloque Hist\u00f3rico Bolivariano se realizar\u00e1 en octubre &middot; Bolipuertos S.A.\" \/>\n<meta property=\"og:description\" content=\"Bolipuertos S.A\" \/>\n<meta property=\"og:url\" content=\"https:\/\/www.bolipuertos.gob.ve\/?p=28580\" \/>\n<meta property=\"og:site_name\" content=\"Bolipuertos S.A.\" \/>\n<meta property=\"article:publisher\" content=\"https:\/\/www.facebook.com\/bolipuertos.puertos\" \/>\n<meta property=\"article:published_time\" content=\"2024-09-03T13:50:00+00:00\" \/>\n<meta property=\"article:modified_time\" content=\"2024-09-04T13:51:19+00:00\" \/>\n<meta property=\"og:image\" content=\"https:\/\/www.bolipuertos.gob.ve\/wp-content\/uploads\/2024\/09\/photo_5093665200141348010_y.jpg\" \/>\n\t<meta property=\"og:image:width\" content=\"800\" \/>\n\t<meta property=\"og:image:height\" content=\"445\" \/>\n<meta name=\"twitter:card\" content=\"summary_large_image\" \/>\n<meta name=\"twitter:label1\" content=\"Escrito por\" \/>\n\t<meta name=\"twitter:data1\" content=\"kysmar padilla\" \/>\n\t<meta name=\"twitter:label2\" content=\"Tiempo de lectura\" \/>\n\t<meta name=\"twitter:data2\" content=\"2 minutos\" \/>\n<script type=\"application\/ld+json\" class=\"yoast-schema-graph\">{\"@context\":\"https:\/\/schema.org\",\"@graph\":[{\"@type\":\"Organization\",\"@id\":\"https:\/\/www.bolipuertos.gob.ve\/#organization\",\"name\":\"bolipuertos\",\"url\":\"https:\/\/www.bolipuertos.gob.ve\/\",\"sameAs\":[\"https:\/\/www.facebook.com\/bolipuertos.puertos\",\"https:\/\/www.instagram.com\/bolipuertosgob\/\",\"https:\/\/www.youtube.com\/channel\/UCSev7gH4fp-5HWWOjZANLoQ\"],\"logo\":{\"@type\":\"ImageObject\",\"@id\":\"https:\/\/www.bolipuertos.gob.ve\/#logo\",\"inLanguage\":\"es\",\"url\":\"https:\/\/www.bolipuertos.gob.ve\/wp-content\/uploads\/2021\/10\/logo_bolipuertos.png\",\"contentUrl\":\"https:\/\/www.bolipuertos.gob.ve\/wp-content\/uploads\/2021\/10\/logo_bolipuertos.png\",\"width\":220,\"height\":150,\"caption\":\"bolipuertos\"},\"image\":{\"@id\":\"https:\/\/www.bolipuertos.gob.ve\/#logo\"}},{\"@type\":\"WebSite\",\"@id\":\"https:\/\/www.bolipuertos.gob.ve\/#website\",\"url\":\"https:\/\/www.bolipuertos.gob.ve\/\",\"name\":\"Bolipuertos S.A.\",\"description\":\"Bolipuertos S.A.\",\"publisher\":{\"@id\":\"https:\/\/www.bolipuertos.gob.ve\/#organization\"},\"potentialAction\":[{\"@type\":\"SearchAction\",\"target\":{\"@type\":\"EntryPoint\",\"urlTemplate\":\"https:\/\/www.bolipuertos.gob.ve\/?s={search_term_string}\"},\"query-input\":\"required name=search_term_string\"}],\"inLanguage\":\"es\"},{\"@type\":\"ImageObject\",\"@id\":\"https:\/\/www.bolipuertos.gob.ve\/?p=28580#primaryimage\",\"inLanguage\":\"es\",\"url\":\"https:\/\/www.bolipuertos.gob.ve\/wp-content\/uploads\/2024\/09\/photo_5093665200141348010_y.jpg\",\"contentUrl\":\"https:\/\/www.bolipuertos.gob.ve\/wp-content\/uploads\/2024\/09\/photo_5093665200141348010_y.jpg\",\"width\":800,\"height\":445},{\"@type\":\"WebPage\",\"@id\":\"https:\/\/www.bolipuertos.gob.ve\/?p=28580#webpage\",\"url\":\"https:\/\/www.bolipuertos.gob.ve\/?p=28580\",\"name\":\"Gran Congreso Nacional del Bloque Hist\\u00f3rico Bolivariano se realizar\\u00e1 en octubre &middot; Bolipuertos S.A.\",\"isPartOf\":{\"@id\":\"https:\/\/www.bolipuertos.gob.ve\/#website\"},\"primaryImageOfPage\":{\"@id\":\"https:\/\/www.bolipuertos.gob.ve\/?p=28580#primaryimage\"},\"datePublished\":\"2024-09-03T13:50:00+00:00\",\"dateModified\":\"2024-09-04T13:51:19+00:00\",\"description\":\"Bolipuertos S.A\",\"breadcrumb\":{\"@id\":\"https:\/\/www.bolipuertos.gob.ve\/?p=28580#breadcrumb\"},\"inLanguage\":\"es\",\"potentialAction\":[{\"@type\":\"ReadAction\",\"target\":[\"https:\/\/www.bolipuertos.gob.ve\/?p=28580\"]}]},{\"@type\":\"BreadcrumbList\",\"@id\":\"https:\/\/www.bolipuertos.gob.ve\/?p=28580#breadcrumb\",\"itemListElement\":[{\"@type\":\"ListItem\",\"position\":1,\"name\":\"Portada\",\"item\":\"https:\/\/www.bolipuertos.gob.ve\/\"},{\"@type\":\"ListItem\",\"position\":2,\"name\":\"Gran Congreso Nacional del Bloque Hist\\u00f3rico Bolivariano se realizar\\u00e1 en octubre\"}]},{\"@type\":\"Article\",\"@id\":\"https:\/\/www.bolipuertos.gob.ve\/?p=28580#article\",\"isPartOf\":{\"@id\":\"https:\/\/www.bolipuertos.gob.ve\/?p=28580#webpage\"},\"author\":{\"@id\":\"https:\/\/www.bolipuertos.gob.ve\/#\/schema\/person\/934f01878a0dcd2c267bc042944a6caf\"},\"headline\":\"Gran Congreso Nacional del Bloque Hist\\u00f3rico Bolivariano se realizar\\u00e1 en octubre\",\"datePublished\":\"2024-09-03T13:50:00+00:00\",\"dateModified\":\"2024-09-04T13:51:19+00:00\",\"mainEntityOfPage\":{\"@id\":\"https:\/\/www.bolipuertos.gob.ve\/?p=28580#webpage\"},\"wordCount\":463,\"publisher\":{\"@id\":\"https:\/\/www.bolipuertos.gob.ve\/#organization\"},\"image\":{\"@id\":\"https:\/\/www.bolipuertos.gob.ve\/?p=28580#primaryimage\"},\"thumbnailUrl\":\"https:\/\/www.bolipuertos.gob.ve\/wp-content\/uploads\/2024\/09\/photo_5093665200141348010_y.jpg\",\"articleSection\":[\"Noticias Gobierno Bolivariano\"],\"inLanguage\":\"es\"},{\"@type\":\"Person\",\"@id\":\"https:\/\/www.bolipuertos.gob.ve\/#\/schema\/person\/934f01878a0dcd2c267bc042944a6caf\",\"name\":\"kysmar padilla\",\"image\":{\"@type\":\"ImageObject\",\"@id\":\"https:\/\/www.bolipuertos.gob.ve\/#personlogo\",\"inLanguage\":\"es\",\"url\":\"https:\/\/secure.gravatar.com\/avatar\/1c64021eee8cbc011df0375b1a261ea1?s=96&d=mm&r=g\",\"contentUrl\":\"https:\/\/secure.gravatar.com\/avatar\/1c64021eee8cbc011df0375b1a261ea1?s=96&d=mm&r=g\",\"caption\":\"kysmar padilla\"},\"url\":\"https:\/\/www.bolipuertos.gob.ve\/?author=16\"}]}<\/script>\n<!-- \/ Yoast SEO plugin. -->","yoast_head_json":{"title":"Gran Congreso Nacional del Bloque Hist\u00f3rico Bolivariano se realizar\u00e1 en octubre &middot; Bolipuertos S.A.","description":"Bolipuertos S.A","robots":{"index":"index","follow":"follow","max-snippet":"max-snippet:-1","max-image-preview":"max-image-preview:large","max-video-preview":"max-video-preview:-1"},"canonical":"https:\/\/www.bolipuertos.gob.ve\/?p=28580","og_locale":"es_ES","og_type":"article","og_title":"Gran Congreso Nacional del Bloque Hist\u00f3rico Bolivariano se realizar\u00e1 en octubre &middot; Bolipuertos S.A.","og_description":"Bolipuertos S.A","og_url":"https:\/\/www.bolipuertos.gob.ve\/?p=28580","og_site_name":"Bolipuertos S.A.","article_publisher":"https:\/\/www.facebook.com\/bolipuertos.puertos","article_published_time":"2024-09-03T13:50:00+00:00","article_modified_time":"2024-09-04T13:51:19+00:00","og_image":[{"width":800,"height":445,"url":"https:\/\/www.bolipuertos.gob.ve\/wp-content\/uploads\/2024\/09\/photo_5093665200141348010_y.jpg","type":"image\/jpeg"}],"twitter_card":"summary_large_image","twitter_misc":{"Escrito por":"kysmar padilla","Tiempo de lectura":"2 minutos"},"schema":{"@context":"https:\/\/schema.org","@graph":[{"@type":"Organization","@id":"https:\/\/www.bolipuertos.gob.ve\/#organization","name":"bolipuertos","url":"https:\/\/www.bolipuertos.gob.ve\/","sameAs":["https:\/\/www.facebook.com\/bolipuertos.puertos","https:\/\/www.instagram.com\/bolipuertosgob\/","https:\/\/www.youtube.com\/channel\/UCSev7gH4fp-5HWWOjZANLoQ"],"logo":{"@type":"ImageObject","@id":"https:\/\/www.bolipuertos.gob.ve\/#logo","inLanguage":"es","url":"https:\/\/www.bolipuertos.gob.ve\/wp-content\/uploads\/2021\/10\/logo_bolipuertos.png","contentUrl":"https:\/\/www.bolipuertos.gob.ve\/wp-content\/uploads\/2021\/10\/logo_bolipuertos.png","width":220,"height":150,"caption":"bolipuertos"},"image":{"@id":"https:\/\/www.bolipuertos.gob.ve\/#logo"}},{"@type":"WebSite","@id":"https:\/\/www.bolipuertos.gob.ve\/#website","url":"https:\/\/www.bolipuertos.gob.ve\/","name":"Bolipuertos S.A.","description":"Bolipuertos S.A.","publisher":{"@id":"https:\/\/www.bolipuertos.gob.ve\/#organization"},"potentialAction":[{"@type":"SearchAction","target":{"@type":"EntryPoint","urlTemplate":"https:\/\/www.bolipuertos.gob.ve\/?s={search_term_string}"},"query-input":"required name=search_term_string"}],"inLanguage":"es"},{"@type":"ImageObject","@id":"https:\/\/www.bolipuertos.gob.ve\/?p=28580#primaryimage","inLanguage":"es","url":"https:\/\/www.bolipuertos.gob.ve\/wp-content\/uploads\/2024\/09\/photo_5093665200141348010_y.jpg","contentUrl":"https:\/\/www.bolipuertos.gob.ve\/wp-content\/uploads\/2024\/09\/photo_5093665200141348010_y.jpg","width":800,"height":445},{"@type":"WebPage","@id":"https:\/\/www.bolipuertos.gob.ve\/?p=28580#webpage","url":"https:\/\/www.bolipuertos.gob.ve\/?p=28580","name":"Gran Congreso Nacional del Bloque Hist\u00f3rico Bolivariano se realizar\u00e1 en octubre &middot; Bolipuertos S.A.","isPartOf":{"@id":"https:\/\/www.bolipuertos.gob.ve\/#website"},"primaryImageOfPage":{"@id":"https:\/\/www.bolipuertos.gob.ve\/?p=28580#primaryimage"},"datePublished":"2024-09-03T13:50:00+00:00","dateModified":"2024-09-04T13:51:19+00:00","description":"Bolipuertos S.A","breadcrumb":{"@id":"https:\/\/www.bolipuertos.gob.ve\/?p=28580#breadcrumb"},"inLanguage":"es","potentialAction":[{"@type":"ReadAction","target":["https:\/\/www.bolipuertos.gob.ve\/?p=28580"]}]},{"@type":"BreadcrumbList","@id":"https:\/\/www.bolipuertos.gob.ve\/?p=28580#breadcrumb","itemListElement":[{"@type":"ListItem","position":1,"name":"Portada","item":"https:\/\/www.bolipuertos.gob.ve\/"},{"@type":"ListItem","position":2,"name":"Gran Congreso Nacional del Bloque Hist\u00f3rico Bolivariano se realizar\u00e1 en octubre"}]},{"@type":"Article","@id":"https:\/\/www.bolipuertos.gob.ve\/?p=28580#article","isPartOf":{"@id":"https:\/\/www.bolipuertos.gob.ve\/?p=28580#webpage"},"author":{"@id":"https:\/\/www.bolipuertos.gob.ve\/#\/schema\/person\/934f01878a0dcd2c267bc042944a6caf"},"headline":"Gran Congreso Nacional del Bloque Hist\u00f3rico Bolivariano se realizar\u00e1 en octubre","datePublished":"2024-09-03T13:50:00+00:00","dateModified":"2024-09-04T13:51:19+00:00","mainEntityOfPage":{"@id":"https:\/\/www.bolipuertos.gob.ve\/?p=28580#webpage"},"wordCount":463,"publisher":{"@id":"https:\/\/www.bolipuertos.gob.ve\/#organization"},"image":{"@id":"https:\/\/www.bolipuertos.gob.ve\/?p=28580#primaryimage"},"thumbnailUrl":"https:\/\/www.bolipuertos.gob.ve\/wp-content\/uploads\/2024\/09\/photo_5093665200141348010_y.jpg","articleSection":["Noticias Gobierno Bolivariano"],"inLanguage":"es"},{"@type":"Person","@id":"https:\/\/www.bolipuertos.gob.ve\/#\/schema\/person\/934f01878a0dcd2c267bc042944a6caf","name":"kysmar padilla","image":{"@type":"ImageObject","@id":"https:\/\/www.bolipuertos.gob.ve\/#personlogo","inLanguage":"es","url":"https:\/\/secure.gravatar.com\/avatar\/1c64021eee8cbc011df0375b1a261ea1?s=96&d=mm&r=g","contentUrl":"https:\/\/secure.gravatar.com\/avatar\/1c64021eee8cbc011df0375b1a261ea1?s=96&d=mm&r=g","caption":"kysmar padilla"},"url":"https:\/\/www.bolipuertos.gob.ve\/?author=16"}]}},"_links":{"self":[{"href":"https:\/\/www.bolipuertos.gob.ve\/index.php?rest_route=\/wp\/v2\/posts\/28580"}],"collection":[{"href":"https:\/\/www.bolipuertos.gob.ve\/index.php?rest_route=\/wp\/v2\/posts"}],"about":[{"href":"https:\/\/www.bolipuertos.gob.ve\/index.php?rest_route=\/wp\/v2\/types\/post"}],"author":[{"embeddable":true,"href":"https:\/\/www.bolipuertos.gob.ve\/index.php?rest_route=\/wp\/v2\/users\/16"}],"replies":[{"embeddable":true,"href":"https:\/\/www.bolipuertos.gob.ve\/index.php?rest_route=%2Fwp%2Fv2%2Fcomments&post=28580"}],"version-history":[{"count":1,"href":"https:\/\/www.bolipuertos.gob.ve\/index.php?rest_route=\/wp\/v2\/posts\/28580\/revisions"}],"predecessor-version":[{"id":28583,"href":"https:\/\/www.bolipuertos.gob.ve\/index.php?rest_route=\/wp\/v2\/posts\/28580\/revisions\/28583"}],"wp:featuredmedia":[{"embeddable":true,"href":"https:\/\/www.bolipuertos.gob.ve\/index.php?rest_route=\/wp\/v2\/media\/28582"}],"wp:attachment":[{"href":"https:\/\/www.bolipuertos.gob.ve\/index.php?rest_route=%2Fwp%2Fv2%2Fmedia&parent=28580"}],"wp:term":[{"taxonomy":"category","embeddable":true,"href":"https:\/\/www.bolipuertos.gob.ve\/index.php?rest_route=%2Fwp%2Fv2%2Fcategories&post=28580"},{"taxonomy":"post_tag","embeddable":true,"href":"https:\/\/www.bolipuertos.gob.ve\/index.php?rest_route=%2Fwp%2Fv2%2Ftags&post=28580"}],"curies":[{"name":"wp","href":"https:\/\/api.w.org\/{rel}","templated":true}]}}