{"id":29538,"date":"2025-02-24T14:18:00","date_gmt":"2025-02-24T18:18:00","guid":{"rendered":"https:\/\/www.bolipuertos.gob.ve\/?p=29538"},"modified":"2025-03-10T14:21:42","modified_gmt":"2025-03-10T18:21:42","slug":"programa-de-formacion-del-inces-llego-al-puerto-internacional-de-la-guaira","status":"publish","type":"post","link":"https:\/\/www.bolipuertos.gob.ve\/?p=29538","title":{"rendered":"Programa de formaci\u00f3n del Inces lleg\u00f3 al Puerto Internacional de La Guaira"},"content":{"rendered":"\n<p>La Guaira, 22 de febrero del 2025 (Prensa Bolipuertos).- Como parte de los planes de formaci\u00f3n y capacitaci\u00f3n que posee Bolivariana de Puertos, dirigido a las mujeres y hombres que forman parte de la gran familia portuaria desde la terminal guaire\u00f1a, se dio inicio a un ciclo de actividades formativas como resultado de un trabajo mancomunado con el Instituto Nacional de Capacitaci\u00f3n y Educaci\u00f3n Socialista (Inces).<\/p>\n\n\n\n<p>En esta ocasi\u00f3n, a trav\u00e9s de la Divisi\u00f3n de Gesti\u00f3n Humana del Puerto Internacional de La Guaira, en conjunto con el equipo perteneciente a la coordinaci\u00f3n de Gesti\u00f3n al Conocimiento y en articulaci\u00f3n prefecta con Inces, se realizaron cursos que benefici\u00f3 a m\u00e1s de 60 trabajadoras y trabajadores, adscritos a diferentes gerencias, divisiones y coordinaciones que integran la empresa.<\/p>\n\n\n\n<p>Como parte del desarrollo acad\u00e9mico, el personal competente de la instituci\u00f3n educativa, impartieron sus conocimientos en los siguientes programas formativos: oratoria, electricidad b\u00e1sica, manipulaci\u00f3n de alimentos y atenci\u00f3n al usuario; donde se generan las herramientas necesarias para ampliar los conocimientos y habilidades de los trabajadores, proporcionando mejoras en las actividades que ejecutan a diario.<\/p>\n\n\n\n<p>Estas acciones que forman parte del enlace interinstitucional de Bolipuertos con el Inces, prev\u00e9 ampliar la oferta formativa, para brindar a todo el personal portuario, ofreciendo m\u00e1s opciones de preparaci\u00f3n educativa pertinentes, que contribuyan al proceso social del trabajo en el \u00e1mbito portuario.<\/p>\n\n\n\n<p>De esta forma, Bolivariana de Puertos contin\u00faa el compromiso bajo el ideario Bolivariano para el fortalecimiento del sector productivo del pa\u00eds, proporcionando herramientas para mantener actualizado los conocimientos y capacidades del personal que labora en esta Instituci\u00f3n y seguir avanzando en pro de la calidad y efectividad en la prestaci\u00f3n del servicio portuario nacional.<\/p>\n\n\n\n<p>Bolipuertos\/Mariela Morillo\/ Yesenia Valdivieso.<\/p>\n","protected":false},"excerpt":{"rendered":"<p>La Guaira, 22 de febrero del 2025 (Prensa Bolipuertos).- Como parte de los planes de formaci\u00f3n y capacitaci\u00f3n que posee Bolivariana de [&hellip;]<\/p>\n","protected":false},"author":16,"featured_media":29539,"comment_status":"closed","ping_status":"closed","sticky":false,"template":"","format":"standard","meta":[],"categories":[5],"tags":[],"yoast_head":"<!-- This site is optimized with the Yoast SEO plugin v17.6 - https:\/\/yoast.com\/wordpress\/plugins\/seo\/ -->\n<title>Programa de formaci\u00f3n del Inces lleg\u00f3 al Puerto Internacional de La Guaira &middot; Bolipuertos S.A.<\/title>\n<meta name=\"description\" content=\"Bolipuertos S.A\" \/>\n<meta name=\"robots\" content=\"index, follow, max-snippet:-1, max-image-preview:large, max-video-preview:-1\" \/>\n<link rel=\"canonical\" href=\"https:\/\/www.bolipuertos.gob.ve\/?p=29538\" \/>\n<meta property=\"og:locale\" content=\"es_ES\" \/>\n<meta property=\"og:type\" content=\"article\" \/>\n<meta property=\"og:title\" content=\"Programa de formaci\u00f3n del Inces lleg\u00f3 al Puerto Internacional de La Guaira &middot; Bolipuertos S.A.\" \/>\n<meta property=\"og:description\" content=\"Bolipuertos S.A\" \/>\n<meta property=\"og:url\" content=\"https:\/\/www.bolipuertos.gob.ve\/?p=29538\" \/>\n<meta property=\"og:site_name\" content=\"Bolipuertos S.A.\" \/>\n<meta property=\"article:publisher\" content=\"https:\/\/www.facebook.com\/bolipuertos.puertos\" \/>\n<meta property=\"article:published_time\" content=\"2025-02-24T18:18:00+00:00\" \/>\n<meta property=\"article:modified_time\" content=\"2025-03-10T18:21:42+00:00\" \/>\n<meta property=\"og:image\" content=\"https:\/\/www.bolipuertos.gob.ve\/wp-content\/uploads\/2025\/03\/WhatsApp-Image-2025-03-10-at-2.20.07-PM.jpeg\" \/>\n\t<meta property=\"og:image:width\" content=\"1600\" \/>\n\t<meta property=\"og:image:height\" content=\"1066\" \/>\n<meta name=\"twitter:card\" content=\"summary_large_image\" \/>\n<meta name=\"twitter:label1\" content=\"Escrito por\" \/>\n\t<meta name=\"twitter:data1\" content=\"kysmar padilla\" \/>\n\t<meta name=\"twitter:label2\" content=\"Tiempo de lectura\" \/>\n\t<meta name=\"twitter:data2\" content=\"2 minutos\" \/>\n<script type=\"application\/ld+json\" class=\"yoast-schema-graph\">{\"@context\":\"https:\/\/schema.org\",\"@graph\":[{\"@type\":\"Organization\",\"@id\":\"https:\/\/www.bolipuertos.gob.ve\/#organization\",\"name\":\"bolipuertos\",\"url\":\"https:\/\/www.bolipuertos.gob.ve\/\",\"sameAs\":[\"https:\/\/www.facebook.com\/bolipuertos.puertos\",\"https:\/\/www.instagram.com\/bolipuertosgob\/\",\"https:\/\/www.youtube.com\/channel\/UCSev7gH4fp-5HWWOjZANLoQ\"],\"logo\":{\"@type\":\"ImageObject\",\"@id\":\"https:\/\/www.bolipuertos.gob.ve\/#logo\",\"inLanguage\":\"es\",\"url\":\"https:\/\/www.bolipuertos.gob.ve\/wp-content\/uploads\/2021\/10\/logo_bolipuertos.png\",\"contentUrl\":\"https:\/\/www.bolipuertos.gob.ve\/wp-content\/uploads\/2021\/10\/logo_bolipuertos.png\",\"width\":220,\"height\":150,\"caption\":\"bolipuertos\"},\"image\":{\"@id\":\"https:\/\/www.bolipuertos.gob.ve\/#logo\"}},{\"@type\":\"WebSite\",\"@id\":\"https:\/\/www.bolipuertos.gob.ve\/#website\",\"url\":\"https:\/\/www.bolipuertos.gob.ve\/\",\"name\":\"Bolipuertos S.A.\",\"description\":\"Bolipuertos S.A.\",\"publisher\":{\"@id\":\"https:\/\/www.bolipuertos.gob.ve\/#organization\"},\"potentialAction\":[{\"@type\":\"SearchAction\",\"target\":{\"@type\":\"EntryPoint\",\"urlTemplate\":\"https:\/\/www.bolipuertos.gob.ve\/?s={search_term_string}\"},\"query-input\":\"required name=search_term_string\"}],\"inLanguage\":\"es\"},{\"@type\":\"ImageObject\",\"@id\":\"https:\/\/www.bolipuertos.gob.ve\/?p=29538#primaryimage\",\"inLanguage\":\"es\",\"url\":\"https:\/\/www.bolipuertos.gob.ve\/wp-content\/uploads\/2025\/03\/WhatsApp-Image-2025-03-10-at-2.20.07-PM.jpeg\",\"contentUrl\":\"https:\/\/www.bolipuertos.gob.ve\/wp-content\/uploads\/2025\/03\/WhatsApp-Image-2025-03-10-at-2.20.07-PM.jpeg\",\"width\":1600,\"height\":1066},{\"@type\":\"WebPage\",\"@id\":\"https:\/\/www.bolipuertos.gob.ve\/?p=29538#webpage\",\"url\":\"https:\/\/www.bolipuertos.gob.ve\/?p=29538\",\"name\":\"Programa de formaci\\u00f3n del Inces lleg\\u00f3 al Puerto Internacional de La Guaira &middot; Bolipuertos S.A.\",\"isPartOf\":{\"@id\":\"https:\/\/www.bolipuertos.gob.ve\/#website\"},\"primaryImageOfPage\":{\"@id\":\"https:\/\/www.bolipuertos.gob.ve\/?p=29538#primaryimage\"},\"datePublished\":\"2025-02-24T18:18:00+00:00\",\"dateModified\":\"2025-03-10T18:21:42+00:00\",\"description\":\"Bolipuertos S.A\",\"breadcrumb\":{\"@id\":\"https:\/\/www.bolipuertos.gob.ve\/?p=29538#breadcrumb\"},\"inLanguage\":\"es\",\"potentialAction\":[{\"@type\":\"ReadAction\",\"target\":[\"https:\/\/www.bolipuertos.gob.ve\/?p=29538\"]}]},{\"@type\":\"BreadcrumbList\",\"@id\":\"https:\/\/www.bolipuertos.gob.ve\/?p=29538#breadcrumb\",\"itemListElement\":[{\"@type\":\"ListItem\",\"position\":1,\"name\":\"Portada\",\"item\":\"https:\/\/www.bolipuertos.gob.ve\/\"},{\"@type\":\"ListItem\",\"position\":2,\"name\":\"Programa de formaci\\u00f3n del Inces lleg\\u00f3 al Puerto Internacional de La Guaira\"}]},{\"@type\":\"Article\",\"@id\":\"https:\/\/www.bolipuertos.gob.ve\/?p=29538#article\",\"isPartOf\":{\"@id\":\"https:\/\/www.bolipuertos.gob.ve\/?p=29538#webpage\"},\"author\":{\"@id\":\"https:\/\/www.bolipuertos.gob.ve\/#\/schema\/person\/934f01878a0dcd2c267bc042944a6caf\"},\"headline\":\"Programa de formaci\\u00f3n del Inces lleg\\u00f3 al Puerto Internacional de La Guaira\",\"datePublished\":\"2025-02-24T18:18:00+00:00\",\"dateModified\":\"2025-03-10T18:21:42+00:00\",\"mainEntityOfPage\":{\"@id\":\"https:\/\/www.bolipuertos.gob.ve\/?p=29538#webpage\"},\"wordCount\":316,\"publisher\":{\"@id\":\"https:\/\/www.bolipuertos.gob.ve\/#organization\"},\"image\":{\"@id\":\"https:\/\/www.bolipuertos.gob.ve\/?p=29538#primaryimage\"},\"thumbnailUrl\":\"https:\/\/www.bolipuertos.gob.ve\/wp-content\/uploads\/2025\/03\/WhatsApp-Image-2025-03-10-at-2.20.07-PM.jpeg\",\"articleSection\":[\"Noticias\"],\"inLanguage\":\"es\"},{\"@type\":\"Person\",\"@id\":\"https:\/\/www.bolipuertos.gob.ve\/#\/schema\/person\/934f01878a0dcd2c267bc042944a6caf\",\"name\":\"kysmar padilla\",\"image\":{\"@type\":\"ImageObject\",\"@id\":\"https:\/\/www.bolipuertos.gob.ve\/#personlogo\",\"inLanguage\":\"es\",\"url\":\"https:\/\/secure.gravatar.com\/avatar\/1c64021eee8cbc011df0375b1a261ea1?s=96&d=mm&r=g\",\"contentUrl\":\"https:\/\/secure.gravatar.com\/avatar\/1c64021eee8cbc011df0375b1a261ea1?s=96&d=mm&r=g\",\"caption\":\"kysmar padilla\"},\"url\":\"https:\/\/www.bolipuertos.gob.ve\/?author=16\"}]}<\/script>\n<!-- \/ Yoast SEO plugin. -->","yoast_head_json":{"title":"Programa de formaci\u00f3n del Inces lleg\u00f3 al Puerto Internacional de La Guaira &middot; Bolipuertos S.A.","description":"Bolipuertos S.A","robots":{"index":"index","follow":"follow","max-snippet":"max-snippet:-1","max-image-preview":"max-image-preview:large","max-video-preview":"max-video-preview:-1"},"canonical":"https:\/\/www.bolipuertos.gob.ve\/?p=29538","og_locale":"es_ES","og_type":"article","og_title":"Programa de formaci\u00f3n del Inces lleg\u00f3 al Puerto Internacional de La Guaira &middot; Bolipuertos S.A.","og_description":"Bolipuertos S.A","og_url":"https:\/\/www.bolipuertos.gob.ve\/?p=29538","og_site_name":"Bolipuertos S.A.","article_publisher":"https:\/\/www.facebook.com\/bolipuertos.puertos","article_published_time":"2025-02-24T18:18:00+00:00","article_modified_time":"2025-03-10T18:21:42+00:00","og_image":[{"width":1600,"height":1066,"url":"https:\/\/www.bolipuertos.gob.ve\/wp-content\/uploads\/2025\/03\/WhatsApp-Image-2025-03-10-at-2.20.07-PM.jpeg","type":"image\/jpeg"}],"twitter_card":"summary_large_image","twitter_misc":{"Escrito por":"kysmar padilla","Tiempo de lectura":"2 minutos"},"schema":{"@context":"https:\/\/schema.org","@graph":[{"@type":"Organization","@id":"https:\/\/www.bolipuertos.gob.ve\/#organization","name":"bolipuertos","url":"https:\/\/www.bolipuertos.gob.ve\/","sameAs":["https:\/\/www.facebook.com\/bolipuertos.puertos","https:\/\/www.instagram.com\/bolipuertosgob\/","https:\/\/www.youtube.com\/channel\/UCSev7gH4fp-5HWWOjZANLoQ"],"logo":{"@type":"ImageObject","@id":"https:\/\/www.bolipuertos.gob.ve\/#logo","inLanguage":"es","url":"https:\/\/www.bolipuertos.gob.ve\/wp-content\/uploads\/2021\/10\/logo_bolipuertos.png","contentUrl":"https:\/\/www.bolipuertos.gob.ve\/wp-content\/uploads\/2021\/10\/logo_bolipuertos.png","width":220,"height":150,"caption":"bolipuertos"},"image":{"@id":"https:\/\/www.bolipuertos.gob.ve\/#logo"}},{"@type":"WebSite","@id":"https:\/\/www.bolipuertos.gob.ve\/#website","url":"https:\/\/www.bolipuertos.gob.ve\/","name":"Bolipuertos S.A.","description":"Bolipuertos S.A.","publisher":{"@id":"https:\/\/www.bolipuertos.gob.ve\/#organization"},"potentialAction":[{"@type":"SearchAction","target":{"@type":"EntryPoint","urlTemplate":"https:\/\/www.bolipuertos.gob.ve\/?s={search_term_string}"},"query-input":"required name=search_term_string"}],"inLanguage":"es"},{"@type":"ImageObject","@id":"https:\/\/www.bolipuertos.gob.ve\/?p=29538#primaryimage","inLanguage":"es","url":"https:\/\/www.bolipuertos.gob.ve\/wp-content\/uploads\/2025\/03\/WhatsApp-Image-2025-03-10-at-2.20.07-PM.jpeg","contentUrl":"https:\/\/www.bolipuertos.gob.ve\/wp-content\/uploads\/2025\/03\/WhatsApp-Image-2025-03-10-at-2.20.07-PM.jpeg","width":1600,"height":1066},{"@type":"WebPage","@id":"https:\/\/www.bolipuertos.gob.ve\/?p=29538#webpage","url":"https:\/\/www.bolipuertos.gob.ve\/?p=29538","name":"Programa de formaci\u00f3n del Inces lleg\u00f3 al Puerto Internacional de La Guaira &middot; Bolipuertos S.A.","isPartOf":{"@id":"https:\/\/www.bolipuertos.gob.ve\/#website"},"primaryImageOfPage":{"@id":"https:\/\/www.bolipuertos.gob.ve\/?p=29538#primaryimage"},"datePublished":"2025-02-24T18:18:00+00:00","dateModified":"2025-03-10T18:21:42+00:00","description":"Bolipuertos S.A","breadcrumb":{"@id":"https:\/\/www.bolipuertos.gob.ve\/?p=29538#breadcrumb"},"inLanguage":"es","potentialAction":[{"@type":"ReadAction","target":["https:\/\/www.bolipuertos.gob.ve\/?p=29538"]}]},{"@type":"BreadcrumbList","@id":"https:\/\/www.bolipuertos.gob.ve\/?p=29538#breadcrumb","itemListElement":[{"@type":"ListItem","position":1,"name":"Portada","item":"https:\/\/www.bolipuertos.gob.ve\/"},{"@type":"ListItem","position":2,"name":"Programa de formaci\u00f3n del Inces lleg\u00f3 al Puerto Internacional de La Guaira"}]},{"@type":"Article","@id":"https:\/\/www.bolipuertos.gob.ve\/?p=29538#article","isPartOf":{"@id":"https:\/\/www.bolipuertos.gob.ve\/?p=29538#webpage"},"author":{"@id":"https:\/\/www.bolipuertos.gob.ve\/#\/schema\/person\/934f01878a0dcd2c267bc042944a6caf"},"headline":"Programa de formaci\u00f3n del Inces lleg\u00f3 al Puerto Internacional de La Guaira","datePublished":"2025-02-24T18:18:00+00:00","dateModified":"2025-03-10T18:21:42+00:00","mainEntityOfPage":{"@id":"https:\/\/www.bolipuertos.gob.ve\/?p=29538#webpage"},"wordCount":316,"publisher":{"@id":"https:\/\/www.bolipuertos.gob.ve\/#organization"},"image":{"@id":"https:\/\/www.bolipuertos.gob.ve\/?p=29538#primaryimage"},"thumbnailUrl":"https:\/\/www.bolipuertos.gob.ve\/wp-content\/uploads\/2025\/03\/WhatsApp-Image-2025-03-10-at-2.20.07-PM.jpeg","articleSection":["Noticias"],"inLanguage":"es"},{"@type":"Person","@id":"https:\/\/www.bolipuertos.gob.ve\/#\/schema\/person\/934f01878a0dcd2c267bc042944a6caf","name":"kysmar padilla","image":{"@type":"ImageObject","@id":"https:\/\/www.bolipuertos.gob.ve\/#personlogo","inLanguage":"es","url":"https:\/\/secure.gravatar.com\/avatar\/1c64021eee8cbc011df0375b1a261ea1?s=96&d=mm&r=g","contentUrl":"https:\/\/secure.gravatar.com\/avatar\/1c64021eee8cbc011df0375b1a261ea1?s=96&d=mm&r=g","caption":"kysmar padilla"},"url":"https:\/\/www.bolipuertos.gob.ve\/?author=16"}]}},"_links":{"self":[{"href":"https:\/\/www.bolipuertos.gob.ve\/index.php?rest_route=\/wp\/v2\/posts\/29538"}],"collection":[{"href":"https:\/\/www.bolipuertos.gob.ve\/index.php?rest_route=\/wp\/v2\/posts"}],"about":[{"href":"https:\/\/www.bolipuertos.gob.ve\/index.php?rest_route=\/wp\/v2\/types\/post"}],"author":[{"embeddable":true,"href":"https:\/\/www.bolipuertos.gob.ve\/index.php?rest_route=\/wp\/v2\/users\/16"}],"replies":[{"embeddable":true,"href":"https:\/\/www.bolipuertos.gob.ve\/index.php?rest_route=%2Fwp%2Fv2%2Fcomments&post=29538"}],"version-history":[{"count":1,"href":"https:\/\/www.bolipuertos.gob.ve\/index.php?rest_route=\/wp\/v2\/posts\/29538\/revisions"}],"predecessor-version":[{"id":29540,"href":"https:\/\/www.bolipuertos.gob.ve\/index.php?rest_route=\/wp\/v2\/posts\/29538\/revisions\/29540"}],"wp:featuredmedia":[{"embeddable":true,"href":"https:\/\/www.bolipuertos.gob.ve\/index.php?rest_route=\/wp\/v2\/media\/29539"}],"wp:attachment":[{"href":"https:\/\/www.bolipuertos.gob.ve\/index.php?rest_route=%2Fwp%2Fv2%2Fmedia&parent=29538"}],"wp:term":[{"taxonomy":"category","embeddable":true,"href":"https:\/\/www.bolipuertos.gob.ve\/index.php?rest_route=%2Fwp%2Fv2%2Fcategories&post=29538"},{"taxonomy":"post_tag","embeddable":true,"href":"https:\/\/www.bolipuertos.gob.ve\/index.php?rest_route=%2Fwp%2Fv2%2Ftags&post=29538"}],"curies":[{"name":"wp","href":"https:\/\/api.w.org\/{rel}","templated":true}]}}