{"id":31184,"date":"2025-10-22T08:48:00","date_gmt":"2025-10-22T12:48:00","guid":{"rendered":"https:\/\/www.bolipuertos.gob.ve\/?p=31184"},"modified":"2025-10-24T09:07:31","modified_gmt":"2025-10-24T13:07:31","slug":"presidente-de-bolipuertos-visito-el-puerto-de-puerto-cabello","status":"publish","type":"post","link":"https:\/\/www.bolipuertos.gob.ve\/?p=31184","title":{"rendered":"Presidente de Bolipuertos visit\u00f3 el puerto de Puerto Cabello"},"content":{"rendered":"\n<p><strong>Puerto Cabello, 22\/10\/2025.-<\/strong>&nbsp;La br\u00fajula de Bolivariana de Puertos (Bolipuertos) apunta a la innovaci\u00f3n, ruta colmada de retos y desarrollo de m\u00faltiples obras que se consolidan progresivamente, en este sentido, el CA Germ\u00e1n G\u00f3mez Larez, Presidente de la instituci\u00f3n, visita las terminales mar\u00edtimas, siendo el puerto de Puerto Cabello sitial establecida en su itinerario, donde hizo acto de presencia y pudo apreciar sus avances.<\/p>\n\n\n\n<p>La autoridad realiz\u00f3 recorrido por las diversas \u00e1reas de la terminal carabobe\u00f1a, evaluando el proceso log\u00edstico, el estatus de las obras, as\u00ed como los nudos cr\u00edticos, adem\u00e1s, durante una reuni\u00f3n con el tren gerencial expuso los factibles proyectos que se tienen previstos para una siguiente fase, destacando que este puerto es el que posee mayor espacio y tiene gran potencial para el desarrollo de las operaciones complejas.<\/p>\n\n\n\n<p>En l\u00edneas generales Larez, plante\u00f3 trabajar con esmero y profesionalismo\u00a0para maximizar la seguridad y resguardo,\u00a0potenciar la infraestructura,\u00a0invertir en maquinarias portuarias y tecnolog\u00eda, recuperar espacios y mejorar los procesos portuarios, como parte de un trabajo integral de alto impacto que redundar\u00e1 en el crecimiento de la empresa y su fuerza laboral.<\/p>\n\n\n\n<figure class=\"wp-block-image size-full\"><img loading=\"lazy\" width=\"1920\" height=\"1080\" src=\"https:\/\/www.bolipuertos.gob.ve\/wp-content\/uploads\/2025\/10\/Visita-del-presidente-de-Bolipuertos-octubre-2025-8.jpg\" alt=\"\" class=\"wp-image-31186\"\/><\/figure>\n\n\n\n<p>La visita fue propicia para una asamblea con los trabajadores, donde el\u00a0Presidente esboz\u00f3 la proyecci\u00f3n de Bolipuertos con miras a la transformaci\u00f3n del esquema log\u00edstico, promoviendo condiciones id\u00f3neas para perfilar al puerto de Puerto Cabello como una interface de vanguardia en la regi\u00f3n.<\/p>\n\n\n\n<p>A su vez inform\u00f3 referente la dotaci\u00f3n de tratamientos cr\u00f3nicos, as\u00ed como la restructuraci\u00f3n del gimnasio y creaci\u00f3n de comedor, esfuerzos que se prev\u00e9n con esmero para el bienestar de la gran familia portuaria.<\/p>\n\n\n\n<p>Siguiendo los lineamientos del presidente de la Rep\u00fablica Bolivariana de Venezuela, Nicol\u00e1s Maduro, y en consonancia a las pol\u00edticas del MG Ram\u00f3n Vel\u00e1squez Araguay\u00e1n, Ministro del Poder Popular para el Transporte desde Bolipuertos se impulsa la Venezuela Potencia, a trav\u00e9s de los puertos estrat\u00e9gicos.<\/p>\n\n\n\n<figure class=\"wp-block-gallery columns-3 is-cropped\"><ul class=\"blocks-gallery-grid\"><li class=\"blocks-gallery-item\"><figure><img loading=\"lazy\" width=\"1280\" height=\"720\" src=\"https:\/\/www.bolipuertos.gob.ve\/wp-content\/uploads\/2025\/10\/5175188781844335457.jpg\" alt=\"\" data-id=\"31188\" data-link=\"https:\/\/www.bolipuertos.gob.ve\/?attachment_id=31188\" class=\"wp-image-31188\"\/><\/figure><\/li><li class=\"blocks-gallery-item\"><figure><img loading=\"lazy\" width=\"1280\" height=\"720\" src=\"https:\/\/www.bolipuertos.gob.ve\/wp-content\/uploads\/2025\/10\/5175188781844335451.jpg\" alt=\"\" data-id=\"31189\" data-link=\"https:\/\/www.bolipuertos.gob.ve\/?attachment_id=31189\" class=\"wp-image-31189\"\/><\/figure><\/li><li class=\"blocks-gallery-item\"><figure><img loading=\"lazy\" width=\"1920\" height=\"1080\" src=\"https:\/\/www.bolipuertos.gob.ve\/wp-content\/uploads\/2025\/10\/Visita-del-presidente-de-Bolipuertos-octubre-2025-1.jpg\" alt=\"\" data-id=\"31192\" data-link=\"https:\/\/www.bolipuertos.gob.ve\/?attachment_id=31192\" class=\"wp-image-31192\"\/><\/figure><\/li><li class=\"blocks-gallery-item\"><figure><img loading=\"lazy\" width=\"1280\" height=\"656\" src=\"https:\/\/www.bolipuertos.gob.ve\/wp-content\/uploads\/2025\/10\/WhatsApp-Image-2025-10-24-at-9.02.33-AM-1.jpeg\" alt=\"\" data-id=\"31194\" data-link=\"https:\/\/www.bolipuertos.gob.ve\/?attachment_id=31194\" class=\"wp-image-31194\"\/><\/figure><\/li><li class=\"blocks-gallery-item\"><figure><img loading=\"lazy\" width=\"1920\" height=\"1080\" src=\"https:\/\/www.bolipuertos.gob.ve\/wp-content\/uploads\/2025\/10\/Visita-del-presidente-de-Bolipuertos-octubre-2025-4-2.jpg\" alt=\"\" data-id=\"31196\" data-link=\"https:\/\/www.bolipuertos.gob.ve\/?attachment_id=31196\" class=\"wp-image-31196\"\/><\/figure><\/li><\/ul><\/figure>\n\n\n\n<p><strong>Prensa Bolipuertos \/ Leydy Ostios<\/strong><\/p>\n\n\n\n<p><strong>Fotograf\u00eda \/ C\u00e9sar L\u00f3pez \/ Jos\u00e9 Curiel<\/strong><\/p>\n\n\n\n<p><\/p>\n","protected":false},"excerpt":{"rendered":"<p>Puerto Cabello, 22\/10\/2025.-&nbsp;La br\u00fajula de Bolivariana de Puertos (Bolipuertos) apunta a la innovaci\u00f3n, ruta colmada de retos y desarrollo de m\u00faltiples obras [&hellip;]<\/p>\n","protected":false},"author":16,"featured_media":31185,"comment_status":"closed","ping_status":"closed","sticky":false,"template":"","format":"standard","meta":[],"categories":[5],"tags":[],"yoast_head":"<!-- This site is optimized with the Yoast SEO plugin v17.6 - https:\/\/yoast.com\/wordpress\/plugins\/seo\/ -->\n<title>Presidente de Bolipuertos visit\u00f3 el puerto de Puerto Cabello &middot; Bolipuertos S.A.<\/title>\n<meta name=\"description\" content=\"Bolipuertos S.A\" \/>\n<meta name=\"robots\" content=\"index, follow, max-snippet:-1, max-image-preview:large, max-video-preview:-1\" \/>\n<link rel=\"canonical\" href=\"https:\/\/www.bolipuertos.gob.ve\/?p=31184\" \/>\n<meta property=\"og:locale\" content=\"es_ES\" \/>\n<meta property=\"og:type\" content=\"article\" \/>\n<meta property=\"og:title\" content=\"Presidente de Bolipuertos visit\u00f3 el puerto de Puerto Cabello &middot; Bolipuertos S.A.\" \/>\n<meta property=\"og:description\" content=\"Bolipuertos S.A\" \/>\n<meta property=\"og:url\" content=\"https:\/\/www.bolipuertos.gob.ve\/?p=31184\" \/>\n<meta property=\"og:site_name\" content=\"Bolipuertos S.A.\" \/>\n<meta property=\"article:publisher\" content=\"https:\/\/www.facebook.com\/bolipuertos.puertos\" \/>\n<meta property=\"article:published_time\" content=\"2025-10-22T12:48:00+00:00\" \/>\n<meta property=\"article:modified_time\" content=\"2025-10-24T13:07:31+00:00\" \/>\n<meta property=\"og:image\" content=\"https:\/\/www.bolipuertos.gob.ve\/wp-content\/uploads\/2025\/10\/Pdte1.jpg\" \/>\n\t<meta property=\"og:image:width\" content=\"1280\" \/>\n\t<meta property=\"og:image:height\" content=\"960\" \/>\n<meta name=\"twitter:card\" content=\"summary_large_image\" \/>\n<meta name=\"twitter:label1\" content=\"Escrito por\" \/>\n\t<meta name=\"twitter:data1\" content=\"kysmar padilla\" \/>\n\t<meta name=\"twitter:label2\" content=\"Tiempo de lectura\" \/>\n\t<meta name=\"twitter:data2\" content=\"3 minutos\" \/>\n<script type=\"application\/ld+json\" class=\"yoast-schema-graph\">{\"@context\":\"https:\/\/schema.org\",\"@graph\":[{\"@type\":\"Organization\",\"@id\":\"https:\/\/www.bolipuertos.gob.ve\/#organization\",\"name\":\"bolipuertos\",\"url\":\"https:\/\/www.bolipuertos.gob.ve\/\",\"sameAs\":[\"https:\/\/www.facebook.com\/bolipuertos.puertos\",\"https:\/\/www.instagram.com\/bolipuertosgob\/\",\"https:\/\/www.youtube.com\/channel\/UCSev7gH4fp-5HWWOjZANLoQ\"],\"logo\":{\"@type\":\"ImageObject\",\"@id\":\"https:\/\/www.bolipuertos.gob.ve\/#logo\",\"inLanguage\":\"es\",\"url\":\"https:\/\/www.bolipuertos.gob.ve\/wp-content\/uploads\/2021\/10\/logo_bolipuertos.png\",\"contentUrl\":\"https:\/\/www.bolipuertos.gob.ve\/wp-content\/uploads\/2021\/10\/logo_bolipuertos.png\",\"width\":220,\"height\":150,\"caption\":\"bolipuertos\"},\"image\":{\"@id\":\"https:\/\/www.bolipuertos.gob.ve\/#logo\"}},{\"@type\":\"WebSite\",\"@id\":\"https:\/\/www.bolipuertos.gob.ve\/#website\",\"url\":\"https:\/\/www.bolipuertos.gob.ve\/\",\"name\":\"Bolipuertos S.A.\",\"description\":\"Bolipuertos S.A.\",\"publisher\":{\"@id\":\"https:\/\/www.bolipuertos.gob.ve\/#organization\"},\"potentialAction\":[{\"@type\":\"SearchAction\",\"target\":{\"@type\":\"EntryPoint\",\"urlTemplate\":\"https:\/\/www.bolipuertos.gob.ve\/?s={search_term_string}\"},\"query-input\":\"required name=search_term_string\"}],\"inLanguage\":\"es\"},{\"@type\":\"ImageObject\",\"@id\":\"https:\/\/www.bolipuertos.gob.ve\/?p=31184#primaryimage\",\"inLanguage\":\"es\",\"url\":\"https:\/\/www.bolipuertos.gob.ve\/wp-content\/uploads\/2025\/10\/Pdte1.jpg\",\"contentUrl\":\"https:\/\/www.bolipuertos.gob.ve\/wp-content\/uploads\/2025\/10\/Pdte1.jpg\",\"width\":1280,\"height\":960},{\"@type\":\"WebPage\",\"@id\":\"https:\/\/www.bolipuertos.gob.ve\/?p=31184#webpage\",\"url\":\"https:\/\/www.bolipuertos.gob.ve\/?p=31184\",\"name\":\"Presidente de Bolipuertos visit\\u00f3 el puerto de Puerto Cabello &middot; Bolipuertos S.A.\",\"isPartOf\":{\"@id\":\"https:\/\/www.bolipuertos.gob.ve\/#website\"},\"primaryImageOfPage\":{\"@id\":\"https:\/\/www.bolipuertos.gob.ve\/?p=31184#primaryimage\"},\"datePublished\":\"2025-10-22T12:48:00+00:00\",\"dateModified\":\"2025-10-24T13:07:31+00:00\",\"description\":\"Bolipuertos S.A\",\"breadcrumb\":{\"@id\":\"https:\/\/www.bolipuertos.gob.ve\/?p=31184#breadcrumb\"},\"inLanguage\":\"es\",\"potentialAction\":[{\"@type\":\"ReadAction\",\"target\":[\"https:\/\/www.bolipuertos.gob.ve\/?p=31184\"]}]},{\"@type\":\"BreadcrumbList\",\"@id\":\"https:\/\/www.bolipuertos.gob.ve\/?p=31184#breadcrumb\",\"itemListElement\":[{\"@type\":\"ListItem\",\"position\":1,\"name\":\"Portada\",\"item\":\"https:\/\/www.bolipuertos.gob.ve\/\"},{\"@type\":\"ListItem\",\"position\":2,\"name\":\"Presidente de Bolipuertos visit\\u00f3 el puerto de Puerto Cabello\"}]},{\"@type\":\"Article\",\"@id\":\"https:\/\/www.bolipuertos.gob.ve\/?p=31184#article\",\"isPartOf\":{\"@id\":\"https:\/\/www.bolipuertos.gob.ve\/?p=31184#webpage\"},\"author\":{\"@id\":\"https:\/\/www.bolipuertos.gob.ve\/#\/schema\/person\/934f01878a0dcd2c267bc042944a6caf\"},\"headline\":\"Presidente de Bolipuertos visit\\u00f3 el puerto de Puerto Cabello\",\"datePublished\":\"2025-10-22T12:48:00+00:00\",\"dateModified\":\"2025-10-24T13:07:31+00:00\",\"mainEntityOfPage\":{\"@id\":\"https:\/\/www.bolipuertos.gob.ve\/?p=31184#webpage\"},\"wordCount\":360,\"publisher\":{\"@id\":\"https:\/\/www.bolipuertos.gob.ve\/#organization\"},\"image\":{\"@id\":\"https:\/\/www.bolipuertos.gob.ve\/?p=31184#primaryimage\"},\"thumbnailUrl\":\"https:\/\/www.bolipuertos.gob.ve\/wp-content\/uploads\/2025\/10\/Pdte1.jpg\",\"articleSection\":[\"Noticias\"],\"inLanguage\":\"es\"},{\"@type\":\"Person\",\"@id\":\"https:\/\/www.bolipuertos.gob.ve\/#\/schema\/person\/934f01878a0dcd2c267bc042944a6caf\",\"name\":\"kysmar padilla\",\"image\":{\"@type\":\"ImageObject\",\"@id\":\"https:\/\/www.bolipuertos.gob.ve\/#personlogo\",\"inLanguage\":\"es\",\"url\":\"https:\/\/secure.gravatar.com\/avatar\/1c64021eee8cbc011df0375b1a261ea1?s=96&d=mm&r=g\",\"contentUrl\":\"https:\/\/secure.gravatar.com\/avatar\/1c64021eee8cbc011df0375b1a261ea1?s=96&d=mm&r=g\",\"caption\":\"kysmar padilla\"},\"url\":\"https:\/\/www.bolipuertos.gob.ve\/?author=16\"}]}<\/script>\n<!-- \/ Yoast SEO plugin. -->","yoast_head_json":{"title":"Presidente de Bolipuertos visit\u00f3 el puerto de Puerto Cabello &middot; Bolipuertos S.A.","description":"Bolipuertos S.A","robots":{"index":"index","follow":"follow","max-snippet":"max-snippet:-1","max-image-preview":"max-image-preview:large","max-video-preview":"max-video-preview:-1"},"canonical":"https:\/\/www.bolipuertos.gob.ve\/?p=31184","og_locale":"es_ES","og_type":"article","og_title":"Presidente de Bolipuertos visit\u00f3 el puerto de Puerto Cabello &middot; Bolipuertos S.A.","og_description":"Bolipuertos S.A","og_url":"https:\/\/www.bolipuertos.gob.ve\/?p=31184","og_site_name":"Bolipuertos S.A.","article_publisher":"https:\/\/www.facebook.com\/bolipuertos.puertos","article_published_time":"2025-10-22T12:48:00+00:00","article_modified_time":"2025-10-24T13:07:31+00:00","og_image":[{"width":1280,"height":960,"url":"https:\/\/www.bolipuertos.gob.ve\/wp-content\/uploads\/2025\/10\/Pdte1.jpg","type":"image\/jpeg"}],"twitter_card":"summary_large_image","twitter_misc":{"Escrito por":"kysmar padilla","Tiempo de lectura":"3 minutos"},"schema":{"@context":"https:\/\/schema.org","@graph":[{"@type":"Organization","@id":"https:\/\/www.bolipuertos.gob.ve\/#organization","name":"bolipuertos","url":"https:\/\/www.bolipuertos.gob.ve\/","sameAs":["https:\/\/www.facebook.com\/bolipuertos.puertos","https:\/\/www.instagram.com\/bolipuertosgob\/","https:\/\/www.youtube.com\/channel\/UCSev7gH4fp-5HWWOjZANLoQ"],"logo":{"@type":"ImageObject","@id":"https:\/\/www.bolipuertos.gob.ve\/#logo","inLanguage":"es","url":"https:\/\/www.bolipuertos.gob.ve\/wp-content\/uploads\/2021\/10\/logo_bolipuertos.png","contentUrl":"https:\/\/www.bolipuertos.gob.ve\/wp-content\/uploads\/2021\/10\/logo_bolipuertos.png","width":220,"height":150,"caption":"bolipuertos"},"image":{"@id":"https:\/\/www.bolipuertos.gob.ve\/#logo"}},{"@type":"WebSite","@id":"https:\/\/www.bolipuertos.gob.ve\/#website","url":"https:\/\/www.bolipuertos.gob.ve\/","name":"Bolipuertos S.A.","description":"Bolipuertos S.A.","publisher":{"@id":"https:\/\/www.bolipuertos.gob.ve\/#organization"},"potentialAction":[{"@type":"SearchAction","target":{"@type":"EntryPoint","urlTemplate":"https:\/\/www.bolipuertos.gob.ve\/?s={search_term_string}"},"query-input":"required name=search_term_string"}],"inLanguage":"es"},{"@type":"ImageObject","@id":"https:\/\/www.bolipuertos.gob.ve\/?p=31184#primaryimage","inLanguage":"es","url":"https:\/\/www.bolipuertos.gob.ve\/wp-content\/uploads\/2025\/10\/Pdte1.jpg","contentUrl":"https:\/\/www.bolipuertos.gob.ve\/wp-content\/uploads\/2025\/10\/Pdte1.jpg","width":1280,"height":960},{"@type":"WebPage","@id":"https:\/\/www.bolipuertos.gob.ve\/?p=31184#webpage","url":"https:\/\/www.bolipuertos.gob.ve\/?p=31184","name":"Presidente de Bolipuertos visit\u00f3 el puerto de Puerto Cabello &middot; Bolipuertos S.A.","isPartOf":{"@id":"https:\/\/www.bolipuertos.gob.ve\/#website"},"primaryImageOfPage":{"@id":"https:\/\/www.bolipuertos.gob.ve\/?p=31184#primaryimage"},"datePublished":"2025-10-22T12:48:00+00:00","dateModified":"2025-10-24T13:07:31+00:00","description":"Bolipuertos S.A","breadcrumb":{"@id":"https:\/\/www.bolipuertos.gob.ve\/?p=31184#breadcrumb"},"inLanguage":"es","potentialAction":[{"@type":"ReadAction","target":["https:\/\/www.bolipuertos.gob.ve\/?p=31184"]}]},{"@type":"BreadcrumbList","@id":"https:\/\/www.bolipuertos.gob.ve\/?p=31184#breadcrumb","itemListElement":[{"@type":"ListItem","position":1,"name":"Portada","item":"https:\/\/www.bolipuertos.gob.ve\/"},{"@type":"ListItem","position":2,"name":"Presidente de Bolipuertos visit\u00f3 el puerto de Puerto Cabello"}]},{"@type":"Article","@id":"https:\/\/www.bolipuertos.gob.ve\/?p=31184#article","isPartOf":{"@id":"https:\/\/www.bolipuertos.gob.ve\/?p=31184#webpage"},"author":{"@id":"https:\/\/www.bolipuertos.gob.ve\/#\/schema\/person\/934f01878a0dcd2c267bc042944a6caf"},"headline":"Presidente de Bolipuertos visit\u00f3 el puerto de Puerto Cabello","datePublished":"2025-10-22T12:48:00+00:00","dateModified":"2025-10-24T13:07:31+00:00","mainEntityOfPage":{"@id":"https:\/\/www.bolipuertos.gob.ve\/?p=31184#webpage"},"wordCount":360,"publisher":{"@id":"https:\/\/www.bolipuertos.gob.ve\/#organization"},"image":{"@id":"https:\/\/www.bolipuertos.gob.ve\/?p=31184#primaryimage"},"thumbnailUrl":"https:\/\/www.bolipuertos.gob.ve\/wp-content\/uploads\/2025\/10\/Pdte1.jpg","articleSection":["Noticias"],"inLanguage":"es"},{"@type":"Person","@id":"https:\/\/www.bolipuertos.gob.ve\/#\/schema\/person\/934f01878a0dcd2c267bc042944a6caf","name":"kysmar padilla","image":{"@type":"ImageObject","@id":"https:\/\/www.bolipuertos.gob.ve\/#personlogo","inLanguage":"es","url":"https:\/\/secure.gravatar.com\/avatar\/1c64021eee8cbc011df0375b1a261ea1?s=96&d=mm&r=g","contentUrl":"https:\/\/secure.gravatar.com\/avatar\/1c64021eee8cbc011df0375b1a261ea1?s=96&d=mm&r=g","caption":"kysmar padilla"},"url":"https:\/\/www.bolipuertos.gob.ve\/?author=16"}]}},"_links":{"self":[{"href":"https:\/\/www.bolipuertos.gob.ve\/index.php?rest_route=\/wp\/v2\/posts\/31184"}],"collection":[{"href":"https:\/\/www.bolipuertos.gob.ve\/index.php?rest_route=\/wp\/v2\/posts"}],"about":[{"href":"https:\/\/www.bolipuertos.gob.ve\/index.php?rest_route=\/wp\/v2\/types\/post"}],"author":[{"embeddable":true,"href":"https:\/\/www.bolipuertos.gob.ve\/index.php?rest_route=\/wp\/v2\/users\/16"}],"replies":[{"embeddable":true,"href":"https:\/\/www.bolipuertos.gob.ve\/index.php?rest_route=%2Fwp%2Fv2%2Fcomments&post=31184"}],"version-history":[{"count":2,"href":"https:\/\/www.bolipuertos.gob.ve\/index.php?rest_route=\/wp\/v2\/posts\/31184\/revisions"}],"predecessor-version":[{"id":31198,"href":"https:\/\/www.bolipuertos.gob.ve\/index.php?rest_route=\/wp\/v2\/posts\/31184\/revisions\/31198"}],"wp:featuredmedia":[{"embeddable":true,"href":"https:\/\/www.bolipuertos.gob.ve\/index.php?rest_route=\/wp\/v2\/media\/31185"}],"wp:attachment":[{"href":"https:\/\/www.bolipuertos.gob.ve\/index.php?rest_route=%2Fwp%2Fv2%2Fmedia&parent=31184"}],"wp:term":[{"taxonomy":"category","embeddable":true,"href":"https:\/\/www.bolipuertos.gob.ve\/index.php?rest_route=%2Fwp%2Fv2%2Fcategories&post=31184"},{"taxonomy":"post_tag","embeddable":true,"href":"https:\/\/www.bolipuertos.gob.ve\/index.php?rest_route=%2Fwp%2Fv2%2Ftags&post=31184"}],"curies":[{"name":"wp","href":"https:\/\/api.w.org\/{rel}","templated":true}]}}