{"id":31751,"date":"2025-11-20T15:07:00","date_gmt":"2025-11-20T19:07:00","guid":{"rendered":"https:\/\/www.bolipuertos.gob.ve\/?p=31751"},"modified":"2025-12-04T15:09:45","modified_gmt":"2025-12-04T19:09:45","slug":"expo-transporte-2025-tendra-opciones-para-todo-el-publico-venezolano","status":"publish","type":"post","link":"https:\/\/www.bolipuertos.gob.ve\/?p=31751","title":{"rendered":"Expo Transporte 2025 tendr\u00e1 opciones para todo el p\u00fablico venezolano"},"content":{"rendered":"\t\t<div data-elementor-type=\"wp-post\" data-elementor-id=\"31751\" class=\"elementor elementor-31751\">\n\t\t\t\t\t\t\t\t\t<section class=\"elementor-section elementor-top-section elementor-element elementor-element-37c35d2 elementor-section-boxed elementor-section-height-default elementor-section-height-default\" data-id=\"37c35d2\" data-element_type=\"section\">\n\t\t\t\t\t\t<div class=\"elementor-container elementor-column-gap-default\">\n\t\t\t\t\t<div class=\"elementor-column elementor-col-100 elementor-top-column elementor-element elementor-element-ce97ef9\" data-id=\"ce97ef9\" data-element_type=\"column\">\n\t\t\t<div class=\"elementor-widget-wrap elementor-element-populated\">\n\t\t\t\t\t\t\t\t<div class=\"elementor-element elementor-element-8e14010 elementor-widget elementor-widget-text-editor\" data-id=\"8e14010\" data-element_type=\"widget\" data-widget_type=\"text-editor.default\">\n\t\t\t\t<div class=\"elementor-widget-container\">\n\t\t\t\t\t\t\t<p>Este jueves, los viceministros de Transporte Terrestre y A\u00e9reo, H\u00e9ctor Rojas y Freddy Borges, revelaron detalles sobre la pr\u00f3xima edici\u00f3n de la Expo Transporte 2025 que se realizar\u00e1 en la Base A\u00e9rea General\u00edsimo Francisco de Miranda, La Carlota, Caracas, la cual promete ser el evento m\u00e1s grande e ic\u00f3nico del pa\u00eds, al combinar las innovaciones en el sector con un espacio de esparcimiento para el p\u00fablico en general.<\/p><p>En ese sentido, durante su entrevista en Venezuela News Radio, el Viceministro Borges destac\u00f3 que la Expo Transporte es un punto de encuentro que conecta a instituciones, empresas, emprendedores e inversionistas de diversos \u00e1mbitos, permitiendo la exhibici\u00f3n de nuevas ideas, desarrollos y tecnolog\u00eda inventiva 100% venezolana en los sectores a\u00e9reo, mar\u00edtimo y terrestre, durante los d\u00edas 4, 5, 6 y 7 de diciembre. Adem\u00e1s, recalc\u00f3 que durante el evento se llevar\u00e1n a cabo congresos, simposios, foros y operativos de certificaci\u00f3n para profesionales del sector.<\/p><p>Por otro lado, Rojas, explic\u00f3 a VTV Radio, que uno de los ejes centrales del evento ser\u00e1 el Primer Congreso Vial de Venezuela 2025, un espacio que busca presentar soluciones innovadoras en infraestructura vial con \u00e9nfasis en sostenibilidad, tecnolog\u00eda y desarrollo territorial, contando con la inscripci\u00f3n de m\u00e1s de 200 empresas, quienes abordar\u00e1n temas claves como el reciclaje de materiales, nuevos modelos de asfaltado, y las estructuras modernas en t\u00faneles, puentes, sistemas inteligentes y geolocalizaci\u00f3n.<\/p><p>Asimismo, hizo \u00e9nfasis tambi\u00e9n en la quinta reuni\u00f3n del Consejo de los Espacios Acu\u00e1ticos, el m\u00e1ximo \u00f3rgano asesor en recursos mar\u00edtimos, donde m\u00e1s all\u00e1 de lo profesional, \u00abla actividad ser\u00e1 una demostraci\u00f3n de que Venezuela est\u00e1 en paz y apostando al desarrollo sostenible\u00bb, finaliz\u00f3 Rojas, indicando que la entrada es totalmente gratuita.<\/p><p><strong>Prensa MPPT<\/strong><\/p>\t\t\t\t\t\t<\/div>\n\t\t\t\t<\/div>\n\t\t\t\t\t<\/div>\n\t\t<\/div>\n\t\t\t\t\t\t\t<\/div>\n\t\t<\/section>\n\t\t\t\t\t\t\t<\/div>\n\t\t","protected":false},"excerpt":{"rendered":"<p>Este jueves, los viceministros de Transporte Terrestre y A\u00e9reo, H\u00e9ctor Rojas y Freddy Borges, revelaron detalles sobre la pr\u00f3xima edici\u00f3n de la Expo Transporte 2025 que se realizar\u00e1 en la Base A\u00e9rea General\u00edsimo Francisco de Miranda, La Carlota, Caracas, la cual promete ser el evento m\u00e1s grande e ic\u00f3nico del pa\u00eds, al combinar las innovaciones en el sector con un espacio de esparcimiento para el p\u00fablico en general.<\/p>\n","protected":false},"author":24,"featured_media":31752,"comment_status":"closed","ping_status":"closed","sticky":false,"template":"","format":"standard","meta":[],"categories":[4],"tags":[],"yoast_head":"<!-- This site is optimized with the Yoast SEO plugin v17.6 - https:\/\/yoast.com\/wordpress\/plugins\/seo\/ -->\n<title>Expo Transporte 2025 tendr\u00e1 opciones para todo el p\u00fablico venezolano &middot; Bolipuertos S.A.<\/title>\n<meta name=\"description\" content=\"Bolipuertos S.A\" \/>\n<meta name=\"robots\" content=\"index, follow, max-snippet:-1, max-image-preview:large, max-video-preview:-1\" \/>\n<link rel=\"canonical\" href=\"https:\/\/www.bolipuertos.gob.ve\/?p=31751\" \/>\n<meta property=\"og:locale\" content=\"es_ES\" \/>\n<meta property=\"og:type\" content=\"article\" \/>\n<meta property=\"og:title\" content=\"Expo Transporte 2025 tendr\u00e1 opciones para todo el p\u00fablico venezolano &middot; Bolipuertos S.A.\" \/>\n<meta property=\"og:description\" content=\"Bolipuertos S.A\" \/>\n<meta property=\"og:url\" content=\"https:\/\/www.bolipuertos.gob.ve\/?p=31751\" \/>\n<meta property=\"og:site_name\" content=\"Bolipuertos S.A.\" \/>\n<meta property=\"article:publisher\" content=\"https:\/\/www.facebook.com\/bolipuertos.puertos\" \/>\n<meta property=\"article:published_time\" content=\"2025-11-20T19:07:00+00:00\" \/>\n<meta property=\"article:modified_time\" content=\"2025-12-04T19:09:45+00:00\" \/>\n<meta property=\"og:image\" content=\"https:\/\/www.bolipuertos.gob.ve\/wp-content\/uploads\/2025\/12\/WhatsApp-Image-2023-12-09-at-4.04.02-PM1-1024x768-1.jpeg\" \/>\n\t<meta property=\"og:image:width\" content=\"1024\" \/>\n\t<meta property=\"og:image:height\" content=\"768\" \/>\n<meta name=\"twitter:card\" content=\"summary_large_image\" \/>\n<meta name=\"twitter:label1\" content=\"Escrito por\" \/>\n\t<meta name=\"twitter:data1\" content=\"Patricia Abreu\" \/>\n\t<meta name=\"twitter:label2\" content=\"Tiempo de lectura\" \/>\n\t<meta name=\"twitter:data2\" content=\"2 minutos\" \/>\n<script type=\"application\/ld+json\" class=\"yoast-schema-graph\">{\"@context\":\"https:\/\/schema.org\",\"@graph\":[{\"@type\":\"Organization\",\"@id\":\"https:\/\/www.bolipuertos.gob.ve\/#organization\",\"name\":\"bolipuertos\",\"url\":\"https:\/\/www.bolipuertos.gob.ve\/\",\"sameAs\":[\"https:\/\/www.facebook.com\/bolipuertos.puertos\",\"https:\/\/www.instagram.com\/bolipuertosgob\/\",\"https:\/\/www.youtube.com\/channel\/UCSev7gH4fp-5HWWOjZANLoQ\"],\"logo\":{\"@type\":\"ImageObject\",\"@id\":\"https:\/\/www.bolipuertos.gob.ve\/#logo\",\"inLanguage\":\"es\",\"url\":\"https:\/\/www.bolipuertos.gob.ve\/wp-content\/uploads\/2021\/10\/logo_bolipuertos.png\",\"contentUrl\":\"https:\/\/www.bolipuertos.gob.ve\/wp-content\/uploads\/2021\/10\/logo_bolipuertos.png\",\"width\":220,\"height\":150,\"caption\":\"bolipuertos\"},\"image\":{\"@id\":\"https:\/\/www.bolipuertos.gob.ve\/#logo\"}},{\"@type\":\"WebSite\",\"@id\":\"https:\/\/www.bolipuertos.gob.ve\/#website\",\"url\":\"https:\/\/www.bolipuertos.gob.ve\/\",\"name\":\"Bolipuertos S.A.\",\"description\":\"Bolipuertos S.A.\",\"publisher\":{\"@id\":\"https:\/\/www.bolipuertos.gob.ve\/#organization\"},\"potentialAction\":[{\"@type\":\"SearchAction\",\"target\":{\"@type\":\"EntryPoint\",\"urlTemplate\":\"https:\/\/www.bolipuertos.gob.ve\/?s={search_term_string}\"},\"query-input\":\"required name=search_term_string\"}],\"inLanguage\":\"es\"},{\"@type\":\"ImageObject\",\"@id\":\"https:\/\/www.bolipuertos.gob.ve\/?p=31751#primaryimage\",\"inLanguage\":\"es\",\"url\":\"https:\/\/www.bolipuertos.gob.ve\/wp-content\/uploads\/2025\/12\/WhatsApp-Image-2023-12-09-at-4.04.02-PM1-1024x768-1.jpeg\",\"contentUrl\":\"https:\/\/www.bolipuertos.gob.ve\/wp-content\/uploads\/2025\/12\/WhatsApp-Image-2023-12-09-at-4.04.02-PM1-1024x768-1.jpeg\",\"width\":1024,\"height\":768},{\"@type\":\"WebPage\",\"@id\":\"https:\/\/www.bolipuertos.gob.ve\/?p=31751#webpage\",\"url\":\"https:\/\/www.bolipuertos.gob.ve\/?p=31751\",\"name\":\"Expo Transporte 2025 tendr\\u00e1 opciones para todo el p\\u00fablico venezolano &middot; Bolipuertos S.A.\",\"isPartOf\":{\"@id\":\"https:\/\/www.bolipuertos.gob.ve\/#website\"},\"primaryImageOfPage\":{\"@id\":\"https:\/\/www.bolipuertos.gob.ve\/?p=31751#primaryimage\"},\"datePublished\":\"2025-11-20T19:07:00+00:00\",\"dateModified\":\"2025-12-04T19:09:45+00:00\",\"description\":\"Bolipuertos S.A\",\"breadcrumb\":{\"@id\":\"https:\/\/www.bolipuertos.gob.ve\/?p=31751#breadcrumb\"},\"inLanguage\":\"es\",\"potentialAction\":[{\"@type\":\"ReadAction\",\"target\":[\"https:\/\/www.bolipuertos.gob.ve\/?p=31751\"]}]},{\"@type\":\"BreadcrumbList\",\"@id\":\"https:\/\/www.bolipuertos.gob.ve\/?p=31751#breadcrumb\",\"itemListElement\":[{\"@type\":\"ListItem\",\"position\":1,\"name\":\"Portada\",\"item\":\"https:\/\/www.bolipuertos.gob.ve\/\"},{\"@type\":\"ListItem\",\"position\":2,\"name\":\"Expo Transporte 2025 tendr\\u00e1 opciones para todo el p\\u00fablico venezolano\"}]},{\"@type\":\"Article\",\"@id\":\"https:\/\/www.bolipuertos.gob.ve\/?p=31751#article\",\"isPartOf\":{\"@id\":\"https:\/\/www.bolipuertos.gob.ve\/?p=31751#webpage\"},\"author\":{\"@id\":\"https:\/\/www.bolipuertos.gob.ve\/#\/schema\/person\/ec6319629893bbb33973dae4c9ad6dba\"},\"headline\":\"Expo Transporte 2025 tendr\\u00e1 opciones para todo el p\\u00fablico venezolano\",\"datePublished\":\"2025-11-20T19:07:00+00:00\",\"dateModified\":\"2025-12-04T19:09:45+00:00\",\"mainEntityOfPage\":{\"@id\":\"https:\/\/www.bolipuertos.gob.ve\/?p=31751#webpage\"},\"wordCount\":314,\"publisher\":{\"@id\":\"https:\/\/www.bolipuertos.gob.ve\/#organization\"},\"image\":{\"@id\":\"https:\/\/www.bolipuertos.gob.ve\/?p=31751#primaryimage\"},\"thumbnailUrl\":\"https:\/\/www.bolipuertos.gob.ve\/wp-content\/uploads\/2025\/12\/WhatsApp-Image-2023-12-09-at-4.04.02-PM1-1024x768-1.jpeg\",\"articleSection\":[\"Noticias Gobierno Bolivariano\"],\"inLanguage\":\"es\"},{\"@type\":\"Person\",\"@id\":\"https:\/\/www.bolipuertos.gob.ve\/#\/schema\/person\/ec6319629893bbb33973dae4c9ad6dba\",\"name\":\"Patricia Abreu\",\"image\":{\"@type\":\"ImageObject\",\"@id\":\"https:\/\/www.bolipuertos.gob.ve\/#personlogo\",\"inLanguage\":\"es\",\"url\":\"https:\/\/secure.gravatar.com\/avatar\/72b9fbf8eb83b9b4ccc906a386bce3de?s=96&d=mm&r=g\",\"contentUrl\":\"https:\/\/secure.gravatar.com\/avatar\/72b9fbf8eb83b9b4ccc906a386bce3de?s=96&d=mm&r=g\",\"caption\":\"Patricia Abreu\"},\"url\":\"https:\/\/www.bolipuertos.gob.ve\/?author=24\"}]}<\/script>\n<!-- \/ Yoast SEO plugin. -->","yoast_head_json":{"title":"Expo Transporte 2025 tendr\u00e1 opciones para todo el p\u00fablico venezolano &middot; Bolipuertos S.A.","description":"Bolipuertos S.A","robots":{"index":"index","follow":"follow","max-snippet":"max-snippet:-1","max-image-preview":"max-image-preview:large","max-video-preview":"max-video-preview:-1"},"canonical":"https:\/\/www.bolipuertos.gob.ve\/?p=31751","og_locale":"es_ES","og_type":"article","og_title":"Expo Transporte 2025 tendr\u00e1 opciones para todo el p\u00fablico venezolano &middot; Bolipuertos S.A.","og_description":"Bolipuertos S.A","og_url":"https:\/\/www.bolipuertos.gob.ve\/?p=31751","og_site_name":"Bolipuertos S.A.","article_publisher":"https:\/\/www.facebook.com\/bolipuertos.puertos","article_published_time":"2025-11-20T19:07:00+00:00","article_modified_time":"2025-12-04T19:09:45+00:00","og_image":[{"width":1024,"height":768,"url":"https:\/\/www.bolipuertos.gob.ve\/wp-content\/uploads\/2025\/12\/WhatsApp-Image-2023-12-09-at-4.04.02-PM1-1024x768-1.jpeg","type":"image\/jpeg"}],"twitter_card":"summary_large_image","twitter_misc":{"Escrito por":"Patricia Abreu","Tiempo de lectura":"2 minutos"},"schema":{"@context":"https:\/\/schema.org","@graph":[{"@type":"Organization","@id":"https:\/\/www.bolipuertos.gob.ve\/#organization","name":"bolipuertos","url":"https:\/\/www.bolipuertos.gob.ve\/","sameAs":["https:\/\/www.facebook.com\/bolipuertos.puertos","https:\/\/www.instagram.com\/bolipuertosgob\/","https:\/\/www.youtube.com\/channel\/UCSev7gH4fp-5HWWOjZANLoQ"],"logo":{"@type":"ImageObject","@id":"https:\/\/www.bolipuertos.gob.ve\/#logo","inLanguage":"es","url":"https:\/\/www.bolipuertos.gob.ve\/wp-content\/uploads\/2021\/10\/logo_bolipuertos.png","contentUrl":"https:\/\/www.bolipuertos.gob.ve\/wp-content\/uploads\/2021\/10\/logo_bolipuertos.png","width":220,"height":150,"caption":"bolipuertos"},"image":{"@id":"https:\/\/www.bolipuertos.gob.ve\/#logo"}},{"@type":"WebSite","@id":"https:\/\/www.bolipuertos.gob.ve\/#website","url":"https:\/\/www.bolipuertos.gob.ve\/","name":"Bolipuertos S.A.","description":"Bolipuertos S.A.","publisher":{"@id":"https:\/\/www.bolipuertos.gob.ve\/#organization"},"potentialAction":[{"@type":"SearchAction","target":{"@type":"EntryPoint","urlTemplate":"https:\/\/www.bolipuertos.gob.ve\/?s={search_term_string}"},"query-input":"required name=search_term_string"}],"inLanguage":"es"},{"@type":"ImageObject","@id":"https:\/\/www.bolipuertos.gob.ve\/?p=31751#primaryimage","inLanguage":"es","url":"https:\/\/www.bolipuertos.gob.ve\/wp-content\/uploads\/2025\/12\/WhatsApp-Image-2023-12-09-at-4.04.02-PM1-1024x768-1.jpeg","contentUrl":"https:\/\/www.bolipuertos.gob.ve\/wp-content\/uploads\/2025\/12\/WhatsApp-Image-2023-12-09-at-4.04.02-PM1-1024x768-1.jpeg","width":1024,"height":768},{"@type":"WebPage","@id":"https:\/\/www.bolipuertos.gob.ve\/?p=31751#webpage","url":"https:\/\/www.bolipuertos.gob.ve\/?p=31751","name":"Expo Transporte 2025 tendr\u00e1 opciones para todo el p\u00fablico venezolano &middot; Bolipuertos S.A.","isPartOf":{"@id":"https:\/\/www.bolipuertos.gob.ve\/#website"},"primaryImageOfPage":{"@id":"https:\/\/www.bolipuertos.gob.ve\/?p=31751#primaryimage"},"datePublished":"2025-11-20T19:07:00+00:00","dateModified":"2025-12-04T19:09:45+00:00","description":"Bolipuertos S.A","breadcrumb":{"@id":"https:\/\/www.bolipuertos.gob.ve\/?p=31751#breadcrumb"},"inLanguage":"es","potentialAction":[{"@type":"ReadAction","target":["https:\/\/www.bolipuertos.gob.ve\/?p=31751"]}]},{"@type":"BreadcrumbList","@id":"https:\/\/www.bolipuertos.gob.ve\/?p=31751#breadcrumb","itemListElement":[{"@type":"ListItem","position":1,"name":"Portada","item":"https:\/\/www.bolipuertos.gob.ve\/"},{"@type":"ListItem","position":2,"name":"Expo Transporte 2025 tendr\u00e1 opciones para todo el p\u00fablico venezolano"}]},{"@type":"Article","@id":"https:\/\/www.bolipuertos.gob.ve\/?p=31751#article","isPartOf":{"@id":"https:\/\/www.bolipuertos.gob.ve\/?p=31751#webpage"},"author":{"@id":"https:\/\/www.bolipuertos.gob.ve\/#\/schema\/person\/ec6319629893bbb33973dae4c9ad6dba"},"headline":"Expo Transporte 2025 tendr\u00e1 opciones para todo el p\u00fablico venezolano","datePublished":"2025-11-20T19:07:00+00:00","dateModified":"2025-12-04T19:09:45+00:00","mainEntityOfPage":{"@id":"https:\/\/www.bolipuertos.gob.ve\/?p=31751#webpage"},"wordCount":314,"publisher":{"@id":"https:\/\/www.bolipuertos.gob.ve\/#organization"},"image":{"@id":"https:\/\/www.bolipuertos.gob.ve\/?p=31751#primaryimage"},"thumbnailUrl":"https:\/\/www.bolipuertos.gob.ve\/wp-content\/uploads\/2025\/12\/WhatsApp-Image-2023-12-09-at-4.04.02-PM1-1024x768-1.jpeg","articleSection":["Noticias Gobierno Bolivariano"],"inLanguage":"es"},{"@type":"Person","@id":"https:\/\/www.bolipuertos.gob.ve\/#\/schema\/person\/ec6319629893bbb33973dae4c9ad6dba","name":"Patricia Abreu","image":{"@type":"ImageObject","@id":"https:\/\/www.bolipuertos.gob.ve\/#personlogo","inLanguage":"es","url":"https:\/\/secure.gravatar.com\/avatar\/72b9fbf8eb83b9b4ccc906a386bce3de?s=96&d=mm&r=g","contentUrl":"https:\/\/secure.gravatar.com\/avatar\/72b9fbf8eb83b9b4ccc906a386bce3de?s=96&d=mm&r=g","caption":"Patricia Abreu"},"url":"https:\/\/www.bolipuertos.gob.ve\/?author=24"}]}},"_links":{"self":[{"href":"https:\/\/www.bolipuertos.gob.ve\/index.php?rest_route=\/wp\/v2\/posts\/31751"}],"collection":[{"href":"https:\/\/www.bolipuertos.gob.ve\/index.php?rest_route=\/wp\/v2\/posts"}],"about":[{"href":"https:\/\/www.bolipuertos.gob.ve\/index.php?rest_route=\/wp\/v2\/types\/post"}],"author":[{"embeddable":true,"href":"https:\/\/www.bolipuertos.gob.ve\/index.php?rest_route=\/wp\/v2\/users\/24"}],"replies":[{"embeddable":true,"href":"https:\/\/www.bolipuertos.gob.ve\/index.php?rest_route=%2Fwp%2Fv2%2Fcomments&post=31751"}],"version-history":[{"count":4,"href":"https:\/\/www.bolipuertos.gob.ve\/index.php?rest_route=\/wp\/v2\/posts\/31751\/revisions"}],"predecessor-version":[{"id":31756,"href":"https:\/\/www.bolipuertos.gob.ve\/index.php?rest_route=\/wp\/v2\/posts\/31751\/revisions\/31756"}],"wp:featuredmedia":[{"embeddable":true,"href":"https:\/\/www.bolipuertos.gob.ve\/index.php?rest_route=\/wp\/v2\/media\/31752"}],"wp:attachment":[{"href":"https:\/\/www.bolipuertos.gob.ve\/index.php?rest_route=%2Fwp%2Fv2%2Fmedia&parent=31751"}],"wp:term":[{"taxonomy":"category","embeddable":true,"href":"https:\/\/www.bolipuertos.gob.ve\/index.php?rest_route=%2Fwp%2Fv2%2Fcategories&post=31751"},{"taxonomy":"post_tag","embeddable":true,"href":"https:\/\/www.bolipuertos.gob.ve\/index.php?rest_route=%2Fwp%2Fv2%2Ftags&post=31751"}],"curies":[{"name":"wp","href":"https:\/\/api.w.org\/{rel}","templated":true}]}}