{"id":32082,"date":"2026-01-14T15:06:00","date_gmt":"2026-01-14T19:06:00","guid":{"rendered":"https:\/\/www.bolipuertos.gob.ve\/?p=32082"},"modified":"2026-01-15T15:13:56","modified_gmt":"2026-01-15T19:13:56","slug":"inac-desmiente-reactivacion-de-vuelos-caracas-madrid","status":"publish","type":"post","link":"https:\/\/www.bolipuertos.gob.ve\/?p=32082","title":{"rendered":"Inac desmiente reactivaci\u00f3n de vuelos Caracas\u2013Madrid"},"content":{"rendered":"\t\t<div data-elementor-type=\"wp-post\" data-elementor-id=\"32082\" class=\"elementor elementor-32082\">\n\t\t\t\t\t\t\t\t\t<section class=\"elementor-section elementor-top-section elementor-element elementor-element-37165ae elementor-section-boxed elementor-section-height-default elementor-section-height-default\" data-id=\"37165ae\" data-element_type=\"section\">\n\t\t\t\t\t\t<div class=\"elementor-container elementor-column-gap-default\">\n\t\t\t\t\t<div class=\"elementor-column elementor-col-100 elementor-top-column elementor-element elementor-element-c4264e6\" data-id=\"c4264e6\" data-element_type=\"column\">\n\t\t\t<div class=\"elementor-widget-wrap elementor-element-populated\">\n\t\t\t\t\t\t\t\t<div class=\"elementor-element elementor-element-810583c elementor-widget elementor-widget-text-editor\" data-id=\"810583c\" data-element_type=\"widget\" data-widget_type=\"text-editor.default\">\n\t\t\t\t<div class=\"elementor-widget-container\">\n\t\t\t\t\t\t\t<p>El Instituto Nacional de Aeron\u00e1utica Civil (Inac) inform\u00f3 que es falsa la noticia sobre la supuesta reactivaci\u00f3n de los vuelos de la ruta Caracas\u2013Madrid por parte de las aerol\u00edneas Iberia, Air Europa y Plus Ultra. La aclaratoria surge luego de que agencias de viaje y medios digitales difundieran que estas compa\u00f1\u00edas retomar\u00edan operaciones a partir del 1 de febrero.<\/p><p>\u201cAnte la informaci\u00f3n que circula sobre una supuesta reactivaci\u00f3n de los vuelos de la ruta Caracas\u2013Madrid, notificamos que dicha noticia es falsa\u201d, se\u00f1al\u00f3 el organismo en su cuenta de Instagram.<\/p><p>El ente regulador reiter\u00f3 que su gesti\u00f3n se mantiene enfocada en el cumplimiento de las normativas internacionales y en la supervisi\u00f3n de las operaciones a\u00e9reas, con el objetivo de garantizar la seguridad y la normalidad en el sector.<\/p><p id=\"contexto-de-la-suspensi-oacute-n-de-vuelos\" class=\"wp-block-heading\"><strong>Contexto de la suspensi\u00f3n de vuelos<\/strong><\/p><p>Las aerol\u00edneas espa\u00f1olas suspendieron sus operaciones hacia Venezuela a principios de diciembre de 2025, tras alertas de seguridad emitidas por Estados Unidos\u00a0y organismos europeos sobre el aumento de la actividad militar en el espacio a\u00e9reo venezolano.<\/p><p>En ese contexto, el Inac revoc\u00f3 temporalmente las licencias de vuelo de varias compa\u00f1\u00edas internacionales, incluyendo Iberia, Air Europa y Plus Ultra, mientras que otras aerol\u00edneas locales como Conviasa, Rutaca y Venezolana de Aviaci\u00f3n mantuvieron rutas activas o reanudaron operaciones en enero.<\/p><p id=\"reactivaciones-parciales-en-el-sector-a-eacute-reo\" class=\"wp-block-heading\"><strong>Reactivaciones parciales en el sector a\u00e9reo<\/strong><\/p><p>Aunque la ruta Caracas\u2013Madrid sigue suspendida oficialmente, otras aerol\u00edneas han retomado operaciones internacionales de manera gradual:\u00a0Copa Airlines reanud\u00f3 vuelos desde Ciudad de Panam\u00e1 hacia Caracas el 13 de enero.<\/p><p><strong>Fuente: INAC<\/strong><\/p>\t\t\t\t\t\t<\/div>\n\t\t\t\t<\/div>\n\t\t\t\t\t<\/div>\n\t\t<\/div>\n\t\t\t\t\t\t\t<\/div>\n\t\t<\/section>\n\t\t\t\t\t\t\t<\/div>\n\t\t","protected":false},"excerpt":{"rendered":"<p>El Instituto Nacional de Aeron\u00e1utica Civil (Inac) inform\u00f3 que es falsa la noticia sobre la supuesta reactivaci\u00f3n de los vuelos de la ruta Caracas\u2013Madrid por parte de las aerol\u00edneas Iberia, Air Europa y Plus Ultra. La aclaratoria surge luego de que agencias de viaje y medios digitales difundieran que estas compa\u00f1\u00edas retomar\u00edan operaciones a partir del 1 de febrero.<\/p>\n","protected":false},"author":24,"featured_media":32083,"comment_status":"closed","ping_status":"closed","sticky":false,"template":"","format":"standard","meta":[],"categories":[4],"tags":[],"yoast_head":"<!-- This site is optimized with the Yoast SEO plugin v17.6 - https:\/\/yoast.com\/wordpress\/plugins\/seo\/ -->\n<title>Inac desmiente reactivaci\u00f3n de vuelos Caracas\u2013Madrid &middot; Bolipuertos S.A.<\/title>\n<meta name=\"description\" content=\"Bolipuertos S.A\" \/>\n<meta name=\"robots\" content=\"index, follow, max-snippet:-1, max-image-preview:large, max-video-preview:-1\" \/>\n<link rel=\"canonical\" href=\"https:\/\/www.bolipuertos.gob.ve\/?p=32082\" \/>\n<meta property=\"og:locale\" content=\"es_ES\" \/>\n<meta property=\"og:type\" content=\"article\" \/>\n<meta property=\"og:title\" content=\"Inac desmiente reactivaci\u00f3n de vuelos Caracas\u2013Madrid &middot; Bolipuertos S.A.\" \/>\n<meta property=\"og:description\" content=\"Bolipuertos S.A\" \/>\n<meta property=\"og:url\" content=\"https:\/\/www.bolipuertos.gob.ve\/?p=32082\" \/>\n<meta property=\"og:site_name\" content=\"Bolipuertos S.A.\" \/>\n<meta property=\"article:publisher\" content=\"https:\/\/www.facebook.com\/bolipuertos.puertos\" \/>\n<meta property=\"article:published_time\" content=\"2026-01-14T19:06:00+00:00\" \/>\n<meta property=\"article:modified_time\" content=\"2026-01-15T19:13:56+00:00\" \/>\n<meta property=\"og:image\" content=\"https:\/\/www.bolipuertos.gob.ve\/wp-content\/uploads\/2026\/01\/iberia-primervuelo-696x444-1.jpg\" \/>\n\t<meta property=\"og:image:width\" content=\"696\" \/>\n\t<meta property=\"og:image:height\" content=\"444\" \/>\n<meta name=\"twitter:card\" content=\"summary_large_image\" \/>\n<meta name=\"twitter:label1\" content=\"Escrito por\" \/>\n\t<meta name=\"twitter:data1\" content=\"Patricia Abreu\" \/>\n\t<meta name=\"twitter:label2\" content=\"Tiempo de lectura\" \/>\n\t<meta name=\"twitter:data2\" content=\"2 minutos\" \/>\n<script type=\"application\/ld+json\" class=\"yoast-schema-graph\">{\"@context\":\"https:\/\/schema.org\",\"@graph\":[{\"@type\":\"Organization\",\"@id\":\"https:\/\/www.bolipuertos.gob.ve\/#organization\",\"name\":\"bolipuertos\",\"url\":\"https:\/\/www.bolipuertos.gob.ve\/\",\"sameAs\":[\"https:\/\/www.facebook.com\/bolipuertos.puertos\",\"https:\/\/www.instagram.com\/bolipuertosgob\/\",\"https:\/\/www.youtube.com\/channel\/UCSev7gH4fp-5HWWOjZANLoQ\"],\"logo\":{\"@type\":\"ImageObject\",\"@id\":\"https:\/\/www.bolipuertos.gob.ve\/#logo\",\"inLanguage\":\"es\",\"url\":\"https:\/\/www.bolipuertos.gob.ve\/wp-content\/uploads\/2021\/10\/logo_bolipuertos.png\",\"contentUrl\":\"https:\/\/www.bolipuertos.gob.ve\/wp-content\/uploads\/2021\/10\/logo_bolipuertos.png\",\"width\":220,\"height\":150,\"caption\":\"bolipuertos\"},\"image\":{\"@id\":\"https:\/\/www.bolipuertos.gob.ve\/#logo\"}},{\"@type\":\"WebSite\",\"@id\":\"https:\/\/www.bolipuertos.gob.ve\/#website\",\"url\":\"https:\/\/www.bolipuertos.gob.ve\/\",\"name\":\"Bolipuertos S.A.\",\"description\":\"Bolipuertos S.A.\",\"publisher\":{\"@id\":\"https:\/\/www.bolipuertos.gob.ve\/#organization\"},\"potentialAction\":[{\"@type\":\"SearchAction\",\"target\":{\"@type\":\"EntryPoint\",\"urlTemplate\":\"https:\/\/www.bolipuertos.gob.ve\/?s={search_term_string}\"},\"query-input\":\"required name=search_term_string\"}],\"inLanguage\":\"es\"},{\"@type\":\"ImageObject\",\"@id\":\"https:\/\/www.bolipuertos.gob.ve\/?p=32082#primaryimage\",\"inLanguage\":\"es\",\"url\":\"https:\/\/www.bolipuertos.gob.ve\/wp-content\/uploads\/2026\/01\/iberia-primervuelo-696x444-1.jpg\",\"contentUrl\":\"https:\/\/www.bolipuertos.gob.ve\/wp-content\/uploads\/2026\/01\/iberia-primervuelo-696x444-1.jpg\",\"width\":696,\"height\":444},{\"@type\":\"WebPage\",\"@id\":\"https:\/\/www.bolipuertos.gob.ve\/?p=32082#webpage\",\"url\":\"https:\/\/www.bolipuertos.gob.ve\/?p=32082\",\"name\":\"Inac desmiente reactivaci\\u00f3n de vuelos Caracas\\u2013Madrid &middot; Bolipuertos S.A.\",\"isPartOf\":{\"@id\":\"https:\/\/www.bolipuertos.gob.ve\/#website\"},\"primaryImageOfPage\":{\"@id\":\"https:\/\/www.bolipuertos.gob.ve\/?p=32082#primaryimage\"},\"datePublished\":\"2026-01-14T19:06:00+00:00\",\"dateModified\":\"2026-01-15T19:13:56+00:00\",\"description\":\"Bolipuertos S.A\",\"breadcrumb\":{\"@id\":\"https:\/\/www.bolipuertos.gob.ve\/?p=32082#breadcrumb\"},\"inLanguage\":\"es\",\"potentialAction\":[{\"@type\":\"ReadAction\",\"target\":[\"https:\/\/www.bolipuertos.gob.ve\/?p=32082\"]}]},{\"@type\":\"BreadcrumbList\",\"@id\":\"https:\/\/www.bolipuertos.gob.ve\/?p=32082#breadcrumb\",\"itemListElement\":[{\"@type\":\"ListItem\",\"position\":1,\"name\":\"Portada\",\"item\":\"https:\/\/www.bolipuertos.gob.ve\/\"},{\"@type\":\"ListItem\",\"position\":2,\"name\":\"Inac desmiente reactivaci\\u00f3n de vuelos Caracas\\u2013Madrid\"}]},{\"@type\":\"Article\",\"@id\":\"https:\/\/www.bolipuertos.gob.ve\/?p=32082#article\",\"isPartOf\":{\"@id\":\"https:\/\/www.bolipuertos.gob.ve\/?p=32082#webpage\"},\"author\":{\"@id\":\"https:\/\/www.bolipuertos.gob.ve\/#\/schema\/person\/ec6319629893bbb33973dae4c9ad6dba\"},\"headline\":\"Inac desmiente reactivaci\\u00f3n de vuelos Caracas\\u2013Madrid\",\"datePublished\":\"2026-01-14T19:06:00+00:00\",\"dateModified\":\"2026-01-15T19:13:56+00:00\",\"mainEntityOfPage\":{\"@id\":\"https:\/\/www.bolipuertos.gob.ve\/?p=32082#webpage\"},\"wordCount\":276,\"publisher\":{\"@id\":\"https:\/\/www.bolipuertos.gob.ve\/#organization\"},\"image\":{\"@id\":\"https:\/\/www.bolipuertos.gob.ve\/?p=32082#primaryimage\"},\"thumbnailUrl\":\"https:\/\/www.bolipuertos.gob.ve\/wp-content\/uploads\/2026\/01\/iberia-primervuelo-696x444-1.jpg\",\"articleSection\":[\"Noticias Gobierno Bolivariano\"],\"inLanguage\":\"es\"},{\"@type\":\"Person\",\"@id\":\"https:\/\/www.bolipuertos.gob.ve\/#\/schema\/person\/ec6319629893bbb33973dae4c9ad6dba\",\"name\":\"Patricia Abreu\",\"image\":{\"@type\":\"ImageObject\",\"@id\":\"https:\/\/www.bolipuertos.gob.ve\/#personlogo\",\"inLanguage\":\"es\",\"url\":\"https:\/\/secure.gravatar.com\/avatar\/72b9fbf8eb83b9b4ccc906a386bce3de?s=96&d=mm&r=g\",\"contentUrl\":\"https:\/\/secure.gravatar.com\/avatar\/72b9fbf8eb83b9b4ccc906a386bce3de?s=96&d=mm&r=g\",\"caption\":\"Patricia Abreu\"},\"url\":\"https:\/\/www.bolipuertos.gob.ve\/?author=24\"}]}<\/script>\n<!-- \/ Yoast SEO plugin. -->","yoast_head_json":{"title":"Inac desmiente reactivaci\u00f3n de vuelos Caracas\u2013Madrid &middot; Bolipuertos S.A.","description":"Bolipuertos S.A","robots":{"index":"index","follow":"follow","max-snippet":"max-snippet:-1","max-image-preview":"max-image-preview:large","max-video-preview":"max-video-preview:-1"},"canonical":"https:\/\/www.bolipuertos.gob.ve\/?p=32082","og_locale":"es_ES","og_type":"article","og_title":"Inac desmiente reactivaci\u00f3n de vuelos Caracas\u2013Madrid &middot; Bolipuertos S.A.","og_description":"Bolipuertos S.A","og_url":"https:\/\/www.bolipuertos.gob.ve\/?p=32082","og_site_name":"Bolipuertos S.A.","article_publisher":"https:\/\/www.facebook.com\/bolipuertos.puertos","article_published_time":"2026-01-14T19:06:00+00:00","article_modified_time":"2026-01-15T19:13:56+00:00","og_image":[{"width":696,"height":444,"url":"https:\/\/www.bolipuertos.gob.ve\/wp-content\/uploads\/2026\/01\/iberia-primervuelo-696x444-1.jpg","type":"image\/jpeg"}],"twitter_card":"summary_large_image","twitter_misc":{"Escrito por":"Patricia Abreu","Tiempo de lectura":"2 minutos"},"schema":{"@context":"https:\/\/schema.org","@graph":[{"@type":"Organization","@id":"https:\/\/www.bolipuertos.gob.ve\/#organization","name":"bolipuertos","url":"https:\/\/www.bolipuertos.gob.ve\/","sameAs":["https:\/\/www.facebook.com\/bolipuertos.puertos","https:\/\/www.instagram.com\/bolipuertosgob\/","https:\/\/www.youtube.com\/channel\/UCSev7gH4fp-5HWWOjZANLoQ"],"logo":{"@type":"ImageObject","@id":"https:\/\/www.bolipuertos.gob.ve\/#logo","inLanguage":"es","url":"https:\/\/www.bolipuertos.gob.ve\/wp-content\/uploads\/2021\/10\/logo_bolipuertos.png","contentUrl":"https:\/\/www.bolipuertos.gob.ve\/wp-content\/uploads\/2021\/10\/logo_bolipuertos.png","width":220,"height":150,"caption":"bolipuertos"},"image":{"@id":"https:\/\/www.bolipuertos.gob.ve\/#logo"}},{"@type":"WebSite","@id":"https:\/\/www.bolipuertos.gob.ve\/#website","url":"https:\/\/www.bolipuertos.gob.ve\/","name":"Bolipuertos S.A.","description":"Bolipuertos S.A.","publisher":{"@id":"https:\/\/www.bolipuertos.gob.ve\/#organization"},"potentialAction":[{"@type":"SearchAction","target":{"@type":"EntryPoint","urlTemplate":"https:\/\/www.bolipuertos.gob.ve\/?s={search_term_string}"},"query-input":"required name=search_term_string"}],"inLanguage":"es"},{"@type":"ImageObject","@id":"https:\/\/www.bolipuertos.gob.ve\/?p=32082#primaryimage","inLanguage":"es","url":"https:\/\/www.bolipuertos.gob.ve\/wp-content\/uploads\/2026\/01\/iberia-primervuelo-696x444-1.jpg","contentUrl":"https:\/\/www.bolipuertos.gob.ve\/wp-content\/uploads\/2026\/01\/iberia-primervuelo-696x444-1.jpg","width":696,"height":444},{"@type":"WebPage","@id":"https:\/\/www.bolipuertos.gob.ve\/?p=32082#webpage","url":"https:\/\/www.bolipuertos.gob.ve\/?p=32082","name":"Inac desmiente reactivaci\u00f3n de vuelos Caracas\u2013Madrid &middot; Bolipuertos S.A.","isPartOf":{"@id":"https:\/\/www.bolipuertos.gob.ve\/#website"},"primaryImageOfPage":{"@id":"https:\/\/www.bolipuertos.gob.ve\/?p=32082#primaryimage"},"datePublished":"2026-01-14T19:06:00+00:00","dateModified":"2026-01-15T19:13:56+00:00","description":"Bolipuertos S.A","breadcrumb":{"@id":"https:\/\/www.bolipuertos.gob.ve\/?p=32082#breadcrumb"},"inLanguage":"es","potentialAction":[{"@type":"ReadAction","target":["https:\/\/www.bolipuertos.gob.ve\/?p=32082"]}]},{"@type":"BreadcrumbList","@id":"https:\/\/www.bolipuertos.gob.ve\/?p=32082#breadcrumb","itemListElement":[{"@type":"ListItem","position":1,"name":"Portada","item":"https:\/\/www.bolipuertos.gob.ve\/"},{"@type":"ListItem","position":2,"name":"Inac desmiente reactivaci\u00f3n de vuelos Caracas\u2013Madrid"}]},{"@type":"Article","@id":"https:\/\/www.bolipuertos.gob.ve\/?p=32082#article","isPartOf":{"@id":"https:\/\/www.bolipuertos.gob.ve\/?p=32082#webpage"},"author":{"@id":"https:\/\/www.bolipuertos.gob.ve\/#\/schema\/person\/ec6319629893bbb33973dae4c9ad6dba"},"headline":"Inac desmiente reactivaci\u00f3n de vuelos Caracas\u2013Madrid","datePublished":"2026-01-14T19:06:00+00:00","dateModified":"2026-01-15T19:13:56+00:00","mainEntityOfPage":{"@id":"https:\/\/www.bolipuertos.gob.ve\/?p=32082#webpage"},"wordCount":276,"publisher":{"@id":"https:\/\/www.bolipuertos.gob.ve\/#organization"},"image":{"@id":"https:\/\/www.bolipuertos.gob.ve\/?p=32082#primaryimage"},"thumbnailUrl":"https:\/\/www.bolipuertos.gob.ve\/wp-content\/uploads\/2026\/01\/iberia-primervuelo-696x444-1.jpg","articleSection":["Noticias Gobierno Bolivariano"],"inLanguage":"es"},{"@type":"Person","@id":"https:\/\/www.bolipuertos.gob.ve\/#\/schema\/person\/ec6319629893bbb33973dae4c9ad6dba","name":"Patricia Abreu","image":{"@type":"ImageObject","@id":"https:\/\/www.bolipuertos.gob.ve\/#personlogo","inLanguage":"es","url":"https:\/\/secure.gravatar.com\/avatar\/72b9fbf8eb83b9b4ccc906a386bce3de?s=96&d=mm&r=g","contentUrl":"https:\/\/secure.gravatar.com\/avatar\/72b9fbf8eb83b9b4ccc906a386bce3de?s=96&d=mm&r=g","caption":"Patricia Abreu"},"url":"https:\/\/www.bolipuertos.gob.ve\/?author=24"}]}},"_links":{"self":[{"href":"https:\/\/www.bolipuertos.gob.ve\/index.php?rest_route=\/wp\/v2\/posts\/32082"}],"collection":[{"href":"https:\/\/www.bolipuertos.gob.ve\/index.php?rest_route=\/wp\/v2\/posts"}],"about":[{"href":"https:\/\/www.bolipuertos.gob.ve\/index.php?rest_route=\/wp\/v2\/types\/post"}],"author":[{"embeddable":true,"href":"https:\/\/www.bolipuertos.gob.ve\/index.php?rest_route=\/wp\/v2\/users\/24"}],"replies":[{"embeddable":true,"href":"https:\/\/www.bolipuertos.gob.ve\/index.php?rest_route=%2Fwp%2Fv2%2Fcomments&post=32082"}],"version-history":[{"count":4,"href":"https:\/\/www.bolipuertos.gob.ve\/index.php?rest_route=\/wp\/v2\/posts\/32082\/revisions"}],"predecessor-version":[{"id":32087,"href":"https:\/\/www.bolipuertos.gob.ve\/index.php?rest_route=\/wp\/v2\/posts\/32082\/revisions\/32087"}],"wp:featuredmedia":[{"embeddable":true,"href":"https:\/\/www.bolipuertos.gob.ve\/index.php?rest_route=\/wp\/v2\/media\/32083"}],"wp:attachment":[{"href":"https:\/\/www.bolipuertos.gob.ve\/index.php?rest_route=%2Fwp%2Fv2%2Fmedia&parent=32082"}],"wp:term":[{"taxonomy":"category","embeddable":true,"href":"https:\/\/www.bolipuertos.gob.ve\/index.php?rest_route=%2Fwp%2Fv2%2Fcategories&post=32082"},{"taxonomy":"post_tag","embeddable":true,"href":"https:\/\/www.bolipuertos.gob.ve\/index.php?rest_route=%2Fwp%2Fv2%2Ftags&post=32082"}],"curies":[{"name":"wp","href":"https:\/\/api.w.org\/{rel}","templated":true}]}}