{"id":32104,"date":"2026-01-16T09:57:00","date_gmt":"2026-01-16T13:57:00","guid":{"rendered":"https:\/\/www.bolipuertos.gob.ve\/?p=32104"},"modified":"2026-01-28T15:06:55","modified_gmt":"2026-01-28T19:06:55","slug":"puerto-seco-de-barquisimeto-moviliza-416-toneladas-de-cafe-en-lo-que-va-de-enero","status":"publish","type":"post","link":"https:\/\/www.bolipuertos.gob.ve\/?p=32104","title":{"rendered":"Puerto Seco de Barquisimeto moviliza 416 toneladas de caf\u00e9 en lo que va de enero"},"content":{"rendered":"\t\t<div data-elementor-type=\"wp-post\" data-elementor-id=\"32104\" class=\"elementor elementor-32104\">\n\t\t\t\t\t\t\t\t\t<section class=\"elementor-section elementor-top-section elementor-element elementor-element-4e40d1da elementor-section-boxed elementor-section-height-default elementor-section-height-default\" data-id=\"4e40d1da\" data-element_type=\"section\">\n\t\t\t\t\t\t<div class=\"elementor-container elementor-column-gap-default\">\n\t\t\t\t\t<div class=\"elementor-column elementor-col-100 elementor-top-column elementor-element elementor-element-75eabdec\" data-id=\"75eabdec\" data-element_type=\"column\">\n\t\t\t<div class=\"elementor-widget-wrap elementor-element-populated\">\n\t\t\t\t\t\t\t\t<div class=\"elementor-element elementor-element-6000d7c elementor-widget elementor-widget-text-editor\" data-id=\"6000d7c\" data-element_type=\"widget\" data-widget_type=\"text-editor.default\">\n\t\t\t\t<div class=\"elementor-widget-container\">\n\t\t\t\t\t\t\t<!-- wp:paragraph -->\n<p>Desde las instalaciones del Puerto Seco, en el estado Lara, se llev\u00f3 a cabo el llenado simult\u00e1neo de siete contenedores de caf\u00e9 verde, que marca un hito en la operatividad log\u00edstica de la regi\u00f3n durante el primer mes del a\u00f1o.<\/p>\n<!-- \/wp:paragraph --><!-- wp:paragraph -->\n<p>En lo que va de enero, la entidad ha logrado exportar un total de 416 toneladas de caf\u00e9 verde, distribuidas en 17 contenedores. Esta cifra representa un crecimiento significativo para el sector productivo local.<\/p>\n<!-- \/wp:paragraph --><!-- wp:paragraph -->\n<p>Un aspecto destacado de esta jornada fue la incorporaci\u00f3n de la empresa R\u00edo Claro a la cadena de exportaci\u00f3n, sum\u00e1ndose como un nuevo actor que apuesta por colocar la calidad del grano larense en los mercados internacionales.<\/p>\n<!-- \/wp:paragraph --><!-- wp:paragraph -->\n<p>La actividad cont\u00f3 con la presencia del C\/A Juan Carlos Romero, presidente de la Empresa de Comercio Exterior del estado Lara (EMCOEX), junto a representantes de la \u201cHerradura de Exportaci\u00f3n\u201d. Durante el proceso de llenado y reconocimiento, Romero resalt\u00f3 la eficiencia de los procesos aduaneros y log\u00edsticos en la entidad.<\/p>\n<!-- \/wp:paragraph --><!-- wp:paragraph -->\n<p>\u201cHemos logrado un incremento del 64 % en el n\u00famero de contenedores exportados en comparaci\u00f3n con enero del a\u00f1o pasado. Esto demuestra la confianza del sector privado y la solidez de nuestras plataformas de comercio\u201d, afirm\u00f3 el contraalmirante.<\/p>\n<!-- \/wp:paragraph --><!-- wp:paragraph -->\n<p>De manera paralela a la actividad cafetalera, se inform\u00f3 sobre una importante operaci\u00f3n portuaria realizada en la Zona Industrial II de Barquisimeto. En esta ocasi\u00f3n, la empresa Nestl\u00e9 moviliz\u00f3 un total de 7.6 toneladas de productos, lo que permite diversificar los rubros que salen desde la capital larense hacia el exterior.<\/p>\n<!-- \/wp:paragraph --><!-- wp:paragraph -->\n<p>Con estas acciones, el estado Lara reafirma su posici\u00f3n estrat\u00e9gica en la econom\u00eda nacional, impulsa la producci\u00f3n\u00a0\u2018Hecho en Venezuela\u2019 y fortalece el ingreso de divisas mediante la exportaci\u00f3n de productos con altos est\u00e1ndares de calidad.\u00a0<\/p>\n<!-- \/wp:paragraph --><!-- wp:paragraph -->\n<p><strong>Fuente: Gob. Lara<\/strong><\/p>\n<p><strong><!-- \/wp:paragraph --><!-- wp:paragraph --><\/strong><\/p>\n<p><strong>VTV\/DR\/EB<\/strong><\/p>\n<!-- \/wp:paragraph -->\t\t\t\t\t\t<\/div>\n\t\t\t\t<\/div>\n\t\t\t\t\t<\/div>\n\t\t<\/div>\n\t\t\t\t\t\t\t<\/div>\n\t\t<\/section>\n\t\t\t\t\t\t\t<\/div>\n\t\t","protected":false},"excerpt":{"rendered":"<p>Desde las instalaciones del Puerto Seco, en el estado Lara, se llev\u00f3 a cabo el llenado simult\u00e1neo de siete contenedores de caf\u00e9 [&hellip;]<\/p>\n","protected":false},"author":16,"featured_media":32105,"comment_status":"closed","ping_status":"closed","sticky":false,"template":"","format":"standard","meta":[],"categories":[4],"tags":[],"yoast_head":"<!-- This site is optimized with the Yoast SEO plugin v17.6 - https:\/\/yoast.com\/wordpress\/plugins\/seo\/ -->\n<title>Puerto Seco de Barquisimeto moviliza 416 toneladas de caf\u00e9 en lo que va de enero &middot; Bolipuertos S.A.<\/title>\n<meta name=\"description\" content=\"Bolipuertos S.A\" \/>\n<meta name=\"robots\" content=\"index, follow, max-snippet:-1, max-image-preview:large, max-video-preview:-1\" \/>\n<link rel=\"canonical\" href=\"https:\/\/www.bolipuertos.gob.ve\/?p=32104\" \/>\n<meta property=\"og:locale\" content=\"es_ES\" \/>\n<meta property=\"og:type\" content=\"article\" \/>\n<meta property=\"og:title\" content=\"Puerto Seco de Barquisimeto moviliza 416 toneladas de caf\u00e9 en lo que va de enero &middot; Bolipuertos S.A.\" \/>\n<meta property=\"og:description\" content=\"Bolipuertos S.A\" \/>\n<meta property=\"og:url\" content=\"https:\/\/www.bolipuertos.gob.ve\/?p=32104\" \/>\n<meta property=\"og:site_name\" content=\"Bolipuertos S.A.\" \/>\n<meta property=\"article:publisher\" content=\"https:\/\/www.facebook.com\/bolipuertos.puertos\" \/>\n<meta property=\"article:published_time\" content=\"2026-01-16T13:57:00+00:00\" \/>\n<meta property=\"article:modified_time\" content=\"2026-01-28T19:06:55+00:00\" \/>\n<meta property=\"og:image\" content=\"https:\/\/www.bolipuertos.gob.ve\/wp-content\/uploads\/2026\/01\/Puerto-Seco-de-Barquisimeto-moviliza-416-toneladas-de-cafe-en-lo-que-va-de-enero.jpeg\" \/>\n\t<meta property=\"og:image:width\" content=\"1200\" \/>\n\t<meta property=\"og:image:height\" content=\"720\" \/>\n<meta name=\"twitter:card\" content=\"summary_large_image\" \/>\n<meta name=\"twitter:label1\" content=\"Escrito por\" \/>\n\t<meta name=\"twitter:data1\" content=\"kysmar padilla\" \/>\n\t<meta name=\"twitter:label2\" content=\"Tiempo de lectura\" \/>\n\t<meta name=\"twitter:data2\" content=\"2 minutos\" \/>\n<script type=\"application\/ld+json\" class=\"yoast-schema-graph\">{\"@context\":\"https:\/\/schema.org\",\"@graph\":[{\"@type\":\"Organization\",\"@id\":\"https:\/\/www.bolipuertos.gob.ve\/#organization\",\"name\":\"bolipuertos\",\"url\":\"https:\/\/www.bolipuertos.gob.ve\/\",\"sameAs\":[\"https:\/\/www.facebook.com\/bolipuertos.puertos\",\"https:\/\/www.instagram.com\/bolipuertosgob\/\",\"https:\/\/www.youtube.com\/channel\/UCSev7gH4fp-5HWWOjZANLoQ\"],\"logo\":{\"@type\":\"ImageObject\",\"@id\":\"https:\/\/www.bolipuertos.gob.ve\/#logo\",\"inLanguage\":\"es\",\"url\":\"https:\/\/www.bolipuertos.gob.ve\/wp-content\/uploads\/2021\/10\/logo_bolipuertos.png\",\"contentUrl\":\"https:\/\/www.bolipuertos.gob.ve\/wp-content\/uploads\/2021\/10\/logo_bolipuertos.png\",\"width\":220,\"height\":150,\"caption\":\"bolipuertos\"},\"image\":{\"@id\":\"https:\/\/www.bolipuertos.gob.ve\/#logo\"}},{\"@type\":\"WebSite\",\"@id\":\"https:\/\/www.bolipuertos.gob.ve\/#website\",\"url\":\"https:\/\/www.bolipuertos.gob.ve\/\",\"name\":\"Bolipuertos S.A.\",\"description\":\"Bolipuertos S.A.\",\"publisher\":{\"@id\":\"https:\/\/www.bolipuertos.gob.ve\/#organization\"},\"potentialAction\":[{\"@type\":\"SearchAction\",\"target\":{\"@type\":\"EntryPoint\",\"urlTemplate\":\"https:\/\/www.bolipuertos.gob.ve\/?s={search_term_string}\"},\"query-input\":\"required name=search_term_string\"}],\"inLanguage\":\"es\"},{\"@type\":\"ImageObject\",\"@id\":\"https:\/\/www.bolipuertos.gob.ve\/?p=32104#primaryimage\",\"inLanguage\":\"es\",\"url\":\"https:\/\/www.bolipuertos.gob.ve\/wp-content\/uploads\/2026\/01\/Puerto-Seco-de-Barquisimeto-moviliza-416-toneladas-de-cafe-en-lo-que-va-de-enero.jpeg\",\"contentUrl\":\"https:\/\/www.bolipuertos.gob.ve\/wp-content\/uploads\/2026\/01\/Puerto-Seco-de-Barquisimeto-moviliza-416-toneladas-de-cafe-en-lo-que-va-de-enero.jpeg\",\"width\":1200,\"height\":720},{\"@type\":\"WebPage\",\"@id\":\"https:\/\/www.bolipuertos.gob.ve\/?p=32104#webpage\",\"url\":\"https:\/\/www.bolipuertos.gob.ve\/?p=32104\",\"name\":\"Puerto Seco de Barquisimeto moviliza 416 toneladas de caf\\u00e9 en lo que va de enero &middot; Bolipuertos S.A.\",\"isPartOf\":{\"@id\":\"https:\/\/www.bolipuertos.gob.ve\/#website\"},\"primaryImageOfPage\":{\"@id\":\"https:\/\/www.bolipuertos.gob.ve\/?p=32104#primaryimage\"},\"datePublished\":\"2026-01-16T13:57:00+00:00\",\"dateModified\":\"2026-01-28T19:06:55+00:00\",\"description\":\"Bolipuertos S.A\",\"breadcrumb\":{\"@id\":\"https:\/\/www.bolipuertos.gob.ve\/?p=32104#breadcrumb\"},\"inLanguage\":\"es\",\"potentialAction\":[{\"@type\":\"ReadAction\",\"target\":[\"https:\/\/www.bolipuertos.gob.ve\/?p=32104\"]}]},{\"@type\":\"BreadcrumbList\",\"@id\":\"https:\/\/www.bolipuertos.gob.ve\/?p=32104#breadcrumb\",\"itemListElement\":[{\"@type\":\"ListItem\",\"position\":1,\"name\":\"Portada\",\"item\":\"https:\/\/www.bolipuertos.gob.ve\/\"},{\"@type\":\"ListItem\",\"position\":2,\"name\":\"Puerto Seco de Barquisimeto moviliza 416 toneladas de caf\\u00e9 en lo que va de enero\"}]},{\"@type\":\"Article\",\"@id\":\"https:\/\/www.bolipuertos.gob.ve\/?p=32104#article\",\"isPartOf\":{\"@id\":\"https:\/\/www.bolipuertos.gob.ve\/?p=32104#webpage\"},\"author\":{\"@id\":\"https:\/\/www.bolipuertos.gob.ve\/#\/schema\/person\/934f01878a0dcd2c267bc042944a6caf\"},\"headline\":\"Puerto Seco de Barquisimeto moviliza 416 toneladas de caf\\u00e9 en lo que va de enero\",\"datePublished\":\"2026-01-16T13:57:00+00:00\",\"dateModified\":\"2026-01-28T19:06:55+00:00\",\"mainEntityOfPage\":{\"@id\":\"https:\/\/www.bolipuertos.gob.ve\/?p=32104#webpage\"},\"wordCount\":323,\"publisher\":{\"@id\":\"https:\/\/www.bolipuertos.gob.ve\/#organization\"},\"image\":{\"@id\":\"https:\/\/www.bolipuertos.gob.ve\/?p=32104#primaryimage\"},\"thumbnailUrl\":\"https:\/\/www.bolipuertos.gob.ve\/wp-content\/uploads\/2026\/01\/Puerto-Seco-de-Barquisimeto-moviliza-416-toneladas-de-cafe-en-lo-que-va-de-enero.jpeg\",\"articleSection\":[\"Noticias Gobierno Bolivariano\"],\"inLanguage\":\"es\"},{\"@type\":\"Person\",\"@id\":\"https:\/\/www.bolipuertos.gob.ve\/#\/schema\/person\/934f01878a0dcd2c267bc042944a6caf\",\"name\":\"kysmar padilla\",\"image\":{\"@type\":\"ImageObject\",\"@id\":\"https:\/\/www.bolipuertos.gob.ve\/#personlogo\",\"inLanguage\":\"es\",\"url\":\"https:\/\/secure.gravatar.com\/avatar\/1c64021eee8cbc011df0375b1a261ea1?s=96&d=mm&r=g\",\"contentUrl\":\"https:\/\/secure.gravatar.com\/avatar\/1c64021eee8cbc011df0375b1a261ea1?s=96&d=mm&r=g\",\"caption\":\"kysmar padilla\"},\"url\":\"https:\/\/www.bolipuertos.gob.ve\/?author=16\"}]}<\/script>\n<!-- \/ Yoast SEO plugin. -->","yoast_head_json":{"title":"Puerto Seco de Barquisimeto moviliza 416 toneladas de caf\u00e9 en lo que va de enero &middot; Bolipuertos S.A.","description":"Bolipuertos S.A","robots":{"index":"index","follow":"follow","max-snippet":"max-snippet:-1","max-image-preview":"max-image-preview:large","max-video-preview":"max-video-preview:-1"},"canonical":"https:\/\/www.bolipuertos.gob.ve\/?p=32104","og_locale":"es_ES","og_type":"article","og_title":"Puerto Seco de Barquisimeto moviliza 416 toneladas de caf\u00e9 en lo que va de enero &middot; Bolipuertos S.A.","og_description":"Bolipuertos S.A","og_url":"https:\/\/www.bolipuertos.gob.ve\/?p=32104","og_site_name":"Bolipuertos S.A.","article_publisher":"https:\/\/www.facebook.com\/bolipuertos.puertos","article_published_time":"2026-01-16T13:57:00+00:00","article_modified_time":"2026-01-28T19:06:55+00:00","og_image":[{"width":1200,"height":720,"url":"https:\/\/www.bolipuertos.gob.ve\/wp-content\/uploads\/2026\/01\/Puerto-Seco-de-Barquisimeto-moviliza-416-toneladas-de-cafe-en-lo-que-va-de-enero.jpeg","type":"image\/jpeg"}],"twitter_card":"summary_large_image","twitter_misc":{"Escrito por":"kysmar padilla","Tiempo de lectura":"2 minutos"},"schema":{"@context":"https:\/\/schema.org","@graph":[{"@type":"Organization","@id":"https:\/\/www.bolipuertos.gob.ve\/#organization","name":"bolipuertos","url":"https:\/\/www.bolipuertos.gob.ve\/","sameAs":["https:\/\/www.facebook.com\/bolipuertos.puertos","https:\/\/www.instagram.com\/bolipuertosgob\/","https:\/\/www.youtube.com\/channel\/UCSev7gH4fp-5HWWOjZANLoQ"],"logo":{"@type":"ImageObject","@id":"https:\/\/www.bolipuertos.gob.ve\/#logo","inLanguage":"es","url":"https:\/\/www.bolipuertos.gob.ve\/wp-content\/uploads\/2021\/10\/logo_bolipuertos.png","contentUrl":"https:\/\/www.bolipuertos.gob.ve\/wp-content\/uploads\/2021\/10\/logo_bolipuertos.png","width":220,"height":150,"caption":"bolipuertos"},"image":{"@id":"https:\/\/www.bolipuertos.gob.ve\/#logo"}},{"@type":"WebSite","@id":"https:\/\/www.bolipuertos.gob.ve\/#website","url":"https:\/\/www.bolipuertos.gob.ve\/","name":"Bolipuertos S.A.","description":"Bolipuertos S.A.","publisher":{"@id":"https:\/\/www.bolipuertos.gob.ve\/#organization"},"potentialAction":[{"@type":"SearchAction","target":{"@type":"EntryPoint","urlTemplate":"https:\/\/www.bolipuertos.gob.ve\/?s={search_term_string}"},"query-input":"required name=search_term_string"}],"inLanguage":"es"},{"@type":"ImageObject","@id":"https:\/\/www.bolipuertos.gob.ve\/?p=32104#primaryimage","inLanguage":"es","url":"https:\/\/www.bolipuertos.gob.ve\/wp-content\/uploads\/2026\/01\/Puerto-Seco-de-Barquisimeto-moviliza-416-toneladas-de-cafe-en-lo-que-va-de-enero.jpeg","contentUrl":"https:\/\/www.bolipuertos.gob.ve\/wp-content\/uploads\/2026\/01\/Puerto-Seco-de-Barquisimeto-moviliza-416-toneladas-de-cafe-en-lo-que-va-de-enero.jpeg","width":1200,"height":720},{"@type":"WebPage","@id":"https:\/\/www.bolipuertos.gob.ve\/?p=32104#webpage","url":"https:\/\/www.bolipuertos.gob.ve\/?p=32104","name":"Puerto Seco de Barquisimeto moviliza 416 toneladas de caf\u00e9 en lo que va de enero &middot; Bolipuertos S.A.","isPartOf":{"@id":"https:\/\/www.bolipuertos.gob.ve\/#website"},"primaryImageOfPage":{"@id":"https:\/\/www.bolipuertos.gob.ve\/?p=32104#primaryimage"},"datePublished":"2026-01-16T13:57:00+00:00","dateModified":"2026-01-28T19:06:55+00:00","description":"Bolipuertos S.A","breadcrumb":{"@id":"https:\/\/www.bolipuertos.gob.ve\/?p=32104#breadcrumb"},"inLanguage":"es","potentialAction":[{"@type":"ReadAction","target":["https:\/\/www.bolipuertos.gob.ve\/?p=32104"]}]},{"@type":"BreadcrumbList","@id":"https:\/\/www.bolipuertos.gob.ve\/?p=32104#breadcrumb","itemListElement":[{"@type":"ListItem","position":1,"name":"Portada","item":"https:\/\/www.bolipuertos.gob.ve\/"},{"@type":"ListItem","position":2,"name":"Puerto Seco de Barquisimeto moviliza 416 toneladas de caf\u00e9 en lo que va de enero"}]},{"@type":"Article","@id":"https:\/\/www.bolipuertos.gob.ve\/?p=32104#article","isPartOf":{"@id":"https:\/\/www.bolipuertos.gob.ve\/?p=32104#webpage"},"author":{"@id":"https:\/\/www.bolipuertos.gob.ve\/#\/schema\/person\/934f01878a0dcd2c267bc042944a6caf"},"headline":"Puerto Seco de Barquisimeto moviliza 416 toneladas de caf\u00e9 en lo que va de enero","datePublished":"2026-01-16T13:57:00+00:00","dateModified":"2026-01-28T19:06:55+00:00","mainEntityOfPage":{"@id":"https:\/\/www.bolipuertos.gob.ve\/?p=32104#webpage"},"wordCount":323,"publisher":{"@id":"https:\/\/www.bolipuertos.gob.ve\/#organization"},"image":{"@id":"https:\/\/www.bolipuertos.gob.ve\/?p=32104#primaryimage"},"thumbnailUrl":"https:\/\/www.bolipuertos.gob.ve\/wp-content\/uploads\/2026\/01\/Puerto-Seco-de-Barquisimeto-moviliza-416-toneladas-de-cafe-en-lo-que-va-de-enero.jpeg","articleSection":["Noticias Gobierno Bolivariano"],"inLanguage":"es"},{"@type":"Person","@id":"https:\/\/www.bolipuertos.gob.ve\/#\/schema\/person\/934f01878a0dcd2c267bc042944a6caf","name":"kysmar padilla","image":{"@type":"ImageObject","@id":"https:\/\/www.bolipuertos.gob.ve\/#personlogo","inLanguage":"es","url":"https:\/\/secure.gravatar.com\/avatar\/1c64021eee8cbc011df0375b1a261ea1?s=96&d=mm&r=g","contentUrl":"https:\/\/secure.gravatar.com\/avatar\/1c64021eee8cbc011df0375b1a261ea1?s=96&d=mm&r=g","caption":"kysmar padilla"},"url":"https:\/\/www.bolipuertos.gob.ve\/?author=16"}]}},"_links":{"self":[{"href":"https:\/\/www.bolipuertos.gob.ve\/index.php?rest_route=\/wp\/v2\/posts\/32104"}],"collection":[{"href":"https:\/\/www.bolipuertos.gob.ve\/index.php?rest_route=\/wp\/v2\/posts"}],"about":[{"href":"https:\/\/www.bolipuertos.gob.ve\/index.php?rest_route=\/wp\/v2\/types\/post"}],"author":[{"embeddable":true,"href":"https:\/\/www.bolipuertos.gob.ve\/index.php?rest_route=\/wp\/v2\/users\/16"}],"replies":[{"embeddable":true,"href":"https:\/\/www.bolipuertos.gob.ve\/index.php?rest_route=%2Fwp%2Fv2%2Fcomments&post=32104"}],"version-history":[{"count":4,"href":"https:\/\/www.bolipuertos.gob.ve\/index.php?rest_route=\/wp\/v2\/posts\/32104\/revisions"}],"predecessor-version":[{"id":32265,"href":"https:\/\/www.bolipuertos.gob.ve\/index.php?rest_route=\/wp\/v2\/posts\/32104\/revisions\/32265"}],"wp:featuredmedia":[{"embeddable":true,"href":"https:\/\/www.bolipuertos.gob.ve\/index.php?rest_route=\/wp\/v2\/media\/32105"}],"wp:attachment":[{"href":"https:\/\/www.bolipuertos.gob.ve\/index.php?rest_route=%2Fwp%2Fv2%2Fmedia&parent=32104"}],"wp:term":[{"taxonomy":"category","embeddable":true,"href":"https:\/\/www.bolipuertos.gob.ve\/index.php?rest_route=%2Fwp%2Fv2%2Fcategories&post=32104"},{"taxonomy":"post_tag","embeddable":true,"href":"https:\/\/www.bolipuertos.gob.ve\/index.php?rest_route=%2Fwp%2Fv2%2Ftags&post=32104"}],"curies":[{"name":"wp","href":"https:\/\/api.w.org\/{rel}","templated":true}]}}