{"id":32593,"date":"2026-02-27T15:52:49","date_gmt":"2026-02-27T19:52:49","guid":{"rendered":"https:\/\/www.bolipuertos.gob.ve\/?p=32593"},"modified":"2026-02-27T15:55:19","modified_gmt":"2026-02-27T19:55:19","slug":"trabajadores-del-puerto-de-la-guaira-participan-en-taller-sobre-la-sensibilizacion-ambiental-e-industrial","status":"publish","type":"post","link":"https:\/\/www.bolipuertos.gob.ve\/?p=32593","title":{"rendered":"Trabajadores del puerto de La Guaira participan en taller sobre la sensibilizaci\u00f3n ambiental e industrial"},"content":{"rendered":"\t\t<div data-elementor-type=\"wp-post\" data-elementor-id=\"32593\" class=\"elementor elementor-32593\">\n\t\t\t\t\t\t\t\t\t<section class=\"elementor-section elementor-top-section elementor-element elementor-element-4f918ce elementor-section-boxed elementor-section-height-default elementor-section-height-default\" data-id=\"4f918ce\" data-element_type=\"section\">\n\t\t\t\t\t\t<div class=\"elementor-container elementor-column-gap-default\">\n\t\t\t\t\t<div class=\"elementor-column elementor-col-100 elementor-top-column elementor-element elementor-element-36bff73\" data-id=\"36bff73\" data-element_type=\"column\">\n\t\t\t<div class=\"elementor-widget-wrap elementor-element-populated\">\n\t\t\t\t\t\t\t\t<div class=\"elementor-element elementor-element-6b0780a elementor-widget elementor-widget-text-editor\" data-id=\"6b0780a\" data-element_type=\"widget\" data-widget_type=\"text-editor.default\">\n\t\t\t\t<div class=\"elementor-widget-container\">\n\t\t\t\t\t\t\t<p><strong>La Guaira, 27\/02\/2026.-<\/strong>En un esfuerzo por consolidar el modelo de \u00abPuertos Verdes\u00bb y fortalecer la corresponsabilidad ambiental, Bolivariana de Puertos (Bolipuertos) realiz\u00f3 con \u00e9xito la jornada de formaci\u00f3n titulada \u00abSensibilizaci\u00f3n Ambiental e Industrial\u00bb, dirigida al talento humano de la Terminal Mar\u00edtima de La Guaira.<\/p><p>La actividad, enmarcada en el Plan de Formaci\u00f3n y Capacitaci\u00f3n 2026 fue organizada por la Direcci\u00f3n de Capacitaci\u00f3n y Formaci\u00f3n Portuaria, adscrita a la Direcci\u00f3n General de Gesti\u00f3n Humana, en coordinaci\u00f3n con la Gerencia General de Protecci\u00f3n y Seguridad Portuaria en alianza estrat\u00e9gica con el Fondo Venezolano de Reconversi\u00f3n Industrial y Tecnol\u00f3gica (Fondoin). La inducci\u00f3n cont\u00f3 con una duraci\u00f3n de 14 horas acad\u00e9micas distribuidas en dos d\u00edas de intenso aprendizaje en el Sal\u00f3n Sim\u00f3n Bol\u00edvar.<\/p><p>La formaci\u00f3n fue impartida por los especialistas Betilde Urbina y Jimmy Danely, de Fondoin, quienes capacitaron a m\u00e1s de 70 trabajadores provenientes de divisiones clave como Protecci\u00f3n Portuaria, Operaciones, Seguridad Laboral, Servicios Generales, Auditor\u00eda Interna, Consultor\u00eda Jur\u00eddica e Infraestructura.<\/p><p>Entre los puntos tratados destacan; concienciar sobre la funci\u00f3n vital de la capa de ozono, las consecuencias de su debilitamiento, conocer las causas de su agotamiento, incluyendo los compuestos clorofluorocarbonos, hidroclorofluorocarbonos y los fluorocarbonos, presentaci\u00f3n del Protocolo de Montreal y sus enmiendas adheridas por el pa\u00eds, conocer las normativas aplicables a control de los gases refrigerantes y sus logros en la eliminaci\u00f3n de sustancias que agotan la capa de ozono.<\/p><p>Bolivariana de Puertos, reafirma su compromiso con la Constituci\u00f3n de la Rep\u00fablica Bolivariana de Venezuela, en materia de conservaci\u00f3n del medio ambiente promoviendo Puertos Verdes, a la vez que garantiza la formaci\u00f3n permanente al talento humano portuario.<\/p>\t\t\t\t\t\t<\/div>\n\t\t\t\t<\/div>\n\t\t\t\t\t<\/div>\n\t\t<\/div>\n\t\t\t\t\t\t\t<\/div>\n\t\t<\/section>\n\t\t\t\t<section class=\"elementor-section elementor-top-section elementor-element elementor-element-6035faa elementor-section-boxed elementor-section-height-default elementor-section-height-default\" data-id=\"6035faa\" data-element_type=\"section\">\n\t\t\t\t\t\t<div class=\"elementor-container elementor-column-gap-default\">\n\t\t\t\t\t<div class=\"elementor-column elementor-col-100 elementor-top-column elementor-element elementor-element-05a9665\" data-id=\"05a9665\" data-element_type=\"column\">\n\t\t\t<div class=\"elementor-widget-wrap elementor-element-populated\">\n\t\t\t\t\t\t\t\t<div class=\"elementor-element elementor-element-c2df4ab elementor-arrows-position-inside elementor-pagination-position-outside elementor-widget elementor-widget-image-carousel\" data-id=\"c2df4ab\" data-element_type=\"widget\" data-settings=\"{&quot;navigation&quot;:&quot;both&quot;,&quot;autoplay&quot;:&quot;yes&quot;,&quot;pause_on_hover&quot;:&quot;yes&quot;,&quot;pause_on_interaction&quot;:&quot;yes&quot;,&quot;autoplay_speed&quot;:5000,&quot;infinite&quot;:&quot;yes&quot;,&quot;speed&quot;:500}\" data-widget_type=\"image-carousel.default\">\n\t\t\t\t<div class=\"elementor-widget-container\">\n\t\t\t\t\t<div class=\"elementor-image-carousel-wrapper swiper-container\" dir=\"ltr\">\n\t\t\t<div class=\"elementor-image-carousel swiper-wrapper\">\n\t\t\t\t\t\t\t\t<div class=\"swiper-slide\"><figure class=\"swiper-slide-inner\"><img class=\"swiper-slide-image\" src=\"https:\/\/www.bolipuertos.gob.ve\/wp-content\/uploads\/2026\/02\/TALLER-1-768x432-1.jpeg\" alt=\"TALLER-1-768x432\" \/><\/figure><\/div><div class=\"swiper-slide\"><figure class=\"swiper-slide-inner\"><img class=\"swiper-slide-image\" src=\"https:\/\/www.bolipuertos.gob.ve\/wp-content\/uploads\/2026\/02\/TALLER-1-768x512-1.jpg\" alt=\"TALLER-1-768x512\" \/><\/figure><\/div><div class=\"swiper-slide\"><figure class=\"swiper-slide-inner\"><img class=\"swiper-slide-image\" src=\"https:\/\/www.bolipuertos.gob.ve\/wp-content\/uploads\/2026\/02\/TALLER-2-768x512-1.jpg\" alt=\"TALLER-2-768x512\" \/><\/figure><\/div><div class=\"swiper-slide\"><figure class=\"swiper-slide-inner\"><img class=\"swiper-slide-image\" src=\"https:\/\/www.bolipuertos.gob.ve\/wp-content\/uploads\/2026\/02\/TALLER-4-768x512-1.jpg\" alt=\"TALLER-4-768x512\" \/><\/figure><\/div><div class=\"swiper-slide\"><figure class=\"swiper-slide-inner\"><img class=\"swiper-slide-image\" src=\"https:\/\/www.bolipuertos.gob.ve\/wp-content\/uploads\/2026\/02\/TALLER-5-768x512-1.jpg\" alt=\"TALLER-5-768x512\" \/><\/figure><\/div><div class=\"swiper-slide\"><figure class=\"swiper-slide-inner\"><img class=\"swiper-slide-image\" src=\"https:\/\/www.bolipuertos.gob.ve\/wp-content\/uploads\/2026\/02\/TALLER-6-768x512-1.jpg\" alt=\"TALLER-6-768x512\" \/><\/figure><\/div>\t\t\t<\/div>\n\t\t\t\t\t\t\t\t\t\t\t\t<div class=\"swiper-pagination\"><\/div>\n\t\t\t\t\t\t\t\t\t\t\t\t\t<div class=\"elementor-swiper-button elementor-swiper-button-prev\">\n\t\t\t\t\t\t<i aria-hidden=\"true\" class=\"eicon-chevron-left\"><\/i>\t\t\t\t\t\t<span class=\"elementor-screen-only\">Anterior<\/span>\n\t\t\t\t\t<\/div>\n\t\t\t\t\t<div class=\"elementor-swiper-button elementor-swiper-button-next\">\n\t\t\t\t\t\t<i aria-hidden=\"true\" class=\"eicon-chevron-right\"><\/i>\t\t\t\t\t\t<span class=\"elementor-screen-only\">Siguiente<\/span>\n\t\t\t\t\t<\/div>\n\t\t\t\t\t\t\t\t\t<\/div>\n\t\t\t\t<\/div>\n\t\t\t\t<\/div>\n\t\t\t\t\t<\/div>\n\t\t<\/div>\n\t\t\t\t\t\t\t<\/div>\n\t\t<\/section>\n\t\t\t\t<section class=\"elementor-section elementor-top-section elementor-element elementor-element-178feca elementor-section-boxed elementor-section-height-default elementor-section-height-default\" data-id=\"178feca\" data-element_type=\"section\">\n\t\t\t\t\t\t<div class=\"elementor-container elementor-column-gap-default\">\n\t\t\t\t\t<div class=\"elementor-column elementor-col-100 elementor-top-column elementor-element elementor-element-766c2ef\" data-id=\"766c2ef\" data-element_type=\"column\">\n\t\t\t<div class=\"elementor-widget-wrap elementor-element-populated\">\n\t\t\t\t\t\t\t\t<div class=\"elementor-element elementor-element-cd0ef62 elementor-widget elementor-widget-text-editor\" data-id=\"cd0ef62\" data-element_type=\"widget\" data-widget_type=\"text-editor.default\">\n\t\t\t\t<div class=\"elementor-widget-container\">\n\t\t\t\t\t\t\t<p><strong>Prensa Bolipuertos \/ Darelys Chirino<\/strong><\/p><p><strong>Fotograf\u00eda \/ Michael Blanco<\/strong><\/p>\t\t\t\t\t\t<\/div>\n\t\t\t\t<\/div>\n\t\t\t\t\t<\/div>\n\t\t<\/div>\n\t\t\t\t\t\t\t<\/div>\n\t\t<\/section>\n\t\t\t\t\t\t\t<\/div>\n\t\t","protected":false},"excerpt":{"rendered":"<p>La Guaira, 27\/02\/2026.- En un esfuerzo por consolidar el modelo de \u00abPuertos Verdes\u00bb y fortalecer la corresponsabilidad ambiental, Bolivariana de Puertos (Bolipuertos) realiz\u00f3 con \u00e9xito la jornada de formaci\u00f3n titulada \u00abSensibilizaci\u00f3n Ambiental e Industrial\u00bb, dirigida al talento humano de la Terminal Mar\u00edtima de La Guaira.<\/p>\n","protected":false},"author":24,"featured_media":32594,"comment_status":"closed","ping_status":"closed","sticky":false,"template":"","format":"standard","meta":[],"categories":[5],"tags":[],"yoast_head":"<!-- This site is optimized with the Yoast SEO plugin v17.6 - https:\/\/yoast.com\/wordpress\/plugins\/seo\/ -->\n<title>Trabajadores del puerto de La Guaira participan en taller sobre la sensibilizaci\u00f3n ambiental e industrial &middot; Bolipuertos S.A.<\/title>\n<meta name=\"description\" content=\"Bolipuertos S.A\" \/>\n<meta name=\"robots\" content=\"index, follow, max-snippet:-1, max-image-preview:large, max-video-preview:-1\" \/>\n<link rel=\"canonical\" href=\"https:\/\/www.bolipuertos.gob.ve\/?p=32593\" \/>\n<meta property=\"og:locale\" content=\"es_ES\" \/>\n<meta property=\"og:type\" content=\"article\" \/>\n<meta property=\"og:title\" content=\"Trabajadores del puerto de La Guaira participan en taller sobre la sensibilizaci\u00f3n ambiental e industrial &middot; Bolipuertos S.A.\" \/>\n<meta property=\"og:description\" content=\"Bolipuertos S.A\" \/>\n<meta property=\"og:url\" content=\"https:\/\/www.bolipuertos.gob.ve\/?p=32593\" \/>\n<meta property=\"og:site_name\" content=\"Bolipuertos S.A.\" \/>\n<meta property=\"article:publisher\" content=\"https:\/\/www.facebook.com\/bolipuertos.puertos\" \/>\n<meta property=\"article:published_time\" content=\"2026-02-27T19:52:49+00:00\" \/>\n<meta property=\"article:modified_time\" content=\"2026-02-27T19:55:19+00:00\" \/>\n<meta property=\"og:image\" content=\"https:\/\/www.bolipuertos.gob.ve\/wp-content\/uploads\/2026\/02\/IMG_20260227_153147.jpg-scaled-1.jpeg\" \/>\n\t<meta property=\"og:image:width\" content=\"2560\" \/>\n\t<meta property=\"og:image:height\" content=\"1707\" \/>\n<meta name=\"twitter:card\" content=\"summary_large_image\" \/>\n<meta name=\"twitter:label1\" content=\"Escrito por\" \/>\n\t<meta name=\"twitter:data1\" content=\"Patricia Abreu\" \/>\n\t<meta name=\"twitter:label2\" content=\"Tiempo de lectura\" \/>\n\t<meta name=\"twitter:data2\" content=\"4 minutos\" \/>\n<script type=\"application\/ld+json\" class=\"yoast-schema-graph\">{\"@context\":\"https:\/\/schema.org\",\"@graph\":[{\"@type\":\"Organization\",\"@id\":\"https:\/\/www.bolipuertos.gob.ve\/#organization\",\"name\":\"bolipuertos\",\"url\":\"https:\/\/www.bolipuertos.gob.ve\/\",\"sameAs\":[\"https:\/\/www.facebook.com\/bolipuertos.puertos\",\"https:\/\/www.instagram.com\/bolipuertosgob\/\",\"https:\/\/www.youtube.com\/channel\/UCSev7gH4fp-5HWWOjZANLoQ\"],\"logo\":{\"@type\":\"ImageObject\",\"@id\":\"https:\/\/www.bolipuertos.gob.ve\/#logo\",\"inLanguage\":\"es\",\"url\":\"https:\/\/www.bolipuertos.gob.ve\/wp-content\/uploads\/2021\/10\/logo_bolipuertos.png\",\"contentUrl\":\"https:\/\/www.bolipuertos.gob.ve\/wp-content\/uploads\/2021\/10\/logo_bolipuertos.png\",\"width\":220,\"height\":150,\"caption\":\"bolipuertos\"},\"image\":{\"@id\":\"https:\/\/www.bolipuertos.gob.ve\/#logo\"}},{\"@type\":\"WebSite\",\"@id\":\"https:\/\/www.bolipuertos.gob.ve\/#website\",\"url\":\"https:\/\/www.bolipuertos.gob.ve\/\",\"name\":\"Bolipuertos S.A.\",\"description\":\"Bolipuertos S.A.\",\"publisher\":{\"@id\":\"https:\/\/www.bolipuertos.gob.ve\/#organization\"},\"potentialAction\":[{\"@type\":\"SearchAction\",\"target\":{\"@type\":\"EntryPoint\",\"urlTemplate\":\"https:\/\/www.bolipuertos.gob.ve\/?s={search_term_string}\"},\"query-input\":\"required name=search_term_string\"}],\"inLanguage\":\"es\"},{\"@type\":\"ImageObject\",\"@id\":\"https:\/\/www.bolipuertos.gob.ve\/?p=32593#primaryimage\",\"inLanguage\":\"es\",\"url\":\"https:\/\/www.bolipuertos.gob.ve\/wp-content\/uploads\/2026\/02\/IMG_20260227_153147.jpg-scaled-1.jpeg\",\"contentUrl\":\"https:\/\/www.bolipuertos.gob.ve\/wp-content\/uploads\/2026\/02\/IMG_20260227_153147.jpg-scaled-1.jpeg\",\"width\":2560,\"height\":1707},{\"@type\":\"WebPage\",\"@id\":\"https:\/\/www.bolipuertos.gob.ve\/?p=32593#webpage\",\"url\":\"https:\/\/www.bolipuertos.gob.ve\/?p=32593\",\"name\":\"Trabajadores del puerto de La Guaira participan en taller sobre la sensibilizaci\\u00f3n ambiental e industrial &middot; Bolipuertos S.A.\",\"isPartOf\":{\"@id\":\"https:\/\/www.bolipuertos.gob.ve\/#website\"},\"primaryImageOfPage\":{\"@id\":\"https:\/\/www.bolipuertos.gob.ve\/?p=32593#primaryimage\"},\"datePublished\":\"2026-02-27T19:52:49+00:00\",\"dateModified\":\"2026-02-27T19:55:19+00:00\",\"description\":\"Bolipuertos S.A\",\"breadcrumb\":{\"@id\":\"https:\/\/www.bolipuertos.gob.ve\/?p=32593#breadcrumb\"},\"inLanguage\":\"es\",\"potentialAction\":[{\"@type\":\"ReadAction\",\"target\":[\"https:\/\/www.bolipuertos.gob.ve\/?p=32593\"]}]},{\"@type\":\"BreadcrumbList\",\"@id\":\"https:\/\/www.bolipuertos.gob.ve\/?p=32593#breadcrumb\",\"itemListElement\":[{\"@type\":\"ListItem\",\"position\":1,\"name\":\"Portada\",\"item\":\"https:\/\/www.bolipuertos.gob.ve\/\"},{\"@type\":\"ListItem\",\"position\":2,\"name\":\"Trabajadores del puerto de La Guaira participan en taller sobre la sensibilizaci\\u00f3n ambiental e industrial\"}]},{\"@type\":\"Article\",\"@id\":\"https:\/\/www.bolipuertos.gob.ve\/?p=32593#article\",\"isPartOf\":{\"@id\":\"https:\/\/www.bolipuertos.gob.ve\/?p=32593#webpage\"},\"author\":{\"@id\":\"https:\/\/www.bolipuertos.gob.ve\/#\/schema\/person\/ec6319629893bbb33973dae4c9ad6dba\"},\"headline\":\"Trabajadores del puerto de La Guaira participan en taller sobre la sensibilizaci\\u00f3n ambiental e industrial\",\"datePublished\":\"2026-02-27T19:52:49+00:00\",\"dateModified\":\"2026-02-27T19:55:19+00:00\",\"mainEntityOfPage\":{\"@id\":\"https:\/\/www.bolipuertos.gob.ve\/?p=32593#webpage\"},\"wordCount\":323,\"publisher\":{\"@id\":\"https:\/\/www.bolipuertos.gob.ve\/#organization\"},\"image\":{\"@id\":\"https:\/\/www.bolipuertos.gob.ve\/?p=32593#primaryimage\"},\"thumbnailUrl\":\"https:\/\/www.bolipuertos.gob.ve\/wp-content\/uploads\/2026\/02\/IMG_20260227_153147.jpg-scaled-1.jpeg\",\"articleSection\":[\"Noticias\"],\"inLanguage\":\"es\"},{\"@type\":\"Person\",\"@id\":\"https:\/\/www.bolipuertos.gob.ve\/#\/schema\/person\/ec6319629893bbb33973dae4c9ad6dba\",\"name\":\"Patricia Abreu\",\"image\":{\"@type\":\"ImageObject\",\"@id\":\"https:\/\/www.bolipuertos.gob.ve\/#personlogo\",\"inLanguage\":\"es\",\"url\":\"https:\/\/secure.gravatar.com\/avatar\/72b9fbf8eb83b9b4ccc906a386bce3de?s=96&d=mm&r=g\",\"contentUrl\":\"https:\/\/secure.gravatar.com\/avatar\/72b9fbf8eb83b9b4ccc906a386bce3de?s=96&d=mm&r=g\",\"caption\":\"Patricia Abreu\"},\"url\":\"https:\/\/www.bolipuertos.gob.ve\/?author=24\"}]}<\/script>\n<!-- \/ Yoast SEO plugin. -->","yoast_head_json":{"title":"Trabajadores del puerto de La Guaira participan en taller sobre la sensibilizaci\u00f3n ambiental e industrial &middot; Bolipuertos S.A.","description":"Bolipuertos S.A","robots":{"index":"index","follow":"follow","max-snippet":"max-snippet:-1","max-image-preview":"max-image-preview:large","max-video-preview":"max-video-preview:-1"},"canonical":"https:\/\/www.bolipuertos.gob.ve\/?p=32593","og_locale":"es_ES","og_type":"article","og_title":"Trabajadores del puerto de La Guaira participan en taller sobre la sensibilizaci\u00f3n ambiental e industrial &middot; Bolipuertos S.A.","og_description":"Bolipuertos S.A","og_url":"https:\/\/www.bolipuertos.gob.ve\/?p=32593","og_site_name":"Bolipuertos S.A.","article_publisher":"https:\/\/www.facebook.com\/bolipuertos.puertos","article_published_time":"2026-02-27T19:52:49+00:00","article_modified_time":"2026-02-27T19:55:19+00:00","og_image":[{"width":2560,"height":1707,"url":"https:\/\/www.bolipuertos.gob.ve\/wp-content\/uploads\/2026\/02\/IMG_20260227_153147.jpg-scaled-1.jpeg","type":"image\/jpeg"}],"twitter_card":"summary_large_image","twitter_misc":{"Escrito por":"Patricia Abreu","Tiempo de lectura":"4 minutos"},"schema":{"@context":"https:\/\/schema.org","@graph":[{"@type":"Organization","@id":"https:\/\/www.bolipuertos.gob.ve\/#organization","name":"bolipuertos","url":"https:\/\/www.bolipuertos.gob.ve\/","sameAs":["https:\/\/www.facebook.com\/bolipuertos.puertos","https:\/\/www.instagram.com\/bolipuertosgob\/","https:\/\/www.youtube.com\/channel\/UCSev7gH4fp-5HWWOjZANLoQ"],"logo":{"@type":"ImageObject","@id":"https:\/\/www.bolipuertos.gob.ve\/#logo","inLanguage":"es","url":"https:\/\/www.bolipuertos.gob.ve\/wp-content\/uploads\/2021\/10\/logo_bolipuertos.png","contentUrl":"https:\/\/www.bolipuertos.gob.ve\/wp-content\/uploads\/2021\/10\/logo_bolipuertos.png","width":220,"height":150,"caption":"bolipuertos"},"image":{"@id":"https:\/\/www.bolipuertos.gob.ve\/#logo"}},{"@type":"WebSite","@id":"https:\/\/www.bolipuertos.gob.ve\/#website","url":"https:\/\/www.bolipuertos.gob.ve\/","name":"Bolipuertos S.A.","description":"Bolipuertos S.A.","publisher":{"@id":"https:\/\/www.bolipuertos.gob.ve\/#organization"},"potentialAction":[{"@type":"SearchAction","target":{"@type":"EntryPoint","urlTemplate":"https:\/\/www.bolipuertos.gob.ve\/?s={search_term_string}"},"query-input":"required name=search_term_string"}],"inLanguage":"es"},{"@type":"ImageObject","@id":"https:\/\/www.bolipuertos.gob.ve\/?p=32593#primaryimage","inLanguage":"es","url":"https:\/\/www.bolipuertos.gob.ve\/wp-content\/uploads\/2026\/02\/IMG_20260227_153147.jpg-scaled-1.jpeg","contentUrl":"https:\/\/www.bolipuertos.gob.ve\/wp-content\/uploads\/2026\/02\/IMG_20260227_153147.jpg-scaled-1.jpeg","width":2560,"height":1707},{"@type":"WebPage","@id":"https:\/\/www.bolipuertos.gob.ve\/?p=32593#webpage","url":"https:\/\/www.bolipuertos.gob.ve\/?p=32593","name":"Trabajadores del puerto de La Guaira participan en taller sobre la sensibilizaci\u00f3n ambiental e industrial &middot; Bolipuertos S.A.","isPartOf":{"@id":"https:\/\/www.bolipuertos.gob.ve\/#website"},"primaryImageOfPage":{"@id":"https:\/\/www.bolipuertos.gob.ve\/?p=32593#primaryimage"},"datePublished":"2026-02-27T19:52:49+00:00","dateModified":"2026-02-27T19:55:19+00:00","description":"Bolipuertos S.A","breadcrumb":{"@id":"https:\/\/www.bolipuertos.gob.ve\/?p=32593#breadcrumb"},"inLanguage":"es","potentialAction":[{"@type":"ReadAction","target":["https:\/\/www.bolipuertos.gob.ve\/?p=32593"]}]},{"@type":"BreadcrumbList","@id":"https:\/\/www.bolipuertos.gob.ve\/?p=32593#breadcrumb","itemListElement":[{"@type":"ListItem","position":1,"name":"Portada","item":"https:\/\/www.bolipuertos.gob.ve\/"},{"@type":"ListItem","position":2,"name":"Trabajadores del puerto de La Guaira participan en taller sobre la sensibilizaci\u00f3n ambiental e industrial"}]},{"@type":"Article","@id":"https:\/\/www.bolipuertos.gob.ve\/?p=32593#article","isPartOf":{"@id":"https:\/\/www.bolipuertos.gob.ve\/?p=32593#webpage"},"author":{"@id":"https:\/\/www.bolipuertos.gob.ve\/#\/schema\/person\/ec6319629893bbb33973dae4c9ad6dba"},"headline":"Trabajadores del puerto de La Guaira participan en taller sobre la sensibilizaci\u00f3n ambiental e industrial","datePublished":"2026-02-27T19:52:49+00:00","dateModified":"2026-02-27T19:55:19+00:00","mainEntityOfPage":{"@id":"https:\/\/www.bolipuertos.gob.ve\/?p=32593#webpage"},"wordCount":323,"publisher":{"@id":"https:\/\/www.bolipuertos.gob.ve\/#organization"},"image":{"@id":"https:\/\/www.bolipuertos.gob.ve\/?p=32593#primaryimage"},"thumbnailUrl":"https:\/\/www.bolipuertos.gob.ve\/wp-content\/uploads\/2026\/02\/IMG_20260227_153147.jpg-scaled-1.jpeg","articleSection":["Noticias"],"inLanguage":"es"},{"@type":"Person","@id":"https:\/\/www.bolipuertos.gob.ve\/#\/schema\/person\/ec6319629893bbb33973dae4c9ad6dba","name":"Patricia Abreu","image":{"@type":"ImageObject","@id":"https:\/\/www.bolipuertos.gob.ve\/#personlogo","inLanguage":"es","url":"https:\/\/secure.gravatar.com\/avatar\/72b9fbf8eb83b9b4ccc906a386bce3de?s=96&d=mm&r=g","contentUrl":"https:\/\/secure.gravatar.com\/avatar\/72b9fbf8eb83b9b4ccc906a386bce3de?s=96&d=mm&r=g","caption":"Patricia Abreu"},"url":"https:\/\/www.bolipuertos.gob.ve\/?author=24"}]}},"_links":{"self":[{"href":"https:\/\/www.bolipuertos.gob.ve\/index.php?rest_route=\/wp\/v2\/posts\/32593"}],"collection":[{"href":"https:\/\/www.bolipuertos.gob.ve\/index.php?rest_route=\/wp\/v2\/posts"}],"about":[{"href":"https:\/\/www.bolipuertos.gob.ve\/index.php?rest_route=\/wp\/v2\/types\/post"}],"author":[{"embeddable":true,"href":"https:\/\/www.bolipuertos.gob.ve\/index.php?rest_route=\/wp\/v2\/users\/24"}],"replies":[{"embeddable":true,"href":"https:\/\/www.bolipuertos.gob.ve\/index.php?rest_route=%2Fwp%2Fv2%2Fcomments&post=32593"}],"version-history":[{"count":4,"href":"https:\/\/www.bolipuertos.gob.ve\/index.php?rest_route=\/wp\/v2\/posts\/32593\/revisions"}],"predecessor-version":[{"id":32604,"href":"https:\/\/www.bolipuertos.gob.ve\/index.php?rest_route=\/wp\/v2\/posts\/32593\/revisions\/32604"}],"wp:featuredmedia":[{"embeddable":true,"href":"https:\/\/www.bolipuertos.gob.ve\/index.php?rest_route=\/wp\/v2\/media\/32594"}],"wp:attachment":[{"href":"https:\/\/www.bolipuertos.gob.ve\/index.php?rest_route=%2Fwp%2Fv2%2Fmedia&parent=32593"}],"wp:term":[{"taxonomy":"category","embeddable":true,"href":"https:\/\/www.bolipuertos.gob.ve\/index.php?rest_route=%2Fwp%2Fv2%2Fcategories&post=32593"},{"taxonomy":"post_tag","embeddable":true,"href":"https:\/\/www.bolipuertos.gob.ve\/index.php?rest_route=%2Fwp%2Fv2%2Ftags&post=32593"}],"curies":[{"name":"wp","href":"https:\/\/api.w.org\/{rel}","templated":true}]}}