{"id":32807,"date":"2026-03-12T10:38:00","date_gmt":"2026-03-12T14:38:00","guid":{"rendered":"https:\/\/www.bolipuertos.gob.ve\/?p=32807"},"modified":"2026-03-13T10:52:41","modified_gmt":"2026-03-13T14:52:41","slug":"ministro-de-transporte-fortalece-la-eficiencia-multimodal-con-despliegue-de-supervision-en-el-estado-carabobo","status":"publish","type":"post","link":"https:\/\/www.bolipuertos.gob.ve\/?p=32807","title":{"rendered":"Ministro de Transporte fortalece la eficiencia multimodal con despliegue de supervisi\u00f3n en el estado Carabobo"},"content":{"rendered":"\t\t<div data-elementor-type=\"wp-post\" data-elementor-id=\"32807\" class=\"elementor elementor-32807\">\n\t\t\t\t\t\t\t\t\t<section class=\"elementor-section elementor-top-section elementor-element elementor-element-4367084 elementor-section-boxed elementor-section-height-default elementor-section-height-default\" data-id=\"4367084\" data-element_type=\"section\">\n\t\t\t\t\t\t<div class=\"elementor-container elementor-column-gap-default\">\n\t\t\t\t\t<div class=\"elementor-column elementor-col-100 elementor-top-column elementor-element elementor-element-3a6af9a\" data-id=\"3a6af9a\" data-element_type=\"column\">\n\t\t\t<div class=\"elementor-widget-wrap elementor-element-populated\">\n\t\t\t\t\t\t\t\t<div class=\"elementor-element elementor-element-7c3418a elementor-widget elementor-widget-text-editor\" data-id=\"7c3418a\" data-element_type=\"widget\" data-widget_type=\"text-editor.default\">\n\t\t\t\t<div class=\"elementor-widget-container\">\n\t\t\t\t\t\t\t<p>En el marco de una rigurosa agenda de seguimiento y control, el ministro del Poder Popular para el Transporte, VA. An\u00edbal Coronado Mill\u00e1n, encabez\u00f3 una jornada de inspecci\u00f3n t\u00e9cnica en las principales infraestructuras mar\u00edtimas del estado Carabobo. El recorrido tuvo como objetivo principal verificar de primera mano los niveles de operatividad, optimizar los procesos log\u00edsticos y estrechar el v\u00ednculo con la fuerza laboral que dinamiza el sector.<\/p><p>La jornada inici\u00f3 en las instalaciones de Bolipuertos \u2013 Puerto Cabello, donde el titular de la cartera de transporte, junto al CA. Germ\u00e1n G\u00f3mez Larez (presidente de Bolipuertos e INEA) y el viceministro de Transporte Acu\u00e1tico, David Quintana, evalu\u00f3 el desempe\u00f1o de la maquinaria de carga y descarga.<\/p><p>Durante la inspecci\u00f3n, el ministro Coronado subray\u00f3 los siguientes avances:<br \/>\u2022 Eficiencia log\u00edstica: Destac\u00f3 el impacto positivo de los equipos de alta tecnolog\u00eda en la rapidez de las operaciones portuarias.<br \/>\u2022 Ahorro estrat\u00e9gico: Resalt\u00f3 c\u00f3mo la operatividad propia reduce significativamente los costos para los usuarios y clientes del sector.<br \/>\u2022 Alcance Nacional: Explic\u00f3 que este incremento del apresto operativo forma parte de un plan maestro que abarca los puertos de La Guaira, Guanta, El Guamache, Maracaibo y La Ceiba.<\/p><p>\u00abEstamos garantizando la optimizaci\u00f3n de los recursos bajo las directrices de la Presidenta (E) Delcy Rodr\u00edguez, apoy\u00e1ndonos en lo que denominamos la \u2018fuerza viva trabajadora\u2019, quienes son el motor de estos logros\u00bb, afirm\u00f3.<\/p><p>Para concluir el despliegue, la autoridad ministerial se traslad\u00f3 a las instalaciones de Diques y Astilleros Nacionales C.A. (DIANCA). En este punto, el ministro puso de relieve el hito hist\u00f3rico que representa la gesti\u00f3n actual, encabezada por la primera mujer en presidir la instituci\u00f3n.<\/p><p>Coronado enfatiz\u00f3 que la clave del \u00e9xito en DIANCA reside en su talento humano. Inst\u00f3 a las autoridades a guiar con determinaci\u00f3n al personal t\u00e9cnico, a quienes calific\u00f3 como profesionales poseedores de una \u00abvasta experiencia\u00bb necesaria para la tarea tit\u00e1nica de potenciar la industria naval venezolana.<\/p><p>Esta serie de visitas t\u00e9cnicas ratifica la pol\u00edtica de contacto directo impulsada por el ministro de Transporte. M\u00e1s all\u00e1 de las cifras de carga o el mantenimiento de infraestructuras, el foco de la gesti\u00f3n se mantiene en el respaldo al talento humano, considerado el activo m\u00e1s valioso para asegurar una gesti\u00f3n p\u00fablica fruct\u00edfera y un crecimiento sostenido del sector mar\u00edtimo nacional.<\/p>\t\t\t\t\t\t<\/div>\n\t\t\t\t<\/div>\n\t\t\t\t\t<\/div>\n\t\t<\/div>\n\t\t\t\t\t\t\t<\/div>\n\t\t<\/section>\n\t\t\t\t<section class=\"elementor-section elementor-top-section elementor-element elementor-element-e46e0d5 elementor-section-boxed elementor-section-height-default elementor-section-height-default\" data-id=\"e46e0d5\" data-element_type=\"section\">\n\t\t\t\t\t\t<div class=\"elementor-container elementor-column-gap-default\">\n\t\t\t\t\t<div class=\"elementor-column elementor-col-100 elementor-top-column elementor-element elementor-element-b20a44a\" data-id=\"b20a44a\" data-element_type=\"column\">\n\t\t\t<div class=\"elementor-widget-wrap elementor-element-populated\">\n\t\t\t\t\t\t\t\t<div class=\"elementor-element elementor-element-eaeaa9b elementor-arrows-position-inside elementor-pagination-position-outside elementor-widget elementor-widget-image-carousel\" data-id=\"eaeaa9b\" data-element_type=\"widget\" data-settings=\"{&quot;navigation&quot;:&quot;both&quot;,&quot;autoplay&quot;:&quot;yes&quot;,&quot;pause_on_hover&quot;:&quot;yes&quot;,&quot;pause_on_interaction&quot;:&quot;yes&quot;,&quot;autoplay_speed&quot;:5000,&quot;infinite&quot;:&quot;yes&quot;,&quot;speed&quot;:500}\" data-widget_type=\"image-carousel.default\">\n\t\t\t\t<div class=\"elementor-widget-container\">\n\t\t\t\t\t<div class=\"elementor-image-carousel-wrapper swiper-container\" dir=\"ltr\">\n\t\t\t<div class=\"elementor-image-carousel swiper-wrapper\">\n\t\t\t\t\t\t\t\t<div class=\"swiper-slide\"><figure class=\"swiper-slide-inner\"><img class=\"swiper-slide-image\" src=\"https:\/\/www.bolipuertos.gob.ve\/wp-content\/uploads\/2026\/03\/photo_2026-03-12_10-42-53.jpg\" alt=\"photo_2026-03-12_10-42-53\" \/><\/figure><\/div><div class=\"swiper-slide\"><figure class=\"swiper-slide-inner\"><img class=\"swiper-slide-image\" src=\"https:\/\/www.bolipuertos.gob.ve\/wp-content\/uploads\/2026\/03\/photo_2026-03-12_10-38-26.jpg\" alt=\"photo_2026-03-12_10-38-26\" \/><\/figure><\/div><div class=\"swiper-slide\"><figure class=\"swiper-slide-inner\"><img class=\"swiper-slide-image\" src=\"https:\/\/www.bolipuertos.gob.ve\/wp-content\/uploads\/2026\/03\/photo_2026-03-12_10-38-31.jpg\" alt=\"photo_2026-03-12_10-38-31\" \/><\/figure><\/div><div class=\"swiper-slide\"><figure class=\"swiper-slide-inner\"><img class=\"swiper-slide-image\" src=\"https:\/\/www.bolipuertos.gob.ve\/wp-content\/uploads\/2026\/03\/photo_2026-03-12_10-38-35.jpg\" alt=\"photo_2026-03-12_10-38-35\" \/><\/figure><\/div><div class=\"swiper-slide\"><figure class=\"swiper-slide-inner\"><img class=\"swiper-slide-image\" src=\"https:\/\/www.bolipuertos.gob.ve\/wp-content\/uploads\/2026\/03\/photo_2026-03-12_10-38-47.jpg\" alt=\"photo_2026-03-12_10-38-47\" \/><\/figure><\/div><div class=\"swiper-slide\"><figure class=\"swiper-slide-inner\"><img class=\"swiper-slide-image\" src=\"https:\/\/www.bolipuertos.gob.ve\/wp-content\/uploads\/2026\/03\/photo_2026-03-12_10-38-54.jpg\" alt=\"photo_2026-03-12_10-38-54\" \/><\/figure><\/div><div class=\"swiper-slide\"><figure class=\"swiper-slide-inner\"><img class=\"swiper-slide-image\" src=\"https:\/\/www.bolipuertos.gob.ve\/wp-content\/uploads\/2026\/03\/photo_2026-03-12_10-39-31.jpg\" alt=\"photo_2026-03-12_10-39-31\" \/><\/figure><\/div><div class=\"swiper-slide\"><figure class=\"swiper-slide-inner\"><img class=\"swiper-slide-image\" src=\"https:\/\/www.bolipuertos.gob.ve\/wp-content\/uploads\/2026\/03\/photo_2026-03-12_10-39-53.jpg\" alt=\"photo_2026-03-12_10-39-53\" \/><\/figure><\/div><div class=\"swiper-slide\"><figure class=\"swiper-slide-inner\"><img class=\"swiper-slide-image\" src=\"https:\/\/www.bolipuertos.gob.ve\/wp-content\/uploads\/2026\/03\/photo_2026-03-12_10-41-20.jpg\" alt=\"photo_2026-03-12_10-41-20\" \/><\/figure><\/div><div class=\"swiper-slide\"><figure class=\"swiper-slide-inner\"><img class=\"swiper-slide-image\" src=\"https:\/\/www.bolipuertos.gob.ve\/wp-content\/uploads\/2026\/03\/photo_2026-03-12_10-41-34.jpg\" alt=\"photo_2026-03-12_10-41-34\" \/><\/figure><\/div><div class=\"swiper-slide\"><figure class=\"swiper-slide-inner\"><img class=\"swiper-slide-image\" src=\"https:\/\/www.bolipuertos.gob.ve\/wp-content\/uploads\/2026\/03\/photo_2026-03-12_10-42-12.jpg\" alt=\"photo_2026-03-12_10-42-12\" \/><\/figure><\/div><div class=\"swiper-slide\"><figure class=\"swiper-slide-inner\"><img class=\"swiper-slide-image\" src=\"https:\/\/www.bolipuertos.gob.ve\/wp-content\/uploads\/2026\/03\/photo_2026-03-12_10-42-36.jpg\" alt=\"photo_2026-03-12_10-42-36\" \/><\/figure><\/div><div class=\"swiper-slide\"><figure class=\"swiper-slide-inner\"><img class=\"swiper-slide-image\" src=\"https:\/\/www.bolipuertos.gob.ve\/wp-content\/uploads\/2026\/03\/photo_2026-03-12_10-42-42.jpg\" alt=\"photo_2026-03-12_10-42-42\" \/><\/figure><\/div><div class=\"swiper-slide\"><figure class=\"swiper-slide-inner\"><img class=\"swiper-slide-image\" src=\"https:\/\/www.bolipuertos.gob.ve\/wp-content\/uploads\/2026\/03\/photo_2026-03-12_10-42-46.jpg\" alt=\"photo_2026-03-12_10-42-46\" \/><\/figure><\/div><div class=\"swiper-slide\"><figure class=\"swiper-slide-inner\"><img class=\"swiper-slide-image\" src=\"https:\/\/www.bolipuertos.gob.ve\/wp-content\/uploads\/2026\/03\/photo_2026-03-12_10-42-51.jpg\" alt=\"photo_2026-03-12_10-42-51\" \/><\/figure><\/div>\t\t\t<\/div>\n\t\t\t\t\t\t\t\t\t\t\t\t<div class=\"swiper-pagination\"><\/div>\n\t\t\t\t\t\t\t\t\t\t\t\t\t<div class=\"elementor-swiper-button elementor-swiper-button-prev\">\n\t\t\t\t\t\t<i aria-hidden=\"true\" class=\"eicon-chevron-left\"><\/i>\t\t\t\t\t\t<span class=\"elementor-screen-only\">Anterior<\/span>\n\t\t\t\t\t<\/div>\n\t\t\t\t\t<div class=\"elementor-swiper-button elementor-swiper-button-next\">\n\t\t\t\t\t\t<i aria-hidden=\"true\" class=\"eicon-chevron-right\"><\/i>\t\t\t\t\t\t<span class=\"elementor-screen-only\">Siguiente<\/span>\n\t\t\t\t\t<\/div>\n\t\t\t\t\t\t\t\t\t<\/div>\n\t\t\t\t<\/div>\n\t\t\t\t<\/div>\n\t\t\t\t\t<\/div>\n\t\t<\/div>\n\t\t\t\t\t\t\t<\/div>\n\t\t<\/section>\n\t\t\t\t<section class=\"elementor-section elementor-top-section elementor-element elementor-element-27d88ca elementor-section-boxed elementor-section-height-default elementor-section-height-default\" data-id=\"27d88ca\" data-element_type=\"section\">\n\t\t\t\t\t\t<div class=\"elementor-container elementor-column-gap-default\">\n\t\t\t\t\t<div class=\"elementor-column elementor-col-100 elementor-top-column elementor-element elementor-element-0f0f27a\" data-id=\"0f0f27a\" data-element_type=\"column\">\n\t\t\t<div class=\"elementor-widget-wrap elementor-element-populated\">\n\t\t\t\t\t\t\t\t<div class=\"elementor-element elementor-element-b8d77c9 elementor-widget elementor-widget-text-editor\" data-id=\"b8d77c9\" data-element_type=\"widget\" data-widget_type=\"text-editor.default\">\n\t\t\t\t<div class=\"elementor-widget-container\">\n\t\t\t\t\t\t\t<p><strong>Prensa MPPT<\/strong><\/p>\t\t\t\t\t\t<\/div>\n\t\t\t\t<\/div>\n\t\t\t\t\t<\/div>\n\t\t<\/div>\n\t\t\t\t\t\t\t<\/div>\n\t\t<\/section>\n\t\t\t\t\t\t\t<\/div>\n\t\t","protected":false},"excerpt":{"rendered":"<p>En el marco de una rigurosa agenda de seguimiento y control, el ministro del Poder Popular para el Transporte, VA. An\u00edbal Coronado Mill\u00e1n, encabez\u00f3 una jornada de inspecci\u00f3n t\u00e9cnica en las principales infraestructuras mar\u00edtimas del estado Carabobo. El recorrido tuvo como objetivo principal verificar de primera mano los niveles de operatividad, optimizar los procesos log\u00edsticos y estrechar el v\u00ednculo con la fuerza laboral que dinamiza el sector.<\/p>\n","protected":false},"author":24,"featured_media":32808,"comment_status":"closed","ping_status":"closed","sticky":false,"template":"","format":"standard","meta":[],"categories":[4],"tags":[],"yoast_head":"<!-- This site is optimized with the Yoast SEO plugin v17.6 - https:\/\/yoast.com\/wordpress\/plugins\/seo\/ -->\n<title>Ministro de Transporte fortalece la eficiencia multimodal con despliegue de supervisi\u00f3n en el estado Carabobo &middot; Bolipuertos S.A.<\/title>\n<meta name=\"description\" content=\"Bolipuertos S.A\" \/>\n<meta name=\"robots\" content=\"index, follow, max-snippet:-1, max-image-preview:large, max-video-preview:-1\" \/>\n<link rel=\"canonical\" href=\"https:\/\/www.bolipuertos.gob.ve\/?p=32807\" \/>\n<meta property=\"og:locale\" content=\"es_ES\" \/>\n<meta property=\"og:type\" content=\"article\" \/>\n<meta property=\"og:title\" content=\"Ministro de Transporte fortalece la eficiencia multimodal con despliegue de supervisi\u00f3n en el estado Carabobo &middot; Bolipuertos S.A.\" \/>\n<meta property=\"og:description\" content=\"Bolipuertos S.A\" \/>\n<meta property=\"og:url\" content=\"https:\/\/www.bolipuertos.gob.ve\/?p=32807\" \/>\n<meta property=\"og:site_name\" content=\"Bolipuertos S.A.\" \/>\n<meta property=\"article:publisher\" content=\"https:\/\/www.facebook.com\/bolipuertos.puertos\" \/>\n<meta property=\"article:published_time\" content=\"2026-03-12T14:38:00+00:00\" \/>\n<meta property=\"article:modified_time\" content=\"2026-03-13T14:52:41+00:00\" \/>\n<meta property=\"og:image\" content=\"https:\/\/www.bolipuertos.gob.ve\/wp-content\/uploads\/2026\/03\/IMG_7394.jpg\" \/>\n\t<meta property=\"og:image:width\" content=\"1920\" \/>\n\t<meta property=\"og:image:height\" content=\"1080\" \/>\n<meta name=\"twitter:card\" content=\"summary_large_image\" \/>\n<meta name=\"twitter:label1\" content=\"Escrito por\" \/>\n\t<meta name=\"twitter:data1\" content=\"Patricia Abreu\" \/>\n\t<meta name=\"twitter:label2\" content=\"Tiempo de lectura\" \/>\n\t<meta name=\"twitter:data2\" content=\"6 minutos\" \/>\n<script type=\"application\/ld+json\" class=\"yoast-schema-graph\">{\"@context\":\"https:\/\/schema.org\",\"@graph\":[{\"@type\":\"Organization\",\"@id\":\"https:\/\/www.bolipuertos.gob.ve\/#organization\",\"name\":\"bolipuertos\",\"url\":\"https:\/\/www.bolipuertos.gob.ve\/\",\"sameAs\":[\"https:\/\/www.facebook.com\/bolipuertos.puertos\",\"https:\/\/www.instagram.com\/bolipuertosgob\/\",\"https:\/\/www.youtube.com\/channel\/UCSev7gH4fp-5HWWOjZANLoQ\"],\"logo\":{\"@type\":\"ImageObject\",\"@id\":\"https:\/\/www.bolipuertos.gob.ve\/#logo\",\"inLanguage\":\"es\",\"url\":\"https:\/\/www.bolipuertos.gob.ve\/wp-content\/uploads\/2021\/10\/logo_bolipuertos.png\",\"contentUrl\":\"https:\/\/www.bolipuertos.gob.ve\/wp-content\/uploads\/2021\/10\/logo_bolipuertos.png\",\"width\":220,\"height\":150,\"caption\":\"bolipuertos\"},\"image\":{\"@id\":\"https:\/\/www.bolipuertos.gob.ve\/#logo\"}},{\"@type\":\"WebSite\",\"@id\":\"https:\/\/www.bolipuertos.gob.ve\/#website\",\"url\":\"https:\/\/www.bolipuertos.gob.ve\/\",\"name\":\"Bolipuertos S.A.\",\"description\":\"Bolipuertos S.A.\",\"publisher\":{\"@id\":\"https:\/\/www.bolipuertos.gob.ve\/#organization\"},\"potentialAction\":[{\"@type\":\"SearchAction\",\"target\":{\"@type\":\"EntryPoint\",\"urlTemplate\":\"https:\/\/www.bolipuertos.gob.ve\/?s={search_term_string}\"},\"query-input\":\"required name=search_term_string\"}],\"inLanguage\":\"es\"},{\"@type\":\"ImageObject\",\"@id\":\"https:\/\/www.bolipuertos.gob.ve\/?p=32807#primaryimage\",\"inLanguage\":\"es\",\"url\":\"https:\/\/www.bolipuertos.gob.ve\/wp-content\/uploads\/2026\/03\/IMG_7394.jpg\",\"contentUrl\":\"https:\/\/www.bolipuertos.gob.ve\/wp-content\/uploads\/2026\/03\/IMG_7394.jpg\",\"width\":1920,\"height\":1080},{\"@type\":\"WebPage\",\"@id\":\"https:\/\/www.bolipuertos.gob.ve\/?p=32807#webpage\",\"url\":\"https:\/\/www.bolipuertos.gob.ve\/?p=32807\",\"name\":\"Ministro de Transporte fortalece la eficiencia multimodal con despliegue de supervisi\\u00f3n en el estado Carabobo &middot; Bolipuertos S.A.\",\"isPartOf\":{\"@id\":\"https:\/\/www.bolipuertos.gob.ve\/#website\"},\"primaryImageOfPage\":{\"@id\":\"https:\/\/www.bolipuertos.gob.ve\/?p=32807#primaryimage\"},\"datePublished\":\"2026-03-12T14:38:00+00:00\",\"dateModified\":\"2026-03-13T14:52:41+00:00\",\"description\":\"Bolipuertos S.A\",\"breadcrumb\":{\"@id\":\"https:\/\/www.bolipuertos.gob.ve\/?p=32807#breadcrumb\"},\"inLanguage\":\"es\",\"potentialAction\":[{\"@type\":\"ReadAction\",\"target\":[\"https:\/\/www.bolipuertos.gob.ve\/?p=32807\"]}]},{\"@type\":\"BreadcrumbList\",\"@id\":\"https:\/\/www.bolipuertos.gob.ve\/?p=32807#breadcrumb\",\"itemListElement\":[{\"@type\":\"ListItem\",\"position\":1,\"name\":\"Portada\",\"item\":\"https:\/\/www.bolipuertos.gob.ve\/\"},{\"@type\":\"ListItem\",\"position\":2,\"name\":\"Ministro de Transporte fortalece la eficiencia multimodal con despliegue de supervisi\\u00f3n en el estado Carabobo\"}]},{\"@type\":\"Article\",\"@id\":\"https:\/\/www.bolipuertos.gob.ve\/?p=32807#article\",\"isPartOf\":{\"@id\":\"https:\/\/www.bolipuertos.gob.ve\/?p=32807#webpage\"},\"author\":{\"@id\":\"https:\/\/www.bolipuertos.gob.ve\/#\/schema\/person\/ec6319629893bbb33973dae4c9ad6dba\"},\"headline\":\"Ministro de Transporte fortalece la eficiencia multimodal con despliegue de supervisi\\u00f3n en el estado Carabobo\",\"datePublished\":\"2026-03-12T14:38:00+00:00\",\"dateModified\":\"2026-03-13T14:52:41+00:00\",\"mainEntityOfPage\":{\"@id\":\"https:\/\/www.bolipuertos.gob.ve\/?p=32807#webpage\"},\"wordCount\":429,\"publisher\":{\"@id\":\"https:\/\/www.bolipuertos.gob.ve\/#organization\"},\"image\":{\"@id\":\"https:\/\/www.bolipuertos.gob.ve\/?p=32807#primaryimage\"},\"thumbnailUrl\":\"https:\/\/www.bolipuertos.gob.ve\/wp-content\/uploads\/2026\/03\/IMG_7394.jpg\",\"articleSection\":[\"Noticias Gobierno Bolivariano\"],\"inLanguage\":\"es\"},{\"@type\":\"Person\",\"@id\":\"https:\/\/www.bolipuertos.gob.ve\/#\/schema\/person\/ec6319629893bbb33973dae4c9ad6dba\",\"name\":\"Patricia Abreu\",\"image\":{\"@type\":\"ImageObject\",\"@id\":\"https:\/\/www.bolipuertos.gob.ve\/#personlogo\",\"inLanguage\":\"es\",\"url\":\"https:\/\/secure.gravatar.com\/avatar\/72b9fbf8eb83b9b4ccc906a386bce3de?s=96&d=mm&r=g\",\"contentUrl\":\"https:\/\/secure.gravatar.com\/avatar\/72b9fbf8eb83b9b4ccc906a386bce3de?s=96&d=mm&r=g\",\"caption\":\"Patricia Abreu\"},\"url\":\"https:\/\/www.bolipuertos.gob.ve\/?author=24\"}]}<\/script>\n<!-- \/ Yoast SEO plugin. -->","yoast_head_json":{"title":"Ministro de Transporte fortalece la eficiencia multimodal con despliegue de supervisi\u00f3n en el estado Carabobo &middot; Bolipuertos S.A.","description":"Bolipuertos S.A","robots":{"index":"index","follow":"follow","max-snippet":"max-snippet:-1","max-image-preview":"max-image-preview:large","max-video-preview":"max-video-preview:-1"},"canonical":"https:\/\/www.bolipuertos.gob.ve\/?p=32807","og_locale":"es_ES","og_type":"article","og_title":"Ministro de Transporte fortalece la eficiencia multimodal con despliegue de supervisi\u00f3n en el estado Carabobo &middot; Bolipuertos S.A.","og_description":"Bolipuertos S.A","og_url":"https:\/\/www.bolipuertos.gob.ve\/?p=32807","og_site_name":"Bolipuertos S.A.","article_publisher":"https:\/\/www.facebook.com\/bolipuertos.puertos","article_published_time":"2026-03-12T14:38:00+00:00","article_modified_time":"2026-03-13T14:52:41+00:00","og_image":[{"width":1920,"height":1080,"url":"https:\/\/www.bolipuertos.gob.ve\/wp-content\/uploads\/2026\/03\/IMG_7394.jpg","type":"image\/jpeg"}],"twitter_card":"summary_large_image","twitter_misc":{"Escrito por":"Patricia Abreu","Tiempo de lectura":"6 minutos"},"schema":{"@context":"https:\/\/schema.org","@graph":[{"@type":"Organization","@id":"https:\/\/www.bolipuertos.gob.ve\/#organization","name":"bolipuertos","url":"https:\/\/www.bolipuertos.gob.ve\/","sameAs":["https:\/\/www.facebook.com\/bolipuertos.puertos","https:\/\/www.instagram.com\/bolipuertosgob\/","https:\/\/www.youtube.com\/channel\/UCSev7gH4fp-5HWWOjZANLoQ"],"logo":{"@type":"ImageObject","@id":"https:\/\/www.bolipuertos.gob.ve\/#logo","inLanguage":"es","url":"https:\/\/www.bolipuertos.gob.ve\/wp-content\/uploads\/2021\/10\/logo_bolipuertos.png","contentUrl":"https:\/\/www.bolipuertos.gob.ve\/wp-content\/uploads\/2021\/10\/logo_bolipuertos.png","width":220,"height":150,"caption":"bolipuertos"},"image":{"@id":"https:\/\/www.bolipuertos.gob.ve\/#logo"}},{"@type":"WebSite","@id":"https:\/\/www.bolipuertos.gob.ve\/#website","url":"https:\/\/www.bolipuertos.gob.ve\/","name":"Bolipuertos S.A.","description":"Bolipuertos S.A.","publisher":{"@id":"https:\/\/www.bolipuertos.gob.ve\/#organization"},"potentialAction":[{"@type":"SearchAction","target":{"@type":"EntryPoint","urlTemplate":"https:\/\/www.bolipuertos.gob.ve\/?s={search_term_string}"},"query-input":"required name=search_term_string"}],"inLanguage":"es"},{"@type":"ImageObject","@id":"https:\/\/www.bolipuertos.gob.ve\/?p=32807#primaryimage","inLanguage":"es","url":"https:\/\/www.bolipuertos.gob.ve\/wp-content\/uploads\/2026\/03\/IMG_7394.jpg","contentUrl":"https:\/\/www.bolipuertos.gob.ve\/wp-content\/uploads\/2026\/03\/IMG_7394.jpg","width":1920,"height":1080},{"@type":"WebPage","@id":"https:\/\/www.bolipuertos.gob.ve\/?p=32807#webpage","url":"https:\/\/www.bolipuertos.gob.ve\/?p=32807","name":"Ministro de Transporte fortalece la eficiencia multimodal con despliegue de supervisi\u00f3n en el estado Carabobo &middot; Bolipuertos S.A.","isPartOf":{"@id":"https:\/\/www.bolipuertos.gob.ve\/#website"},"primaryImageOfPage":{"@id":"https:\/\/www.bolipuertos.gob.ve\/?p=32807#primaryimage"},"datePublished":"2026-03-12T14:38:00+00:00","dateModified":"2026-03-13T14:52:41+00:00","description":"Bolipuertos S.A","breadcrumb":{"@id":"https:\/\/www.bolipuertos.gob.ve\/?p=32807#breadcrumb"},"inLanguage":"es","potentialAction":[{"@type":"ReadAction","target":["https:\/\/www.bolipuertos.gob.ve\/?p=32807"]}]},{"@type":"BreadcrumbList","@id":"https:\/\/www.bolipuertos.gob.ve\/?p=32807#breadcrumb","itemListElement":[{"@type":"ListItem","position":1,"name":"Portada","item":"https:\/\/www.bolipuertos.gob.ve\/"},{"@type":"ListItem","position":2,"name":"Ministro de Transporte fortalece la eficiencia multimodal con despliegue de supervisi\u00f3n en el estado Carabobo"}]},{"@type":"Article","@id":"https:\/\/www.bolipuertos.gob.ve\/?p=32807#article","isPartOf":{"@id":"https:\/\/www.bolipuertos.gob.ve\/?p=32807#webpage"},"author":{"@id":"https:\/\/www.bolipuertos.gob.ve\/#\/schema\/person\/ec6319629893bbb33973dae4c9ad6dba"},"headline":"Ministro de Transporte fortalece la eficiencia multimodal con despliegue de supervisi\u00f3n en el estado Carabobo","datePublished":"2026-03-12T14:38:00+00:00","dateModified":"2026-03-13T14:52:41+00:00","mainEntityOfPage":{"@id":"https:\/\/www.bolipuertos.gob.ve\/?p=32807#webpage"},"wordCount":429,"publisher":{"@id":"https:\/\/www.bolipuertos.gob.ve\/#organization"},"image":{"@id":"https:\/\/www.bolipuertos.gob.ve\/?p=32807#primaryimage"},"thumbnailUrl":"https:\/\/www.bolipuertos.gob.ve\/wp-content\/uploads\/2026\/03\/IMG_7394.jpg","articleSection":["Noticias Gobierno Bolivariano"],"inLanguage":"es"},{"@type":"Person","@id":"https:\/\/www.bolipuertos.gob.ve\/#\/schema\/person\/ec6319629893bbb33973dae4c9ad6dba","name":"Patricia Abreu","image":{"@type":"ImageObject","@id":"https:\/\/www.bolipuertos.gob.ve\/#personlogo","inLanguage":"es","url":"https:\/\/secure.gravatar.com\/avatar\/72b9fbf8eb83b9b4ccc906a386bce3de?s=96&d=mm&r=g","contentUrl":"https:\/\/secure.gravatar.com\/avatar\/72b9fbf8eb83b9b4ccc906a386bce3de?s=96&d=mm&r=g","caption":"Patricia Abreu"},"url":"https:\/\/www.bolipuertos.gob.ve\/?author=24"}]}},"_links":{"self":[{"href":"https:\/\/www.bolipuertos.gob.ve\/index.php?rest_route=\/wp\/v2\/posts\/32807"}],"collection":[{"href":"https:\/\/www.bolipuertos.gob.ve\/index.php?rest_route=\/wp\/v2\/posts"}],"about":[{"href":"https:\/\/www.bolipuertos.gob.ve\/index.php?rest_route=\/wp\/v2\/types\/post"}],"author":[{"embeddable":true,"href":"https:\/\/www.bolipuertos.gob.ve\/index.php?rest_route=\/wp\/v2\/users\/24"}],"replies":[{"embeddable":true,"href":"https:\/\/www.bolipuertos.gob.ve\/index.php?rest_route=%2Fwp%2Fv2%2Fcomments&post=32807"}],"version-history":[{"count":4,"href":"https:\/\/www.bolipuertos.gob.ve\/index.php?rest_route=\/wp\/v2\/posts\/32807\/revisions"}],"predecessor-version":[{"id":32827,"href":"https:\/\/www.bolipuertos.gob.ve\/index.php?rest_route=\/wp\/v2\/posts\/32807\/revisions\/32827"}],"wp:featuredmedia":[{"embeddable":true,"href":"https:\/\/www.bolipuertos.gob.ve\/index.php?rest_route=\/wp\/v2\/media\/32808"}],"wp:attachment":[{"href":"https:\/\/www.bolipuertos.gob.ve\/index.php?rest_route=%2Fwp%2Fv2%2Fmedia&parent=32807"}],"wp:term":[{"taxonomy":"category","embeddable":true,"href":"https:\/\/www.bolipuertos.gob.ve\/index.php?rest_route=%2Fwp%2Fv2%2Fcategories&post=32807"},{"taxonomy":"post_tag","embeddable":true,"href":"https:\/\/www.bolipuertos.gob.ve\/index.php?rest_route=%2Fwp%2Fv2%2Ftags&post=32807"}],"curies":[{"name":"wp","href":"https:\/\/api.w.org\/{rel}","templated":true}]}}