{"id":33373,"date":"2026-04-29T09:54:14","date_gmt":"2026-04-29T13:54:14","guid":{"rendered":"https:\/\/www.bolipuertos.gob.ve\/?p=33373"},"modified":"2026-04-29T09:55:53","modified_gmt":"2026-04-29T13:55:53","slug":"bajo-el-lema-de-union-y-paz-gran-peregrinacion-nacional-llegara-a-caracas","status":"publish","type":"post","link":"https:\/\/www.bolipuertos.gob.ve\/?p=33373","title":{"rendered":"Bajo el lema de uni\u00f3n y paz: Gran Peregrinaci\u00f3n Nacional llegar\u00e1 a Caracas"},"content":{"rendered":"\t\t<div data-elementor-type=\"wp-post\" data-elementor-id=\"33373\" class=\"elementor elementor-33373\">\n\t\t\t\t\t\t\t\t\t<section class=\"elementor-section elementor-top-section elementor-element elementor-element-83a391c elementor-section-boxed elementor-section-height-default elementor-section-height-default\" data-id=\"83a391c\" data-element_type=\"section\">\n\t\t\t\t\t\t<div class=\"elementor-container elementor-column-gap-default\">\n\t\t\t\t\t<div class=\"elementor-column elementor-col-100 elementor-top-column elementor-element elementor-element-39a73d1\" data-id=\"39a73d1\" data-element_type=\"column\">\n\t\t\t<div class=\"elementor-widget-wrap elementor-element-populated\">\n\t\t\t\t\t\t\t\t<div class=\"elementor-element elementor-element-9da052a elementor-widget elementor-widget-text-editor\" data-id=\"9da052a\" data-element_type=\"widget\" data-widget_type=\"text-editor.default\">\n\t\t\t\t<div class=\"elementor-widget-container\">\n\t\t\t\t\t\t\t<p>En un ambiente de fervor y compromiso patri\u00f3tico, la presidenta encargada de la Rep\u00fablica Bolivariana de Venezuela, Delcy Rodr\u00edguez, destac\u00f3 que la Gran Peregrinaci\u00f3n espiritual que recorre el pa\u00eds ha alcanzado el estado Carabobo, marcando as\u00ed, la etapa definitiva de un trayecto que busca la\u201creanimaci\u00f3n espiritual\u00bb\u00a0de la Naci\u00f3n.<\/p><p>En la misma l\u00ednea, subray\u00f3 que luego que la Gran Peregrinaci\u00f3n Nacional por una\u00a0<strong>\u201cVenezuela sin Sanciones y en Paz\u201d<\/strong>, ha sumado voluntades en cada estado del pa\u00eds; ahora se prepara para su entrada triunfal en la ciudad de Caracas.<\/p><p>\u201cLleg\u00f3 la peregrinaci\u00f3n a Carabobo, nos acercamos a Caracas donde las tres columnas nos vamos a encontrar en una sola Venezuela, la Venezuela que canta, que ora, que camina, que dialoga y se encuentra en la hermandad\u201d, manifest\u00f3 Rodr\u00edguez.<\/p><p>Por otra parte, es relevante detallar que este proceso descrito como una ruta para proteger a la Patria, entra en su fase culminante; luego de completar el recorrido por tierras carabobe\u00f1as, donde cada venezolano avanza con el objetivo de consolidar un mensaje de reconciliaci\u00f3n y fraternidad entre todos los sectores del pa\u00eds.<\/p><p>Este hito simboliza la unificaci\u00f3n de diversos esfuerzos en una sola identidad nacional: la Venezuela que canta, ora y dialoga, como lo subray\u00f3 la Mandataria Encargada; luego de realzar que este es un proceso de reanimaci\u00f3n espiritual para nuestra Patria, en el que el prop\u00f3sito mayor es protegerla.<\/p><p>\u201cTodo este proceso de reanimaci\u00f3n espiritual tambi\u00e9n de nuestra Patria, el fin mayor es proteger a nuestra Patria y a eso los invito yo, vamos a marchar, vamos a peregrinar\u201d, precis\u00f3.<\/p><p>Por tanto, se tiene prevista que la movilizaci\u00f3n arribe a la Gran Caracas, donde se realizar\u00e1 un acto central para celebrar la uni\u00f3n de las columnas y el esp\u00edritu de paz que ha caracterizado todo el trayecto de la Gran Peregrinaci\u00f3n Nacional.<\/p>\t\t\t\t\t\t<\/div>\n\t\t\t\t<\/div>\n\t\t\t\t\t<\/div>\n\t\t<\/div>\n\t\t\t\t\t\t\t<\/div>\n\t\t<\/section>\n\t\t\t\t<section class=\"elementor-section elementor-top-section elementor-element elementor-element-b480e44 elementor-section-boxed elementor-section-height-default elementor-section-height-default\" data-id=\"b480e44\" data-element_type=\"section\">\n\t\t\t\t\t\t<div class=\"elementor-container elementor-column-gap-default\">\n\t\t\t\t\t<div class=\"elementor-column elementor-col-100 elementor-top-column elementor-element elementor-element-56c4259\" data-id=\"56c4259\" data-element_type=\"column\">\n\t\t\t<div class=\"elementor-widget-wrap elementor-element-populated\">\n\t\t\t\t\t\t\t\t<div class=\"elementor-element elementor-element-4b83cff elementor-widget elementor-widget-text-editor\" data-id=\"4b83cff\" data-element_type=\"widget\" data-widget_type=\"text-editor.default\">\n\t\t\t\t<div class=\"elementor-widget-container\">\n\t\t\t\t\t\t\t<p><strong>Fuente: Prensa Presidencial\u00a0<\/strong><\/p>\t\t\t\t\t\t<\/div>\n\t\t\t\t<\/div>\n\t\t\t\t\t<\/div>\n\t\t<\/div>\n\t\t\t\t\t\t\t<\/div>\n\t\t<\/section>\n\t\t\t\t\t\t\t<\/div>\n\t\t","protected":false},"excerpt":{"rendered":"<p>En un ambiente de fervor y compromiso patri\u00f3tico, la presidenta encargada de la Rep\u00fablica Bolivariana de Venezuela, Delcy Rodr\u00edguez, destac\u00f3 que la Gran Peregrinaci\u00f3n espiritual que recorre el pa\u00eds ha alcanzado el estado Carabobo, marcando as\u00ed, la etapa definitiva de un trayecto que busca la \u201creanimaci\u00f3n espiritual\u00bb de la Naci\u00f3n.<\/p>\n","protected":false},"author":24,"featured_media":33374,"comment_status":"closed","ping_status":"closed","sticky":false,"template":"","format":"standard","meta":[],"categories":[4],"tags":[],"yoast_head":"<!-- This site is optimized with the Yoast SEO plugin v17.6 - https:\/\/yoast.com\/wordpress\/plugins\/seo\/ -->\n<title>Bajo el lema de uni\u00f3n y paz: Gran Peregrinaci\u00f3n Nacional llegar\u00e1 a Caracas &middot; Bolipuertos S.A.<\/title>\n<meta name=\"description\" content=\"Bolipuertos S.A\" \/>\n<meta name=\"robots\" content=\"index, follow, max-snippet:-1, max-image-preview:large, max-video-preview:-1\" \/>\n<link rel=\"canonical\" href=\"https:\/\/www.bolipuertos.gob.ve\/?p=33373\" \/>\n<meta property=\"og:locale\" content=\"es_ES\" \/>\n<meta property=\"og:type\" content=\"article\" \/>\n<meta property=\"og:title\" content=\"Bajo el lema de uni\u00f3n y paz: Gran Peregrinaci\u00f3n Nacional llegar\u00e1 a Caracas &middot; Bolipuertos S.A.\" \/>\n<meta property=\"og:description\" content=\"Bolipuertos S.A\" \/>\n<meta property=\"og:url\" content=\"https:\/\/www.bolipuertos.gob.ve\/?p=33373\" \/>\n<meta property=\"og:site_name\" content=\"Bolipuertos S.A.\" \/>\n<meta property=\"article:publisher\" content=\"https:\/\/www.facebook.com\/bolipuertos.puertos\" \/>\n<meta property=\"article:published_time\" content=\"2026-04-29T13:54:14+00:00\" \/>\n<meta property=\"article:modified_time\" content=\"2026-04-29T13:55:53+00:00\" \/>\n<meta property=\"og:image\" content=\"https:\/\/www.bolipuertos.gob.ve\/wp-content\/uploads\/2026\/04\/photo_5157088432449326014_w.jpg\" \/>\n\t<meta property=\"og:image:width\" content=\"2560\" \/>\n\t<meta property=\"og:image:height\" content=\"2048\" \/>\n<meta name=\"twitter:card\" content=\"summary_large_image\" \/>\n<meta name=\"twitter:label1\" content=\"Escrito por\" \/>\n\t<meta name=\"twitter:data1\" content=\"Patricia Abreu\" \/>\n\t<meta name=\"twitter:label2\" content=\"Tiempo de lectura\" \/>\n\t<meta name=\"twitter:data2\" content=\"2 minutos\" \/>\n<script type=\"application\/ld+json\" class=\"yoast-schema-graph\">{\"@context\":\"https:\/\/schema.org\",\"@graph\":[{\"@type\":\"Organization\",\"@id\":\"https:\/\/www.bolipuertos.gob.ve\/#organization\",\"name\":\"bolipuertos\",\"url\":\"https:\/\/www.bolipuertos.gob.ve\/\",\"sameAs\":[\"https:\/\/www.facebook.com\/bolipuertos.puertos\",\"https:\/\/www.instagram.com\/bolipuertosgob\/\",\"https:\/\/www.youtube.com\/channel\/UCSev7gH4fp-5HWWOjZANLoQ\"],\"logo\":{\"@type\":\"ImageObject\",\"@id\":\"https:\/\/www.bolipuertos.gob.ve\/#logo\",\"inLanguage\":\"es\",\"url\":\"https:\/\/www.bolipuertos.gob.ve\/wp-content\/uploads\/2021\/10\/logo_bolipuertos.png\",\"contentUrl\":\"https:\/\/www.bolipuertos.gob.ve\/wp-content\/uploads\/2021\/10\/logo_bolipuertos.png\",\"width\":220,\"height\":150,\"caption\":\"bolipuertos\"},\"image\":{\"@id\":\"https:\/\/www.bolipuertos.gob.ve\/#logo\"}},{\"@type\":\"WebSite\",\"@id\":\"https:\/\/www.bolipuertos.gob.ve\/#website\",\"url\":\"https:\/\/www.bolipuertos.gob.ve\/\",\"name\":\"Bolipuertos S.A.\",\"description\":\"Bolipuertos S.A.\",\"publisher\":{\"@id\":\"https:\/\/www.bolipuertos.gob.ve\/#organization\"},\"potentialAction\":[{\"@type\":\"SearchAction\",\"target\":{\"@type\":\"EntryPoint\",\"urlTemplate\":\"https:\/\/www.bolipuertos.gob.ve\/?s={search_term_string}\"},\"query-input\":\"required name=search_term_string\"}],\"inLanguage\":\"es\"},{\"@type\":\"ImageObject\",\"@id\":\"https:\/\/www.bolipuertos.gob.ve\/?p=33373#primaryimage\",\"inLanguage\":\"es\",\"url\":\"https:\/\/www.bolipuertos.gob.ve\/wp-content\/uploads\/2026\/04\/photo_5157088432449326014_w.jpg\",\"contentUrl\":\"https:\/\/www.bolipuertos.gob.ve\/wp-content\/uploads\/2026\/04\/photo_5157088432449326014_w.jpg\",\"width\":2560,\"height\":2048},{\"@type\":\"WebPage\",\"@id\":\"https:\/\/www.bolipuertos.gob.ve\/?p=33373#webpage\",\"url\":\"https:\/\/www.bolipuertos.gob.ve\/?p=33373\",\"name\":\"Bajo el lema de uni\\u00f3n y paz: Gran Peregrinaci\\u00f3n Nacional llegar\\u00e1 a Caracas &middot; Bolipuertos S.A.\",\"isPartOf\":{\"@id\":\"https:\/\/www.bolipuertos.gob.ve\/#website\"},\"primaryImageOfPage\":{\"@id\":\"https:\/\/www.bolipuertos.gob.ve\/?p=33373#primaryimage\"},\"datePublished\":\"2026-04-29T13:54:14+00:00\",\"dateModified\":\"2026-04-29T13:55:53+00:00\",\"description\":\"Bolipuertos S.A\",\"breadcrumb\":{\"@id\":\"https:\/\/www.bolipuertos.gob.ve\/?p=33373#breadcrumb\"},\"inLanguage\":\"es\",\"potentialAction\":[{\"@type\":\"ReadAction\",\"target\":[\"https:\/\/www.bolipuertos.gob.ve\/?p=33373\"]}]},{\"@type\":\"BreadcrumbList\",\"@id\":\"https:\/\/www.bolipuertos.gob.ve\/?p=33373#breadcrumb\",\"itemListElement\":[{\"@type\":\"ListItem\",\"position\":1,\"name\":\"Portada\",\"item\":\"https:\/\/www.bolipuertos.gob.ve\/\"},{\"@type\":\"ListItem\",\"position\":2,\"name\":\"Bajo el lema de uni\\u00f3n y paz: Gran Peregrinaci\\u00f3n Nacional llegar\\u00e1 a Caracas\"}]},{\"@type\":\"Article\",\"@id\":\"https:\/\/www.bolipuertos.gob.ve\/?p=33373#article\",\"isPartOf\":{\"@id\":\"https:\/\/www.bolipuertos.gob.ve\/?p=33373#webpage\"},\"author\":{\"@id\":\"https:\/\/www.bolipuertos.gob.ve\/#\/schema\/person\/ec6319629893bbb33973dae4c9ad6dba\"},\"headline\":\"Bajo el lema de uni\\u00f3n y paz: Gran Peregrinaci\\u00f3n Nacional llegar\\u00e1 a Caracas\",\"datePublished\":\"2026-04-29T13:54:14+00:00\",\"dateModified\":\"2026-04-29T13:55:53+00:00\",\"mainEntityOfPage\":{\"@id\":\"https:\/\/www.bolipuertos.gob.ve\/?p=33373#webpage\"},\"wordCount\":344,\"publisher\":{\"@id\":\"https:\/\/www.bolipuertos.gob.ve\/#organization\"},\"image\":{\"@id\":\"https:\/\/www.bolipuertos.gob.ve\/?p=33373#primaryimage\"},\"thumbnailUrl\":\"https:\/\/www.bolipuertos.gob.ve\/wp-content\/uploads\/2026\/04\/photo_5157088432449326014_w.jpg\",\"articleSection\":[\"Noticias Gobierno Bolivariano\"],\"inLanguage\":\"es\"},{\"@type\":\"Person\",\"@id\":\"https:\/\/www.bolipuertos.gob.ve\/#\/schema\/person\/ec6319629893bbb33973dae4c9ad6dba\",\"name\":\"Patricia Abreu\",\"image\":{\"@type\":\"ImageObject\",\"@id\":\"https:\/\/www.bolipuertos.gob.ve\/#personlogo\",\"inLanguage\":\"es\",\"url\":\"https:\/\/secure.gravatar.com\/avatar\/72b9fbf8eb83b9b4ccc906a386bce3de?s=96&d=mm&r=g\",\"contentUrl\":\"https:\/\/secure.gravatar.com\/avatar\/72b9fbf8eb83b9b4ccc906a386bce3de?s=96&d=mm&r=g\",\"caption\":\"Patricia Abreu\"},\"url\":\"https:\/\/www.bolipuertos.gob.ve\/?author=24\"}]}<\/script>\n<!-- \/ Yoast SEO plugin. -->","yoast_head_json":{"title":"Bajo el lema de uni\u00f3n y paz: Gran Peregrinaci\u00f3n Nacional llegar\u00e1 a Caracas &middot; Bolipuertos S.A.","description":"Bolipuertos S.A","robots":{"index":"index","follow":"follow","max-snippet":"max-snippet:-1","max-image-preview":"max-image-preview:large","max-video-preview":"max-video-preview:-1"},"canonical":"https:\/\/www.bolipuertos.gob.ve\/?p=33373","og_locale":"es_ES","og_type":"article","og_title":"Bajo el lema de uni\u00f3n y paz: Gran Peregrinaci\u00f3n Nacional llegar\u00e1 a Caracas &middot; Bolipuertos S.A.","og_description":"Bolipuertos S.A","og_url":"https:\/\/www.bolipuertos.gob.ve\/?p=33373","og_site_name":"Bolipuertos S.A.","article_publisher":"https:\/\/www.facebook.com\/bolipuertos.puertos","article_published_time":"2026-04-29T13:54:14+00:00","article_modified_time":"2026-04-29T13:55:53+00:00","og_image":[{"width":2560,"height":2048,"url":"https:\/\/www.bolipuertos.gob.ve\/wp-content\/uploads\/2026\/04\/photo_5157088432449326014_w.jpg","type":"image\/jpeg"}],"twitter_card":"summary_large_image","twitter_misc":{"Escrito por":"Patricia Abreu","Tiempo de lectura":"2 minutos"},"schema":{"@context":"https:\/\/schema.org","@graph":[{"@type":"Organization","@id":"https:\/\/www.bolipuertos.gob.ve\/#organization","name":"bolipuertos","url":"https:\/\/www.bolipuertos.gob.ve\/","sameAs":["https:\/\/www.facebook.com\/bolipuertos.puertos","https:\/\/www.instagram.com\/bolipuertosgob\/","https:\/\/www.youtube.com\/channel\/UCSev7gH4fp-5HWWOjZANLoQ"],"logo":{"@type":"ImageObject","@id":"https:\/\/www.bolipuertos.gob.ve\/#logo","inLanguage":"es","url":"https:\/\/www.bolipuertos.gob.ve\/wp-content\/uploads\/2021\/10\/logo_bolipuertos.png","contentUrl":"https:\/\/www.bolipuertos.gob.ve\/wp-content\/uploads\/2021\/10\/logo_bolipuertos.png","width":220,"height":150,"caption":"bolipuertos"},"image":{"@id":"https:\/\/www.bolipuertos.gob.ve\/#logo"}},{"@type":"WebSite","@id":"https:\/\/www.bolipuertos.gob.ve\/#website","url":"https:\/\/www.bolipuertos.gob.ve\/","name":"Bolipuertos S.A.","description":"Bolipuertos S.A.","publisher":{"@id":"https:\/\/www.bolipuertos.gob.ve\/#organization"},"potentialAction":[{"@type":"SearchAction","target":{"@type":"EntryPoint","urlTemplate":"https:\/\/www.bolipuertos.gob.ve\/?s={search_term_string}"},"query-input":"required name=search_term_string"}],"inLanguage":"es"},{"@type":"ImageObject","@id":"https:\/\/www.bolipuertos.gob.ve\/?p=33373#primaryimage","inLanguage":"es","url":"https:\/\/www.bolipuertos.gob.ve\/wp-content\/uploads\/2026\/04\/photo_5157088432449326014_w.jpg","contentUrl":"https:\/\/www.bolipuertos.gob.ve\/wp-content\/uploads\/2026\/04\/photo_5157088432449326014_w.jpg","width":2560,"height":2048},{"@type":"WebPage","@id":"https:\/\/www.bolipuertos.gob.ve\/?p=33373#webpage","url":"https:\/\/www.bolipuertos.gob.ve\/?p=33373","name":"Bajo el lema de uni\u00f3n y paz: Gran Peregrinaci\u00f3n Nacional llegar\u00e1 a Caracas &middot; Bolipuertos S.A.","isPartOf":{"@id":"https:\/\/www.bolipuertos.gob.ve\/#website"},"primaryImageOfPage":{"@id":"https:\/\/www.bolipuertos.gob.ve\/?p=33373#primaryimage"},"datePublished":"2026-04-29T13:54:14+00:00","dateModified":"2026-04-29T13:55:53+00:00","description":"Bolipuertos S.A","breadcrumb":{"@id":"https:\/\/www.bolipuertos.gob.ve\/?p=33373#breadcrumb"},"inLanguage":"es","potentialAction":[{"@type":"ReadAction","target":["https:\/\/www.bolipuertos.gob.ve\/?p=33373"]}]},{"@type":"BreadcrumbList","@id":"https:\/\/www.bolipuertos.gob.ve\/?p=33373#breadcrumb","itemListElement":[{"@type":"ListItem","position":1,"name":"Portada","item":"https:\/\/www.bolipuertos.gob.ve\/"},{"@type":"ListItem","position":2,"name":"Bajo el lema de uni\u00f3n y paz: Gran Peregrinaci\u00f3n Nacional llegar\u00e1 a Caracas"}]},{"@type":"Article","@id":"https:\/\/www.bolipuertos.gob.ve\/?p=33373#article","isPartOf":{"@id":"https:\/\/www.bolipuertos.gob.ve\/?p=33373#webpage"},"author":{"@id":"https:\/\/www.bolipuertos.gob.ve\/#\/schema\/person\/ec6319629893bbb33973dae4c9ad6dba"},"headline":"Bajo el lema de uni\u00f3n y paz: Gran Peregrinaci\u00f3n Nacional llegar\u00e1 a Caracas","datePublished":"2026-04-29T13:54:14+00:00","dateModified":"2026-04-29T13:55:53+00:00","mainEntityOfPage":{"@id":"https:\/\/www.bolipuertos.gob.ve\/?p=33373#webpage"},"wordCount":344,"publisher":{"@id":"https:\/\/www.bolipuertos.gob.ve\/#organization"},"image":{"@id":"https:\/\/www.bolipuertos.gob.ve\/?p=33373#primaryimage"},"thumbnailUrl":"https:\/\/www.bolipuertos.gob.ve\/wp-content\/uploads\/2026\/04\/photo_5157088432449326014_w.jpg","articleSection":["Noticias Gobierno Bolivariano"],"inLanguage":"es"},{"@type":"Person","@id":"https:\/\/www.bolipuertos.gob.ve\/#\/schema\/person\/ec6319629893bbb33973dae4c9ad6dba","name":"Patricia Abreu","image":{"@type":"ImageObject","@id":"https:\/\/www.bolipuertos.gob.ve\/#personlogo","inLanguage":"es","url":"https:\/\/secure.gravatar.com\/avatar\/72b9fbf8eb83b9b4ccc906a386bce3de?s=96&d=mm&r=g","contentUrl":"https:\/\/secure.gravatar.com\/avatar\/72b9fbf8eb83b9b4ccc906a386bce3de?s=96&d=mm&r=g","caption":"Patricia Abreu"},"url":"https:\/\/www.bolipuertos.gob.ve\/?author=24"}]}},"_links":{"self":[{"href":"https:\/\/www.bolipuertos.gob.ve\/index.php?rest_route=\/wp\/v2\/posts\/33373"}],"collection":[{"href":"https:\/\/www.bolipuertos.gob.ve\/index.php?rest_route=\/wp\/v2\/posts"}],"about":[{"href":"https:\/\/www.bolipuertos.gob.ve\/index.php?rest_route=\/wp\/v2\/types\/post"}],"author":[{"embeddable":true,"href":"https:\/\/www.bolipuertos.gob.ve\/index.php?rest_route=\/wp\/v2\/users\/24"}],"replies":[{"embeddable":true,"href":"https:\/\/www.bolipuertos.gob.ve\/index.php?rest_route=%2Fwp%2Fv2%2Fcomments&post=33373"}],"version-history":[{"count":4,"href":"https:\/\/www.bolipuertos.gob.ve\/index.php?rest_route=\/wp\/v2\/posts\/33373\/revisions"}],"predecessor-version":[{"id":33378,"href":"https:\/\/www.bolipuertos.gob.ve\/index.php?rest_route=\/wp\/v2\/posts\/33373\/revisions\/33378"}],"wp:featuredmedia":[{"embeddable":true,"href":"https:\/\/www.bolipuertos.gob.ve\/index.php?rest_route=\/wp\/v2\/media\/33374"}],"wp:attachment":[{"href":"https:\/\/www.bolipuertos.gob.ve\/index.php?rest_route=%2Fwp%2Fv2%2Fmedia&parent=33373"}],"wp:term":[{"taxonomy":"category","embeddable":true,"href":"https:\/\/www.bolipuertos.gob.ve\/index.php?rest_route=%2Fwp%2Fv2%2Fcategories&post=33373"},{"taxonomy":"post_tag","embeddable":true,"href":"https:\/\/www.bolipuertos.gob.ve\/index.php?rest_route=%2Fwp%2Fv2%2Ftags&post=33373"}],"curies":[{"name":"wp","href":"https:\/\/api.w.org\/{rel}","templated":true}]}}