{"id":34503,"date":"2026-07-19T12:25:00","date_gmt":"2026-07-19T16:25:00","guid":{"rendered":"https:\/\/www.bolipuertos.gob.ve\/?p=34503"},"modified":"2026-07-20T12:37:37","modified_gmt":"2026-07-20T16:37:37","slug":"bolipuertos-demuestra-su-compromiso-el-dia-del-nino-y-la-nina-en-el-campamento-transitorio-armando-zuloaga-blanco","status":"publish","type":"post","link":"https:\/\/www.bolipuertos.gob.ve\/?p=34503","title":{"rendered":"Bolipuertos demuestra su compromiso el D\u00eda del Ni\u00f1o y la Ni\u00f1a en el Campamento Transitorio Armando Zuloaga Blanco"},"content":{"rendered":"\n<p><em>Caracas, 19\/07\/2026.-<\/em> En el marco de la conmemoraci\u00f3n del D\u00eda del Ni\u00f1o y la Ni\u00f1a, y como parte de su destacada labor como padrino institucional, Bolivariana de Puertos realiz\u00f3 una jornada de atenci\u00f3n integral en el Campamento Transitorio Armando Zuloaga Blanco. Esta iniciativa busca brindar bienestar y acompa\u00f1amiento a los m\u00e1s peque\u00f1os, reafirmando el compromiso y solidaridad de la instituci\u00f3n con la comunidad.<\/p>\n\n\n\n<p>El evento cont\u00f3 con la presencia especial del Padre Luis Garc\u00eda, p\u00e1rroco de San Jos\u00e9, quien ofreci\u00f3 la bendici\u00f3n de la actividad, brindando un mensaje de fe y esperanza para todas las familias presentes. Como gesto de cari\u00f1o, el p\u00e1rroco comparti\u00f3 con los ni\u00f1os y ni\u00f1as unos ponquecitos, sum\u00e1ndose as\u00ed al esp\u00edritu de solidaridad de la jornada.<\/p>\n\n\n\n<p>La actividad se desarroll\u00f3 bajo un esquema de atenci\u00f3n integral que combin\u00f3 el apoyo social con espacios recreativos y formativos. Los asistentes pudieron acceder a servicios de barber\u00eda y trenzado, adem\u00e1s, de participar en din\u00e1micas grupales enfocadas en la expresi\u00f3n art\u00edstica.<\/p>\n\n\n\n<p>Un componente esencial fue la proyecci\u00f3n de un video interactivo sobre normas de convivencia, el cual refuerza los valores de respeto, seguridad y solidaridad, pilares fundamentales para la vida en comunidad.<\/p>\n\n\n\n<p>El despliegue cont\u00f3 con diversas estaciones de esparcimiento, incluyendo colchones saltarines y camas el\u00e1sticas. Asimismo, se habilit\u00f3 una estaci\u00f3n de arte, brillo y color, donde los ni\u00f1os exploraron su creatividad a trav\u00e9s de pintacaritas, el uso de glitter y el modelado con foami moldeable.<\/p>\n\n\n\n<p>El punto central estuvo marcado por la presentaci\u00f3n del mago Luis K, quien brind\u00f3 un espect\u00e1culo de magia de alta calidad, acompa\u00f1ado por la apertura de una estaci\u00f3n de golosinas. La jornada tambi\u00e9n, incluy\u00f3 un bloque deportivo con la \u00abFiebre del Mundial\u00bb, que present\u00f3 la gran final entre Argentina y Espa\u00f1a, fomentando un espacio de sano esparcimiento.<\/p>\n\n\n\n<p>La alegr\u00eda de los peque\u00f1os fue el reflejo del \u00e9xito de la jornada. Osmel Moya, residente del campamento, no ocult\u00f3 su entusiasmo y expres\u00f3 con mucha gratitud \u00abme divert\u00ed much\u00edsimo con la magia y los juegos. De verdad, muchas gracias a todos los que vinieron hoy por compartir con nosotros y por todo el apoyo que nos han dado a m\u00ed y a mi familia aqu\u00ed en el campamento\u00bb.<\/p>\n\n\n\n<p>Tras el almuerzo, la actividad concluy\u00f3 con la entrega de cotillones y un mensaje de agradecimiento institucional. Con estas acciones, Bolipuertos en su rol de padrino y dem\u00e1s instituciones del Estado Venezolano ratifican su voluntad de seguir trabajando por el bienestar y el desarrollo de los ni\u00f1os y ni\u00f1as del Campamento Transitorio, brind\u00e1ndoles un espacio de resiliencia en la Venezuela que renace.<\/p>\n\n\n\n<p><em>Prensa Bolipuertos \/ Patricia Abreu Guillen<\/em><\/p>\n\n\n\n<p><em>Fotograf\u00eda \/ Jas\u00f3n Gonz\u00e1lez<\/em><\/p>\n\n\n\n<figure class=\"wp-block-gallery columns-3 is-cropped\"><ul class=\"blocks-gallery-grid\"><li class=\"blocks-gallery-item\"><figure><img loading=\"lazy\" width=\"1080\" height=\"720\" src=\"https:\/\/www.bolipuertos.gob.ve\/wp-content\/uploads\/2026\/07\/WhatsApp-Image-2026-07-19-at-3.14.56-PM1.jpeg\" alt=\"\" data-id=\"34505\" data-link=\"https:\/\/www.bolipuertos.gob.ve\/?attachment_id=34505\" class=\"wp-image-34505\"\/><\/figure><\/li><li class=\"blocks-gallery-item\"><figure><img loading=\"lazy\" width=\"1080\" height=\"720\" src=\"https:\/\/www.bolipuertos.gob.ve\/wp-content\/uploads\/2026\/07\/WhatsApp-Image-2026-07-19-at-3.14.56-PM2.jpeg\" alt=\"\" data-id=\"34506\" data-link=\"https:\/\/www.bolipuertos.gob.ve\/?attachment_id=34506\" class=\"wp-image-34506\"\/><\/figure><\/li><li class=\"blocks-gallery-item\"><figure><img loading=\"lazy\" width=\"1080\" height=\"720\" src=\"https:\/\/www.bolipuertos.gob.ve\/wp-content\/uploads\/2026\/07\/WhatsApp-Image-2026-07-19-at-3.14.57-PM.jpeg\" alt=\"\" data-id=\"34507\" data-link=\"https:\/\/www.bolipuertos.gob.ve\/?attachment_id=34507\" class=\"wp-image-34507\"\/><\/figure><\/li><li class=\"blocks-gallery-item\"><figure><img loading=\"lazy\" width=\"1080\" height=\"720\" src=\"https:\/\/www.bolipuertos.gob.ve\/wp-content\/uploads\/2026\/07\/WhatsApp-Image-2026-07-19-at-3.15.15-PM2.jpeg\" alt=\"\" data-id=\"34508\" data-link=\"https:\/\/www.bolipuertos.gob.ve\/?attachment_id=34508\" class=\"wp-image-34508\"\/><\/figure><\/li><li class=\"blocks-gallery-item\"><figure><img loading=\"lazy\" width=\"2560\" height=\"1783\" src=\"https:\/\/www.bolipuertos.gob.ve\/wp-content\/uploads\/2026\/07\/WhatsApp-Image-2026-07-19-at-3.15.15-PM3.jpeg\" alt=\"\" data-id=\"34509\" data-link=\"https:\/\/www.bolipuertos.gob.ve\/?attachment_id=34509\" class=\"wp-image-34509\"\/><\/figure><\/li><li class=\"blocks-gallery-item\"><figure><img loading=\"lazy\" width=\"2560\" height=\"1706\" src=\"https:\/\/www.bolipuertos.gob.ve\/wp-content\/uploads\/2026\/07\/WhatsApp-Image-2026-07-19-at-3.15.16-PM1.jpeg\" alt=\"\" data-id=\"34510\" data-link=\"https:\/\/www.bolipuertos.gob.ve\/?attachment_id=34510\" class=\"wp-image-34510\"\/><\/figure><\/li><li class=\"blocks-gallery-item\"><figure><img loading=\"lazy\" width=\"2560\" height=\"1706\" src=\"https:\/\/www.bolipuertos.gob.ve\/wp-content\/uploads\/2026\/07\/WhatsApp-Image-2026-07-19-at-3.15.16-PM2.jpeg\" alt=\"\" data-id=\"34511\" data-link=\"https:\/\/www.bolipuertos.gob.ve\/?attachment_id=34511\" class=\"wp-image-34511\"\/><\/figure><\/li><li class=\"blocks-gallery-item\"><figure><img loading=\"lazy\" width=\"2560\" height=\"1706\" src=\"https:\/\/www.bolipuertos.gob.ve\/wp-content\/uploads\/2026\/07\/WhatsApp-Image-2026-07-19-at-3.15.14-PM-1.jpeg\" alt=\"\" data-id=\"34515\" data-link=\"https:\/\/www.bolipuertos.gob.ve\/?attachment_id=34515\" class=\"wp-image-34515\"\/><\/figure><\/li><\/ul><\/figure>\n","protected":false},"excerpt":{"rendered":"<p>Caracas, 19\/07\/2026.- En el marco de la conmemoraci\u00f3n del D\u00eda del Ni\u00f1o y la Ni\u00f1a, y como parte de su destacada labor [&hellip;]<\/p>\n","protected":false},"author":16,"featured_media":34514,"comment_status":"closed","ping_status":"closed","sticky":false,"template":"","format":"standard","meta":[],"categories":[5],"tags":[],"yoast_head":"<!-- This site is optimized with the Yoast SEO plugin v17.6 - https:\/\/yoast.com\/wordpress\/plugins\/seo\/ -->\n<title>Bolipuertos demuestra su compromiso el D\u00eda del Ni\u00f1o y la Ni\u00f1a en el Campamento Transitorio Armando Zuloaga Blanco &middot; Bolipuertos S.A.<\/title>\n<meta name=\"description\" content=\"Bolipuertos S.A\" \/>\n<meta name=\"robots\" content=\"index, follow, max-snippet:-1, max-image-preview:large, max-video-preview:-1\" \/>\n<link rel=\"canonical\" href=\"https:\/\/www.bolipuertos.gob.ve\/?p=34503\" \/>\n<meta property=\"og:locale\" content=\"es_ES\" \/>\n<meta property=\"og:type\" content=\"article\" \/>\n<meta property=\"og:title\" content=\"Bolipuertos demuestra su compromiso el D\u00eda del Ni\u00f1o y la Ni\u00f1a en el Campamento Transitorio Armando Zuloaga Blanco &middot; Bolipuertos S.A.\" \/>\n<meta property=\"og:description\" content=\"Bolipuertos S.A\" \/>\n<meta property=\"og:url\" content=\"https:\/\/www.bolipuertos.gob.ve\/?p=34503\" \/>\n<meta property=\"og:site_name\" content=\"Bolipuertos S.A.\" \/>\n<meta property=\"article:publisher\" content=\"https:\/\/www.facebook.com\/bolipuertos.puertos\" \/>\n<meta property=\"article:published_time\" content=\"2026-07-19T16:25:00+00:00\" \/>\n<meta property=\"article:modified_time\" content=\"2026-07-20T16:37:37+00:00\" \/>\n<meta property=\"og:image\" content=\"https:\/\/www.bolipuertos.gob.ve\/wp-content\/uploads\/2026\/07\/WhatsApp-Image-2026-07-19-at-3.15.36-PM-1024x768-2.jpeg\" \/>\n\t<meta property=\"og:image:width\" content=\"1024\" \/>\n\t<meta property=\"og:image:height\" content=\"768\" \/>\n<meta name=\"twitter:card\" content=\"summary_large_image\" \/>\n<meta name=\"twitter:label1\" content=\"Escrito por\" \/>\n\t<meta name=\"twitter:data1\" content=\"kysmar padilla\" \/>\n\t<meta name=\"twitter:label2\" content=\"Tiempo de lectura\" \/>\n\t<meta name=\"twitter:data2\" content=\"4 minutos\" \/>\n<script type=\"application\/ld+json\" class=\"yoast-schema-graph\">{\"@context\":\"https:\/\/schema.org\",\"@graph\":[{\"@type\":\"Organization\",\"@id\":\"https:\/\/www.bolipuertos.gob.ve\/#organization\",\"name\":\"bolipuertos\",\"url\":\"https:\/\/www.bolipuertos.gob.ve\/\",\"sameAs\":[\"https:\/\/www.facebook.com\/bolipuertos.puertos\",\"https:\/\/www.instagram.com\/bolipuertosgob\/\",\"https:\/\/www.youtube.com\/channel\/UCSev7gH4fp-5HWWOjZANLoQ\"],\"logo\":{\"@type\":\"ImageObject\",\"@id\":\"https:\/\/www.bolipuertos.gob.ve\/#logo\",\"inLanguage\":\"es\",\"url\":\"https:\/\/www.bolipuertos.gob.ve\/wp-content\/uploads\/2021\/10\/logo_bolipuertos.png\",\"contentUrl\":\"https:\/\/www.bolipuertos.gob.ve\/wp-content\/uploads\/2021\/10\/logo_bolipuertos.png\",\"width\":220,\"height\":150,\"caption\":\"bolipuertos\"},\"image\":{\"@id\":\"https:\/\/www.bolipuertos.gob.ve\/#logo\"}},{\"@type\":\"WebSite\",\"@id\":\"https:\/\/www.bolipuertos.gob.ve\/#website\",\"url\":\"https:\/\/www.bolipuertos.gob.ve\/\",\"name\":\"Bolipuertos S.A.\",\"description\":\"Bolipuertos S.A.\",\"publisher\":{\"@id\":\"https:\/\/www.bolipuertos.gob.ve\/#organization\"},\"potentialAction\":[{\"@type\":\"SearchAction\",\"target\":{\"@type\":\"EntryPoint\",\"urlTemplate\":\"https:\/\/www.bolipuertos.gob.ve\/?s={search_term_string}\"},\"query-input\":\"required name=search_term_string\"}],\"inLanguage\":\"es\"},{\"@type\":\"ImageObject\",\"@id\":\"https:\/\/www.bolipuertos.gob.ve\/?p=34503#primaryimage\",\"inLanguage\":\"es\",\"url\":\"https:\/\/www.bolipuertos.gob.ve\/wp-content\/uploads\/2026\/07\/WhatsApp-Image-2026-07-19-at-3.15.36-PM-1024x768-2.jpeg\",\"contentUrl\":\"https:\/\/www.bolipuertos.gob.ve\/wp-content\/uploads\/2026\/07\/WhatsApp-Image-2026-07-19-at-3.15.36-PM-1024x768-2.jpeg\",\"width\":1024,\"height\":768},{\"@type\":\"WebPage\",\"@id\":\"https:\/\/www.bolipuertos.gob.ve\/?p=34503#webpage\",\"url\":\"https:\/\/www.bolipuertos.gob.ve\/?p=34503\",\"name\":\"Bolipuertos demuestra su compromiso el D\\u00eda del Ni\\u00f1o y la Ni\\u00f1a en el Campamento Transitorio Armando Zuloaga Blanco &middot; Bolipuertos S.A.\",\"isPartOf\":{\"@id\":\"https:\/\/www.bolipuertos.gob.ve\/#website\"},\"primaryImageOfPage\":{\"@id\":\"https:\/\/www.bolipuertos.gob.ve\/?p=34503#primaryimage\"},\"datePublished\":\"2026-07-19T16:25:00+00:00\",\"dateModified\":\"2026-07-20T16:37:37+00:00\",\"description\":\"Bolipuertos S.A\",\"breadcrumb\":{\"@id\":\"https:\/\/www.bolipuertos.gob.ve\/?p=34503#breadcrumb\"},\"inLanguage\":\"es\",\"potentialAction\":[{\"@type\":\"ReadAction\",\"target\":[\"https:\/\/www.bolipuertos.gob.ve\/?p=34503\"]}]},{\"@type\":\"BreadcrumbList\",\"@id\":\"https:\/\/www.bolipuertos.gob.ve\/?p=34503#breadcrumb\",\"itemListElement\":[{\"@type\":\"ListItem\",\"position\":1,\"name\":\"Portada\",\"item\":\"https:\/\/www.bolipuertos.gob.ve\/\"},{\"@type\":\"ListItem\",\"position\":2,\"name\":\"Bolipuertos demuestra su compromiso el D\\u00eda del Ni\\u00f1o y la Ni\\u00f1a en el Campamento Transitorio Armando Zuloaga Blanco\"}]},{\"@type\":\"Article\",\"@id\":\"https:\/\/www.bolipuertos.gob.ve\/?p=34503#article\",\"isPartOf\":{\"@id\":\"https:\/\/www.bolipuertos.gob.ve\/?p=34503#webpage\"},\"author\":{\"@id\":\"https:\/\/www.bolipuertos.gob.ve\/#\/schema\/person\/934f01878a0dcd2c267bc042944a6caf\"},\"headline\":\"Bolipuertos demuestra su compromiso el D\\u00eda del Ni\\u00f1o y la Ni\\u00f1a en el Campamento Transitorio Armando Zuloaga Blanco\",\"datePublished\":\"2026-07-19T16:25:00+00:00\",\"dateModified\":\"2026-07-20T16:37:37+00:00\",\"mainEntityOfPage\":{\"@id\":\"https:\/\/www.bolipuertos.gob.ve\/?p=34503#webpage\"},\"wordCount\":498,\"publisher\":{\"@id\":\"https:\/\/www.bolipuertos.gob.ve\/#organization\"},\"image\":{\"@id\":\"https:\/\/www.bolipuertos.gob.ve\/?p=34503#primaryimage\"},\"thumbnailUrl\":\"https:\/\/www.bolipuertos.gob.ve\/wp-content\/uploads\/2026\/07\/WhatsApp-Image-2026-07-19-at-3.15.36-PM-1024x768-2.jpeg\",\"articleSection\":[\"Noticias\"],\"inLanguage\":\"es\"},{\"@type\":\"Person\",\"@id\":\"https:\/\/www.bolipuertos.gob.ve\/#\/schema\/person\/934f01878a0dcd2c267bc042944a6caf\",\"name\":\"kysmar padilla\",\"image\":{\"@type\":\"ImageObject\",\"@id\":\"https:\/\/www.bolipuertos.gob.ve\/#personlogo\",\"inLanguage\":\"es\",\"url\":\"https:\/\/secure.gravatar.com\/avatar\/1c64021eee8cbc011df0375b1a261ea1?s=96&d=mm&r=g\",\"contentUrl\":\"https:\/\/secure.gravatar.com\/avatar\/1c64021eee8cbc011df0375b1a261ea1?s=96&d=mm&r=g\",\"caption\":\"kysmar padilla\"},\"url\":\"https:\/\/www.bolipuertos.gob.ve\/?author=16\"}]}<\/script>\n<!-- \/ Yoast SEO plugin. -->","yoast_head_json":{"title":"Bolipuertos demuestra su compromiso el D\u00eda del Ni\u00f1o y la Ni\u00f1a en el Campamento Transitorio Armando Zuloaga Blanco &middot; Bolipuertos S.A.","description":"Bolipuertos S.A","robots":{"index":"index","follow":"follow","max-snippet":"max-snippet:-1","max-image-preview":"max-image-preview:large","max-video-preview":"max-video-preview:-1"},"canonical":"https:\/\/www.bolipuertos.gob.ve\/?p=34503","og_locale":"es_ES","og_type":"article","og_title":"Bolipuertos demuestra su compromiso el D\u00eda del Ni\u00f1o y la Ni\u00f1a en el Campamento Transitorio Armando Zuloaga Blanco &middot; Bolipuertos S.A.","og_description":"Bolipuertos S.A","og_url":"https:\/\/www.bolipuertos.gob.ve\/?p=34503","og_site_name":"Bolipuertos S.A.","article_publisher":"https:\/\/www.facebook.com\/bolipuertos.puertos","article_published_time":"2026-07-19T16:25:00+00:00","article_modified_time":"2026-07-20T16:37:37+00:00","og_image":[{"width":1024,"height":768,"url":"https:\/\/www.bolipuertos.gob.ve\/wp-content\/uploads\/2026\/07\/WhatsApp-Image-2026-07-19-at-3.15.36-PM-1024x768-2.jpeg","type":"image\/jpeg"}],"twitter_card":"summary_large_image","twitter_misc":{"Escrito por":"kysmar padilla","Tiempo de lectura":"4 minutos"},"schema":{"@context":"https:\/\/schema.org","@graph":[{"@type":"Organization","@id":"https:\/\/www.bolipuertos.gob.ve\/#organization","name":"bolipuertos","url":"https:\/\/www.bolipuertos.gob.ve\/","sameAs":["https:\/\/www.facebook.com\/bolipuertos.puertos","https:\/\/www.instagram.com\/bolipuertosgob\/","https:\/\/www.youtube.com\/channel\/UCSev7gH4fp-5HWWOjZANLoQ"],"logo":{"@type":"ImageObject","@id":"https:\/\/www.bolipuertos.gob.ve\/#logo","inLanguage":"es","url":"https:\/\/www.bolipuertos.gob.ve\/wp-content\/uploads\/2021\/10\/logo_bolipuertos.png","contentUrl":"https:\/\/www.bolipuertos.gob.ve\/wp-content\/uploads\/2021\/10\/logo_bolipuertos.png","width":220,"height":150,"caption":"bolipuertos"},"image":{"@id":"https:\/\/www.bolipuertos.gob.ve\/#logo"}},{"@type":"WebSite","@id":"https:\/\/www.bolipuertos.gob.ve\/#website","url":"https:\/\/www.bolipuertos.gob.ve\/","name":"Bolipuertos S.A.","description":"Bolipuertos S.A.","publisher":{"@id":"https:\/\/www.bolipuertos.gob.ve\/#organization"},"potentialAction":[{"@type":"SearchAction","target":{"@type":"EntryPoint","urlTemplate":"https:\/\/www.bolipuertos.gob.ve\/?s={search_term_string}"},"query-input":"required name=search_term_string"}],"inLanguage":"es"},{"@type":"ImageObject","@id":"https:\/\/www.bolipuertos.gob.ve\/?p=34503#primaryimage","inLanguage":"es","url":"https:\/\/www.bolipuertos.gob.ve\/wp-content\/uploads\/2026\/07\/WhatsApp-Image-2026-07-19-at-3.15.36-PM-1024x768-2.jpeg","contentUrl":"https:\/\/www.bolipuertos.gob.ve\/wp-content\/uploads\/2026\/07\/WhatsApp-Image-2026-07-19-at-3.15.36-PM-1024x768-2.jpeg","width":1024,"height":768},{"@type":"WebPage","@id":"https:\/\/www.bolipuertos.gob.ve\/?p=34503#webpage","url":"https:\/\/www.bolipuertos.gob.ve\/?p=34503","name":"Bolipuertos demuestra su compromiso el D\u00eda del Ni\u00f1o y la Ni\u00f1a en el Campamento Transitorio Armando Zuloaga Blanco &middot; Bolipuertos S.A.","isPartOf":{"@id":"https:\/\/www.bolipuertos.gob.ve\/#website"},"primaryImageOfPage":{"@id":"https:\/\/www.bolipuertos.gob.ve\/?p=34503#primaryimage"},"datePublished":"2026-07-19T16:25:00+00:00","dateModified":"2026-07-20T16:37:37+00:00","description":"Bolipuertos S.A","breadcrumb":{"@id":"https:\/\/www.bolipuertos.gob.ve\/?p=34503#breadcrumb"},"inLanguage":"es","potentialAction":[{"@type":"ReadAction","target":["https:\/\/www.bolipuertos.gob.ve\/?p=34503"]}]},{"@type":"BreadcrumbList","@id":"https:\/\/www.bolipuertos.gob.ve\/?p=34503#breadcrumb","itemListElement":[{"@type":"ListItem","position":1,"name":"Portada","item":"https:\/\/www.bolipuertos.gob.ve\/"},{"@type":"ListItem","position":2,"name":"Bolipuertos demuestra su compromiso el D\u00eda del Ni\u00f1o y la Ni\u00f1a en el Campamento Transitorio Armando Zuloaga Blanco"}]},{"@type":"Article","@id":"https:\/\/www.bolipuertos.gob.ve\/?p=34503#article","isPartOf":{"@id":"https:\/\/www.bolipuertos.gob.ve\/?p=34503#webpage"},"author":{"@id":"https:\/\/www.bolipuertos.gob.ve\/#\/schema\/person\/934f01878a0dcd2c267bc042944a6caf"},"headline":"Bolipuertos demuestra su compromiso el D\u00eda del Ni\u00f1o y la Ni\u00f1a en el Campamento Transitorio Armando Zuloaga Blanco","datePublished":"2026-07-19T16:25:00+00:00","dateModified":"2026-07-20T16:37:37+00:00","mainEntityOfPage":{"@id":"https:\/\/www.bolipuertos.gob.ve\/?p=34503#webpage"},"wordCount":498,"publisher":{"@id":"https:\/\/www.bolipuertos.gob.ve\/#organization"},"image":{"@id":"https:\/\/www.bolipuertos.gob.ve\/?p=34503#primaryimage"},"thumbnailUrl":"https:\/\/www.bolipuertos.gob.ve\/wp-content\/uploads\/2026\/07\/WhatsApp-Image-2026-07-19-at-3.15.36-PM-1024x768-2.jpeg","articleSection":["Noticias"],"inLanguage":"es"},{"@type":"Person","@id":"https:\/\/www.bolipuertos.gob.ve\/#\/schema\/person\/934f01878a0dcd2c267bc042944a6caf","name":"kysmar padilla","image":{"@type":"ImageObject","@id":"https:\/\/www.bolipuertos.gob.ve\/#personlogo","inLanguage":"es","url":"https:\/\/secure.gravatar.com\/avatar\/1c64021eee8cbc011df0375b1a261ea1?s=96&d=mm&r=g","contentUrl":"https:\/\/secure.gravatar.com\/avatar\/1c64021eee8cbc011df0375b1a261ea1?s=96&d=mm&r=g","caption":"kysmar padilla"},"url":"https:\/\/www.bolipuertos.gob.ve\/?author=16"}]}},"_links":{"self":[{"href":"https:\/\/www.bolipuertos.gob.ve\/index.php?rest_route=\/wp\/v2\/posts\/34503"}],"collection":[{"href":"https:\/\/www.bolipuertos.gob.ve\/index.php?rest_route=\/wp\/v2\/posts"}],"about":[{"href":"https:\/\/www.bolipuertos.gob.ve\/index.php?rest_route=\/wp\/v2\/types\/post"}],"author":[{"embeddable":true,"href":"https:\/\/www.bolipuertos.gob.ve\/index.php?rest_route=\/wp\/v2\/users\/16"}],"replies":[{"embeddable":true,"href":"https:\/\/www.bolipuertos.gob.ve\/index.php?rest_route=%2Fwp%2Fv2%2Fcomments&post=34503"}],"version-history":[{"count":2,"href":"https:\/\/www.bolipuertos.gob.ve\/index.php?rest_route=\/wp\/v2\/posts\/34503\/revisions"}],"predecessor-version":[{"id":34516,"href":"https:\/\/www.bolipuertos.gob.ve\/index.php?rest_route=\/wp\/v2\/posts\/34503\/revisions\/34516"}],"wp:featuredmedia":[{"embeddable":true,"href":"https:\/\/www.bolipuertos.gob.ve\/index.php?rest_route=\/wp\/v2\/media\/34514"}],"wp:attachment":[{"href":"https:\/\/www.bolipuertos.gob.ve\/index.php?rest_route=%2Fwp%2Fv2%2Fmedia&parent=34503"}],"wp:term":[{"taxonomy":"category","embeddable":true,"href":"https:\/\/www.bolipuertos.gob.ve\/index.php?rest_route=%2Fwp%2Fv2%2Fcategories&post=34503"},{"taxonomy":"post_tag","embeddable":true,"href":"https:\/\/www.bolipuertos.gob.ve\/index.php?rest_route=%2Fwp%2Fv2%2Ftags&post=34503"}],"curies":[{"name":"wp","href":"https:\/\/api.w.org\/{rel}","templated":true}]}}