{"id":35166,"date":"2026-08-31T09:54:00","date_gmt":"2026-08-31T13:54:00","guid":{"rendered":"https:\/\/www.bolipuertos.gob.ve\/?p=35166"},"modified":"2026-08-31T09:58:18","modified_gmt":"2026-08-31T13:58:18","slug":"bolipuertos-y-el-seniat-reafirman-su-compromiso-con-la-eficiencia-logistica-con-una-jornada-de-trabajo-en-el-puerto-de-la-guaira","status":"publish","type":"post","link":"https:\/\/www.bolipuertos.gob.ve\/?p=35166","title":{"rendered":"Bolipuertos y el SENIAT reafirman su compromiso con la eficiencia log\u00edstica con una jornada de trabajo en el puerto de La Guaira"},"content":{"rendered":"\t\t<div data-elementor-type=\"wp-post\" data-elementor-id=\"35166\" class=\"elementor elementor-35166\">\n\t\t\t\t\t\t\t\t\t<section class=\"elementor-section elementor-top-section elementor-element elementor-element-3741345 elementor-section-boxed elementor-section-height-default elementor-section-height-default\" data-id=\"3741345\" data-element_type=\"section\">\n\t\t\t\t\t\t<div class=\"elementor-container elementor-column-gap-default\">\n\t\t\t\t\t<div class=\"elementor-column elementor-col-100 elementor-top-column elementor-element elementor-element-e1c0718\" data-id=\"e1c0718\" data-element_type=\"column\">\n\t\t\t<div class=\"elementor-widget-wrap elementor-element-populated\">\n\t\t\t\t\t\t\t\t<div class=\"elementor-element elementor-element-9e9f6af elementor-widget elementor-widget-text-editor\" data-id=\"9e9f6af\" data-element_type=\"widget\" data-widget_type=\"text-editor.default\">\n\t\t\t\t<div class=\"elementor-widget-container\">\n\t\t\t\t\t\t\t<p><strong>La Guaira, 31\/08\/2026.-<\/strong> Dando cumplimiento a los lineamientos de la presidenta (E) de la Rep\u00fablica Delcy Rodr\u00edguez, se llev\u00f3 a cabo una jornada especial de trabajo en las instalaciones del puerto de La Guaira, consolidando la articulaci\u00f3n interinstitucional entre Bolivariana de Puertos (Bolipuertos) y el Servicio Nacional Integrado de Administraci\u00f3n Aduanera y Tributaria (SENIAT).<\/p><p>El despliegue operativo fue encabezado por el superintendente Nacional Aduanero y Tributario, Rom\u00e1n Maniglia, junto al vicepresidente de Bolipuertos, GB Orlando Torrealba, acompa\u00f1ados por el gerente General del Puerto, el CF Dany Salazar. Las autoridades realizaron un recorrido de inspecci\u00f3n por los patios y \u00e1reas operativas del recinto para evaluar de manera directa los procesos de reconocimiento f\u00edsico, confrontaci\u00f3n, liquidaci\u00f3n, despacho de mercanc\u00edas y la gesti\u00f3n de documentos.<\/p><p>Esta labor conjunta permiti\u00f3 supervisar el funcionamiento de las \u00e1reas clave para el comercio exterior, con el firme prop\u00f3sito de agilizar, simplificar y potenciar los tr\u00e1mites aduaneros bajo est\u00e1ndares de m\u00e1xima eficiencia y transparencia.<\/p><p>La jornada tambi\u00e9n, cont\u00f3 con la destacada participaci\u00f3n de Cipriana Ramos, representante de la C\u00e1mara de Comercio, afianzando los canales de comunicaci\u00f3n y el trabajo conjunto entre el Estado y el sector privado gremial para dar respuestas oportunas a los auxiliares de la administraci\u00f3n aduanera y dem\u00e1s usuarios del puerto.<\/p><p>Mediante estas acciones estrat\u00e9gicas, Bolipuertos se consolida como un prestador de servicios portuarios eficiente y confiable, demostrando su capacidad operativa para garantizar operaciones expeditas que impulsan el desarrollo econ\u00f3mico de Venezuela.<\/p>\t\t\t\t\t\t<\/div>\n\t\t\t\t<\/div>\n\t\t\t\t\t<\/div>\n\t\t<\/div>\n\t\t\t\t\t\t\t<\/div>\n\t\t<\/section>\n\t\t\t\t<section class=\"elementor-section elementor-top-section elementor-element elementor-element-f3d576d elementor-section-boxed elementor-section-height-default elementor-section-height-default\" data-id=\"f3d576d\" data-element_type=\"section\">\n\t\t\t\t\t\t<div class=\"elementor-container elementor-column-gap-default\">\n\t\t\t\t\t<div class=\"elementor-column elementor-col-100 elementor-top-column elementor-element elementor-element-d54f7e6\" data-id=\"d54f7e6\" data-element_type=\"column\">\n\t\t\t<div class=\"elementor-widget-wrap elementor-element-populated\">\n\t\t\t\t\t\t\t\t<div class=\"elementor-element elementor-element-686eec7 elementor-arrows-position-inside elementor-pagination-position-outside elementor-widget elementor-widget-image-carousel\" data-id=\"686eec7\" data-element_type=\"widget\" data-settings=\"{&quot;navigation&quot;:&quot;both&quot;,&quot;autoplay&quot;:&quot;yes&quot;,&quot;pause_on_hover&quot;:&quot;yes&quot;,&quot;pause_on_interaction&quot;:&quot;yes&quot;,&quot;autoplay_speed&quot;:5000,&quot;infinite&quot;:&quot;yes&quot;,&quot;speed&quot;:500}\" data-widget_type=\"image-carousel.default\">\n\t\t\t\t<div class=\"elementor-widget-container\">\n\t\t\t\t\t<div class=\"elementor-image-carousel-wrapper swiper-container\" dir=\"ltr\">\n\t\t\t<div class=\"elementor-image-carousel swiper-wrapper\">\n\t\t\t\t\t\t\t\t<div class=\"swiper-slide\"><figure class=\"swiper-slide-inner\"><img class=\"swiper-slide-image\" src=\"https:\/\/www.bolipuertos.gob.ve\/wp-content\/uploads\/2026\/08\/WhatsApp-Image-2026-08-30-at-9.37.33-AM.jpeg\" alt=\"WhatsApp Image 2026-08-30 at 9.37.33 AM\" \/><\/figure><\/div><div class=\"swiper-slide\"><figure class=\"swiper-slide-inner\"><img class=\"swiper-slide-image\" src=\"https:\/\/www.bolipuertos.gob.ve\/wp-content\/uploads\/2026\/08\/WhatsApp-Image-2026-08-30-at-9.37.34-AM.jpeg\" alt=\"WhatsApp Image 2026-08-30 at 9.37.34 AM\" \/><\/figure><\/div><div class=\"swiper-slide\"><figure class=\"swiper-slide-inner\"><img class=\"swiper-slide-image\" src=\"https:\/\/www.bolipuertos.gob.ve\/wp-content\/uploads\/2026\/08\/WhatsApp-Image-2026-08-30-at-9.37.35-AM.jpeg\" alt=\"WhatsApp Image 2026-08-30 at 9.37.35 AM\" \/><\/figure><\/div><div class=\"swiper-slide\"><figure class=\"swiper-slide-inner\"><img class=\"swiper-slide-image\" src=\"https:\/\/www.bolipuertos.gob.ve\/wp-content\/uploads\/2026\/08\/WhatsApp-Image-2026-08-30-at-9.37.35-AM-1.jpeg\" alt=\"WhatsApp Image 2026-08-30 at 9.37.35 AM (1)\" \/><\/figure><\/div><div class=\"swiper-slide\"><figure class=\"swiper-slide-inner\"><img class=\"swiper-slide-image\" src=\"https:\/\/www.bolipuertos.gob.ve\/wp-content\/uploads\/2026\/08\/WhatsApp-Image-2026-08-30-at-9.37.34-AM-1.jpeg\" alt=\"WhatsApp Image 2026-08-30 at 9.37.34 AM (1)\" \/><\/figure><\/div><div class=\"swiper-slide\"><figure class=\"swiper-slide-inner\"><img class=\"swiper-slide-image\" src=\"https:\/\/www.bolipuertos.gob.ve\/wp-content\/uploads\/2026\/08\/WhatsApp-Image-2026-08-30-at-9.37.37-AM-1.jpeg\" alt=\"WhatsApp Image 2026-08-30 at 9.37.37 AM (1)\" \/><\/figure><\/div><div class=\"swiper-slide\"><figure class=\"swiper-slide-inner\"><img class=\"swiper-slide-image\" src=\"https:\/\/www.bolipuertos.gob.ve\/wp-content\/uploads\/2026\/08\/WhatsApp-Image-2026-08-30-at-9.37.37-AM.jpeg\" alt=\"WhatsApp Image 2026-08-30 at 9.37.37 AM\" \/><\/figure><\/div>\t\t\t<\/div>\n\t\t\t\t\t\t\t\t\t\t\t\t<div class=\"swiper-pagination\"><\/div>\n\t\t\t\t\t\t\t\t\t\t\t\t\t<div class=\"elementor-swiper-button elementor-swiper-button-prev\">\n\t\t\t\t\t\t<i aria-hidden=\"true\" class=\"eicon-chevron-left\"><\/i>\t\t\t\t\t\t<span class=\"elementor-screen-only\">Anterior<\/span>\n\t\t\t\t\t<\/div>\n\t\t\t\t\t<div class=\"elementor-swiper-button elementor-swiper-button-next\">\n\t\t\t\t\t\t<i aria-hidden=\"true\" class=\"eicon-chevron-right\"><\/i>\t\t\t\t\t\t<span class=\"elementor-screen-only\">Siguiente<\/span>\n\t\t\t\t\t<\/div>\n\t\t\t\t\t\t\t\t\t<\/div>\n\t\t\t\t<\/div>\n\t\t\t\t<\/div>\n\t\t\t\t\t<\/div>\n\t\t<\/div>\n\t\t\t\t\t\t\t<\/div>\n\t\t<\/section>\n\t\t\t\t<section class=\"elementor-section elementor-top-section elementor-element elementor-element-cc3af33 elementor-section-boxed elementor-section-height-default elementor-section-height-default\" data-id=\"cc3af33\" data-element_type=\"section\">\n\t\t\t\t\t\t<div class=\"elementor-container elementor-column-gap-default\">\n\t\t\t\t\t<div class=\"elementor-column elementor-col-100 elementor-top-column elementor-element elementor-element-eb7a5ba\" data-id=\"eb7a5ba\" data-element_type=\"column\">\n\t\t\t<div class=\"elementor-widget-wrap elementor-element-populated\">\n\t\t\t\t\t\t\t\t<div class=\"elementor-element elementor-element-333b823 elementor-widget elementor-widget-text-editor\" data-id=\"333b823\" data-element_type=\"widget\" data-widget_type=\"text-editor.default\">\n\t\t\t\t<div class=\"elementor-widget-container\">\n\t\t\t\t\t\t\t<p><strong>Prensa Bolipuertos \/ Yesenia Valdivieso <\/strong><\/p><p><strong>Fotograf\u00eda \/ Michael Blanco<\/strong><\/p>\t\t\t\t\t\t<\/div>\n\t\t\t\t<\/div>\n\t\t\t\t\t<\/div>\n\t\t<\/div>\n\t\t\t\t\t\t\t<\/div>\n\t\t<\/section>\n\t\t\t\t\t\t\t<\/div>\n\t\t","protected":false},"excerpt":{"rendered":"<p>La Guaira, 31\/08\/2026.- Dando cumplimiento a los lineamientos de la presidenta (E) de la Rep\u00fablica Delcy Rodr\u00edguez, se llev\u00f3 a cabo una jornada especial de trabajo en las instalaciones del puerto de La Guaira, consolidando la articulaci\u00f3n interinstitucional entre Bolivariana de Puertos (Bolipuertos) y el Servicio Nacional Integrado de Administraci\u00f3n Aduanera y Tributaria (SENIAT).<\/p>\n","protected":false},"author":24,"featured_media":35167,"comment_status":"closed","ping_status":"closed","sticky":false,"template":"","format":"standard","meta":[],"categories":[5],"tags":[],"yoast_head":"<!-- This site is optimized with the Yoast SEO plugin v17.6 - https:\/\/yoast.com\/wordpress\/plugins\/seo\/ -->\n<title>Bolipuertos y el SENIAT reafirman su compromiso con la eficiencia log\u00edstica con una jornada de trabajo en el puerto de La Guaira &middot; Bolipuertos S.A.<\/title>\n<meta name=\"description\" content=\"Bolipuertos S.A\" \/>\n<meta name=\"robots\" content=\"index, follow, max-snippet:-1, max-image-preview:large, max-video-preview:-1\" \/>\n<link rel=\"canonical\" href=\"https:\/\/www.bolipuertos.gob.ve\/?p=35166\" \/>\n<meta property=\"og:locale\" content=\"es_ES\" \/>\n<meta property=\"og:type\" content=\"article\" \/>\n<meta property=\"og:title\" content=\"Bolipuertos y el SENIAT reafirman su compromiso con la eficiencia log\u00edstica con una jornada de trabajo en el puerto de La Guaira &middot; Bolipuertos S.A.\" \/>\n<meta property=\"og:description\" content=\"Bolipuertos S.A\" \/>\n<meta property=\"og:url\" content=\"https:\/\/www.bolipuertos.gob.ve\/?p=35166\" \/>\n<meta property=\"og:site_name\" content=\"Bolipuertos S.A.\" \/>\n<meta property=\"article:publisher\" content=\"https:\/\/www.facebook.com\/bolipuertos.puertos\" \/>\n<meta property=\"article:published_time\" content=\"2026-08-31T13:54:00+00:00\" \/>\n<meta property=\"article:modified_time\" content=\"2026-08-31T13:58:18+00:00\" \/>\n<meta property=\"og:image\" content=\"https:\/\/www.bolipuertos.gob.ve\/wp-content\/uploads\/2026\/08\/WhatsApp-Image-2026-08-30-at-9.37.38-AM.jpeg\" \/>\n\t<meta property=\"og:image:width\" content=\"1080\" \/>\n\t<meta property=\"og:image:height\" content=\"719\" \/>\n<meta name=\"twitter:card\" content=\"summary_large_image\" \/>\n<meta name=\"twitter:label1\" content=\"Escrito por\" \/>\n\t<meta name=\"twitter:data1\" content=\"Patricia Abreu\" \/>\n\t<meta name=\"twitter:label2\" content=\"Tiempo de lectura\" \/>\n\t<meta name=\"twitter:data2\" content=\"4 minutos\" \/>\n<script type=\"application\/ld+json\" class=\"yoast-schema-graph\">{\"@context\":\"https:\/\/schema.org\",\"@graph\":[{\"@type\":\"Organization\",\"@id\":\"https:\/\/www.bolipuertos.gob.ve\/#organization\",\"name\":\"bolipuertos\",\"url\":\"https:\/\/www.bolipuertos.gob.ve\/\",\"sameAs\":[\"https:\/\/www.facebook.com\/bolipuertos.puertos\",\"https:\/\/www.instagram.com\/bolipuertosgob\/\",\"https:\/\/www.youtube.com\/channel\/UCSev7gH4fp-5HWWOjZANLoQ\"],\"logo\":{\"@type\":\"ImageObject\",\"@id\":\"https:\/\/www.bolipuertos.gob.ve\/#logo\",\"inLanguage\":\"es\",\"url\":\"https:\/\/www.bolipuertos.gob.ve\/wp-content\/uploads\/2021\/10\/logo_bolipuertos.png\",\"contentUrl\":\"https:\/\/www.bolipuertos.gob.ve\/wp-content\/uploads\/2021\/10\/logo_bolipuertos.png\",\"width\":220,\"height\":150,\"caption\":\"bolipuertos\"},\"image\":{\"@id\":\"https:\/\/www.bolipuertos.gob.ve\/#logo\"}},{\"@type\":\"WebSite\",\"@id\":\"https:\/\/www.bolipuertos.gob.ve\/#website\",\"url\":\"https:\/\/www.bolipuertos.gob.ve\/\",\"name\":\"Bolipuertos S.A.\",\"description\":\"Bolipuertos S.A.\",\"publisher\":{\"@id\":\"https:\/\/www.bolipuertos.gob.ve\/#organization\"},\"potentialAction\":[{\"@type\":\"SearchAction\",\"target\":{\"@type\":\"EntryPoint\",\"urlTemplate\":\"https:\/\/www.bolipuertos.gob.ve\/?s={search_term_string}\"},\"query-input\":\"required name=search_term_string\"}],\"inLanguage\":\"es\"},{\"@type\":\"ImageObject\",\"@id\":\"https:\/\/www.bolipuertos.gob.ve\/?p=35166#primaryimage\",\"inLanguage\":\"es\",\"url\":\"https:\/\/www.bolipuertos.gob.ve\/wp-content\/uploads\/2026\/08\/WhatsApp-Image-2026-08-30-at-9.37.38-AM.jpeg\",\"contentUrl\":\"https:\/\/www.bolipuertos.gob.ve\/wp-content\/uploads\/2026\/08\/WhatsApp-Image-2026-08-30-at-9.37.38-AM.jpeg\",\"width\":1080,\"height\":719},{\"@type\":\"WebPage\",\"@id\":\"https:\/\/www.bolipuertos.gob.ve\/?p=35166#webpage\",\"url\":\"https:\/\/www.bolipuertos.gob.ve\/?p=35166\",\"name\":\"Bolipuertos y el SENIAT reafirman su compromiso con la eficiencia log\\u00edstica con una jornada de trabajo en el puerto de La Guaira &middot; Bolipuertos S.A.\",\"isPartOf\":{\"@id\":\"https:\/\/www.bolipuertos.gob.ve\/#website\"},\"primaryImageOfPage\":{\"@id\":\"https:\/\/www.bolipuertos.gob.ve\/?p=35166#primaryimage\"},\"datePublished\":\"2026-08-31T13:54:00+00:00\",\"dateModified\":\"2026-08-31T13:58:18+00:00\",\"description\":\"Bolipuertos S.A\",\"breadcrumb\":{\"@id\":\"https:\/\/www.bolipuertos.gob.ve\/?p=35166#breadcrumb\"},\"inLanguage\":\"es\",\"potentialAction\":[{\"@type\":\"ReadAction\",\"target\":[\"https:\/\/www.bolipuertos.gob.ve\/?p=35166\"]}]},{\"@type\":\"BreadcrumbList\",\"@id\":\"https:\/\/www.bolipuertos.gob.ve\/?p=35166#breadcrumb\",\"itemListElement\":[{\"@type\":\"ListItem\",\"position\":1,\"name\":\"Portada\",\"item\":\"https:\/\/www.bolipuertos.gob.ve\/\"},{\"@type\":\"ListItem\",\"position\":2,\"name\":\"Bolipuertos y el SENIAT reafirman su compromiso con la eficiencia log\\u00edstica con una jornada de trabajo en el puerto de La Guaira\"}]},{\"@type\":\"Article\",\"@id\":\"https:\/\/www.bolipuertos.gob.ve\/?p=35166#article\",\"isPartOf\":{\"@id\":\"https:\/\/www.bolipuertos.gob.ve\/?p=35166#webpage\"},\"author\":{\"@id\":\"https:\/\/www.bolipuertos.gob.ve\/#\/schema\/person\/ec6319629893bbb33973dae4c9ad6dba\"},\"headline\":\"Bolipuertos y el SENIAT reafirman su compromiso con la eficiencia log\\u00edstica con una jornada de trabajo en el puerto de La Guaira\",\"datePublished\":\"2026-08-31T13:54:00+00:00\",\"dateModified\":\"2026-08-31T13:58:18+00:00\",\"mainEntityOfPage\":{\"@id\":\"https:\/\/www.bolipuertos.gob.ve\/?p=35166#webpage\"},\"wordCount\":294,\"publisher\":{\"@id\":\"https:\/\/www.bolipuertos.gob.ve\/#organization\"},\"image\":{\"@id\":\"https:\/\/www.bolipuertos.gob.ve\/?p=35166#primaryimage\"},\"thumbnailUrl\":\"https:\/\/www.bolipuertos.gob.ve\/wp-content\/uploads\/2026\/08\/WhatsApp-Image-2026-08-30-at-9.37.38-AM.jpeg\",\"articleSection\":[\"Noticias\"],\"inLanguage\":\"es\"},{\"@type\":\"Person\",\"@id\":\"https:\/\/www.bolipuertos.gob.ve\/#\/schema\/person\/ec6319629893bbb33973dae4c9ad6dba\",\"name\":\"Patricia Abreu\",\"image\":{\"@type\":\"ImageObject\",\"@id\":\"https:\/\/www.bolipuertos.gob.ve\/#personlogo\",\"inLanguage\":\"es\",\"url\":\"https:\/\/secure.gravatar.com\/avatar\/72b9fbf8eb83b9b4ccc906a386bce3de?s=96&d=mm&r=g\",\"contentUrl\":\"https:\/\/secure.gravatar.com\/avatar\/72b9fbf8eb83b9b4ccc906a386bce3de?s=96&d=mm&r=g\",\"caption\":\"Patricia Abreu\"},\"url\":\"https:\/\/www.bolipuertos.gob.ve\/?author=24\"}]}<\/script>\n<!-- \/ Yoast SEO plugin. -->","yoast_head_json":{"title":"Bolipuertos y el SENIAT reafirman su compromiso con la eficiencia log\u00edstica con una jornada de trabajo en el puerto de La Guaira &middot; Bolipuertos S.A.","description":"Bolipuertos S.A","robots":{"index":"index","follow":"follow","max-snippet":"max-snippet:-1","max-image-preview":"max-image-preview:large","max-video-preview":"max-video-preview:-1"},"canonical":"https:\/\/www.bolipuertos.gob.ve\/?p=35166","og_locale":"es_ES","og_type":"article","og_title":"Bolipuertos y el SENIAT reafirman su compromiso con la eficiencia log\u00edstica con una jornada de trabajo en el puerto de La Guaira &middot; Bolipuertos S.A.","og_description":"Bolipuertos S.A","og_url":"https:\/\/www.bolipuertos.gob.ve\/?p=35166","og_site_name":"Bolipuertos S.A.","article_publisher":"https:\/\/www.facebook.com\/bolipuertos.puertos","article_published_time":"2026-08-31T13:54:00+00:00","article_modified_time":"2026-08-31T13:58:18+00:00","og_image":[{"width":1080,"height":719,"url":"https:\/\/www.bolipuertos.gob.ve\/wp-content\/uploads\/2026\/08\/WhatsApp-Image-2026-08-30-at-9.37.38-AM.jpeg","type":"image\/jpeg"}],"twitter_card":"summary_large_image","twitter_misc":{"Escrito por":"Patricia Abreu","Tiempo de lectura":"4 minutos"},"schema":{"@context":"https:\/\/schema.org","@graph":[{"@type":"Organization","@id":"https:\/\/www.bolipuertos.gob.ve\/#organization","name":"bolipuertos","url":"https:\/\/www.bolipuertos.gob.ve\/","sameAs":["https:\/\/www.facebook.com\/bolipuertos.puertos","https:\/\/www.instagram.com\/bolipuertosgob\/","https:\/\/www.youtube.com\/channel\/UCSev7gH4fp-5HWWOjZANLoQ"],"logo":{"@type":"ImageObject","@id":"https:\/\/www.bolipuertos.gob.ve\/#logo","inLanguage":"es","url":"https:\/\/www.bolipuertos.gob.ve\/wp-content\/uploads\/2021\/10\/logo_bolipuertos.png","contentUrl":"https:\/\/www.bolipuertos.gob.ve\/wp-content\/uploads\/2021\/10\/logo_bolipuertos.png","width":220,"height":150,"caption":"bolipuertos"},"image":{"@id":"https:\/\/www.bolipuertos.gob.ve\/#logo"}},{"@type":"WebSite","@id":"https:\/\/www.bolipuertos.gob.ve\/#website","url":"https:\/\/www.bolipuertos.gob.ve\/","name":"Bolipuertos S.A.","description":"Bolipuertos S.A.","publisher":{"@id":"https:\/\/www.bolipuertos.gob.ve\/#organization"},"potentialAction":[{"@type":"SearchAction","target":{"@type":"EntryPoint","urlTemplate":"https:\/\/www.bolipuertos.gob.ve\/?s={search_term_string}"},"query-input":"required name=search_term_string"}],"inLanguage":"es"},{"@type":"ImageObject","@id":"https:\/\/www.bolipuertos.gob.ve\/?p=35166#primaryimage","inLanguage":"es","url":"https:\/\/www.bolipuertos.gob.ve\/wp-content\/uploads\/2026\/08\/WhatsApp-Image-2026-08-30-at-9.37.38-AM.jpeg","contentUrl":"https:\/\/www.bolipuertos.gob.ve\/wp-content\/uploads\/2026\/08\/WhatsApp-Image-2026-08-30-at-9.37.38-AM.jpeg","width":1080,"height":719},{"@type":"WebPage","@id":"https:\/\/www.bolipuertos.gob.ve\/?p=35166#webpage","url":"https:\/\/www.bolipuertos.gob.ve\/?p=35166","name":"Bolipuertos y el SENIAT reafirman su compromiso con la eficiencia log\u00edstica con una jornada de trabajo en el puerto de La Guaira &middot; Bolipuertos S.A.","isPartOf":{"@id":"https:\/\/www.bolipuertos.gob.ve\/#website"},"primaryImageOfPage":{"@id":"https:\/\/www.bolipuertos.gob.ve\/?p=35166#primaryimage"},"datePublished":"2026-08-31T13:54:00+00:00","dateModified":"2026-08-31T13:58:18+00:00","description":"Bolipuertos S.A","breadcrumb":{"@id":"https:\/\/www.bolipuertos.gob.ve\/?p=35166#breadcrumb"},"inLanguage":"es","potentialAction":[{"@type":"ReadAction","target":["https:\/\/www.bolipuertos.gob.ve\/?p=35166"]}]},{"@type":"BreadcrumbList","@id":"https:\/\/www.bolipuertos.gob.ve\/?p=35166#breadcrumb","itemListElement":[{"@type":"ListItem","position":1,"name":"Portada","item":"https:\/\/www.bolipuertos.gob.ve\/"},{"@type":"ListItem","position":2,"name":"Bolipuertos y el SENIAT reafirman su compromiso con la eficiencia log\u00edstica con una jornada de trabajo en el puerto de La Guaira"}]},{"@type":"Article","@id":"https:\/\/www.bolipuertos.gob.ve\/?p=35166#article","isPartOf":{"@id":"https:\/\/www.bolipuertos.gob.ve\/?p=35166#webpage"},"author":{"@id":"https:\/\/www.bolipuertos.gob.ve\/#\/schema\/person\/ec6319629893bbb33973dae4c9ad6dba"},"headline":"Bolipuertos y el SENIAT reafirman su compromiso con la eficiencia log\u00edstica con una jornada de trabajo en el puerto de La Guaira","datePublished":"2026-08-31T13:54:00+00:00","dateModified":"2026-08-31T13:58:18+00:00","mainEntityOfPage":{"@id":"https:\/\/www.bolipuertos.gob.ve\/?p=35166#webpage"},"wordCount":294,"publisher":{"@id":"https:\/\/www.bolipuertos.gob.ve\/#organization"},"image":{"@id":"https:\/\/www.bolipuertos.gob.ve\/?p=35166#primaryimage"},"thumbnailUrl":"https:\/\/www.bolipuertos.gob.ve\/wp-content\/uploads\/2026\/08\/WhatsApp-Image-2026-08-30-at-9.37.38-AM.jpeg","articleSection":["Noticias"],"inLanguage":"es"},{"@type":"Person","@id":"https:\/\/www.bolipuertos.gob.ve\/#\/schema\/person\/ec6319629893bbb33973dae4c9ad6dba","name":"Patricia Abreu","image":{"@type":"ImageObject","@id":"https:\/\/www.bolipuertos.gob.ve\/#personlogo","inLanguage":"es","url":"https:\/\/secure.gravatar.com\/avatar\/72b9fbf8eb83b9b4ccc906a386bce3de?s=96&d=mm&r=g","contentUrl":"https:\/\/secure.gravatar.com\/avatar\/72b9fbf8eb83b9b4ccc906a386bce3de?s=96&d=mm&r=g","caption":"Patricia Abreu"},"url":"https:\/\/www.bolipuertos.gob.ve\/?author=24"}]}},"_links":{"self":[{"href":"https:\/\/www.bolipuertos.gob.ve\/index.php?rest_route=\/wp\/v2\/posts\/35166"}],"collection":[{"href":"https:\/\/www.bolipuertos.gob.ve\/index.php?rest_route=\/wp\/v2\/posts"}],"about":[{"href":"https:\/\/www.bolipuertos.gob.ve\/index.php?rest_route=\/wp\/v2\/types\/post"}],"author":[{"embeddable":true,"href":"https:\/\/www.bolipuertos.gob.ve\/index.php?rest_route=\/wp\/v2\/users\/24"}],"replies":[{"embeddable":true,"href":"https:\/\/www.bolipuertos.gob.ve\/index.php?rest_route=%2Fwp%2Fv2%2Fcomments&post=35166"}],"version-history":[{"count":4,"href":"https:\/\/www.bolipuertos.gob.ve\/index.php?rest_route=\/wp\/v2\/posts\/35166\/revisions"}],"predecessor-version":[{"id":35178,"href":"https:\/\/www.bolipuertos.gob.ve\/index.php?rest_route=\/wp\/v2\/posts\/35166\/revisions\/35178"}],"wp:featuredmedia":[{"embeddable":true,"href":"https:\/\/www.bolipuertos.gob.ve\/index.php?rest_route=\/wp\/v2\/media\/35167"}],"wp:attachment":[{"href":"https:\/\/www.bolipuertos.gob.ve\/index.php?rest_route=%2Fwp%2Fv2%2Fmedia&parent=35166"}],"wp:term":[{"taxonomy":"category","embeddable":true,"href":"https:\/\/www.bolipuertos.gob.ve\/index.php?rest_route=%2Fwp%2Fv2%2Fcategories&post=35166"},{"taxonomy":"post_tag","embeddable":true,"href":"https:\/\/www.bolipuertos.gob.ve\/index.php?rest_route=%2Fwp%2Fv2%2Ftags&post=35166"}],"curies":[{"name":"wp","href":"https:\/\/api.w.org\/{rel}","templated":true}]}}