{"id":8240,"date":"2021-06-15T13:57:19","date_gmt":"2021-06-15T13:57:19","guid":{"rendered":"http:\/\/10.50.10.52\/wordpress\/?p=8240"},"modified":"2021-10-06T13:58:37","modified_gmt":"2021-10-06T13:58:37","slug":"presidente-maduro-anuncio-apertura-de-centros-culturales-con-el-metodo-77","status":"publish","type":"post","link":"https:\/\/www.bolipuertos.gob.ve\/?p=8240","title":{"rendered":"Presidente Maduro anunci\u00f3 apertura de centros culturales con el m\u00e9todo 7+7"},"content":{"rendered":"\t\t<div data-elementor-type=\"wp-post\" data-elementor-id=\"8240\" class=\"elementor elementor-8240\">\n\t\t\t\t\t\t\t\t\t<section class=\"elementor-section elementor-top-section elementor-element elementor-element-d6becb8 elementor-section-full_width elementor-section-stretched elementor-section-height-default elementor-section-height-default\" data-id=\"d6becb8\" data-element_type=\"section\" data-settings=\"{&quot;stretch_section&quot;:&quot;section-stretched&quot;}\">\n\t\t\t\t\t\t<div class=\"elementor-container elementor-column-gap-default\">\n\t\t\t\t\t<div class=\"elementor-column elementor-col-100 elementor-top-column elementor-element elementor-element-717f6f4\" data-id=\"717f6f4\" data-element_type=\"column\">\n\t\t\t<div class=\"elementor-widget-wrap elementor-element-populated\">\n\t\t\t\t\t\t\t\t<div class=\"elementor-element elementor-element-f39137c elementor-widget elementor-widget-text-editor\" data-id=\"f39137c\" data-element_type=\"widget\" data-widget_type=\"text-editor.default\">\n\t\t\t\t<div class=\"elementor-widget-container\">\n\t\t\t\t\t\t\t<p><strong><span id=\"ctl00_SheetContentPlaceHolder_not1_DataList1_ctl00_titulo\">Presidente Maduro anunci\u00f3 apertura de centros culturales con el m\u00e9todo 7+7<\/span><\/strong> <br \/><span id=\"ctl00_SheetContentPlaceHolder_not1_DataList1_ctl00_Label1\">21\/01\/2021<\/span> <\/p><p class=\"rtejustify\">El<strong>\u00a0presidente de la Rep\u00fablica, Nicol\u00e1s Maduro Moros<\/strong>, autoriz\u00f3 este mi\u00e9rcoles la reapertura programada de todos los<strong>\u00a0museos y espacios culturales del pa\u00eds.<\/strong><\/p><p class=\"rtejustify\">\u00abAutorizo que a partir del 7+7 se vaya a una reapertura programada de todos los teatros, museos y espacios culturales del pa\u00eds, de manera segura, ordenada y planificada\u00bb, dijo el jefe de Estado desde la ceremonia de entrega del\u00a0<strong>Premio Nacional de Cultura\u00a0<\/strong>2019 &#8211; 2020.<\/p><p class=\"rtejustify\">Resalt\u00f3 as\u00ed su alegr\u00eda al poder anunciar que el sector cultura se incorpora activamente a la flexibilizaci\u00f3n del 7+7.<\/p><p class=\"rtejustify\">Por su parte el ministro de\u00a0<strong>Cultura, Ernesto Villegas<\/strong>, explic\u00f3 que se ha trabajado en conjunto con el<strong>\u00a0Ministro de Salud, Carlos Alvarado<\/strong>, y se han \u00absostenido encuentros con todo el mundo de las artes esc\u00e9nicas y cinematogr\u00e1ficas, y una clamor ha sido el anuncio que se acaba de hacer\u00bb.<\/p><p class=\"rtejustify\">Explic\u00f3 que se ha avanzado en un conjunto de medidas de bioseguridad, atendiendo la experiencia internacional, con el debido distanciamiento f\u00edsico, la certificaci\u00f3n de las condiciones biosanitarias de los establecimientos culturales.<\/p><p class=\"rtejustify\">Villegas se\u00f1al\u00f3 que ya est\u00e1 \u00abredactada una resoluci\u00f3n conjunta del<strong>\u00a0Ministerio de Cultura y el Ministerio de Salud,<\/strong>\u00a0esperando la aprobaci\u00f3n de la Comisi\u00f3n Presidencial de Prevenci\u00f3n y Control del Covid-19, para cuando sea aconsejable desde el punto de vista sanitario podamos empezar a ver reverdecer este sector\u00bb, declar\u00f3.<\/p><p class=\"rtejustify\"><strong>Fuente: YVKE Mundial\u00a0<\/strong><\/p>\t\t\t\t\t\t<\/div>\n\t\t\t\t<\/div>\n\t\t\t\t\t<\/div>\n\t\t<\/div>\n\t\t\t\t\t\t\t<\/div>\n\t\t<\/section>\n\t\t\t\t\t\t\t<\/div>\n\t\t","protected":false},"excerpt":{"rendered":"<p>Presidente Maduro anunci\u00f3 apertura de centros culturales con el m\u00e9todo 7+7 21\/01\/2021 El\u00a0presidente de la Rep\u00fablica, Nicol\u00e1s Maduro Moros, autoriz\u00f3 este mi\u00e9rcoles [&hellip;]<\/p>\n","protected":false},"author":2,"featured_media":8241,"comment_status":"closed","ping_status":"closed","sticky":false,"template":"","format":"standard","meta":[],"categories":[4],"tags":[],"yoast_head":"<!-- This site is optimized with the Yoast SEO plugin v17.6 - https:\/\/yoast.com\/wordpress\/plugins\/seo\/ -->\n<title>Presidente Maduro anunci\u00f3 apertura de centros culturales con el m\u00e9todo 7+7 &middot; Bolipuertos S.A.<\/title>\n<meta name=\"description\" content=\"Bolipuertos S.A\" \/>\n<meta name=\"robots\" content=\"index, follow, max-snippet:-1, max-image-preview:large, max-video-preview:-1\" \/>\n<link rel=\"canonical\" href=\"https:\/\/www.bolipuertos.gob.ve\/?p=8240\" \/>\n<meta property=\"og:locale\" content=\"es_ES\" \/>\n<meta property=\"og:type\" content=\"article\" \/>\n<meta property=\"og:title\" content=\"Presidente Maduro anunci\u00f3 apertura de centros culturales con el m\u00e9todo 7+7 &middot; Bolipuertos S.A.\" \/>\n<meta property=\"og:description\" content=\"Bolipuertos S.A\" \/>\n<meta property=\"og:url\" content=\"https:\/\/www.bolipuertos.gob.ve\/?p=8240\" \/>\n<meta property=\"og:site_name\" content=\"Bolipuertos S.A.\" \/>\n<meta property=\"article:publisher\" content=\"https:\/\/www.facebook.com\/bolipuertos.puertos\" \/>\n<meta property=\"article:published_time\" content=\"2021-06-15T13:57:19+00:00\" \/>\n<meta property=\"article:modified_time\" content=\"2021-10-06T13:58:37+00:00\" \/>\n<meta property=\"og:image\" content=\"https:\/\/www.bolipuertos.gob.ve\/wp-content\/uploads\/2021\/06\/47166EsOCBfgXUAYiEjm.jpeg\" \/>\n\t<meta property=\"og:image:width\" content=\"618\" \/>\n\t<meta property=\"og:image:height\" content=\"468\" \/>\n<meta name=\"twitter:card\" content=\"summary_large_image\" \/>\n<meta name=\"twitter:label1\" content=\"Escrito por\" \/>\n\t<meta name=\"twitter:data1\" content=\"Rosangela Rondon\" \/>\n\t<meta name=\"twitter:label2\" content=\"Tiempo de lectura\" \/>\n\t<meta name=\"twitter:data2\" content=\"1 minuto\" \/>\n<script type=\"application\/ld+json\" class=\"yoast-schema-graph\">{\"@context\":\"https:\/\/schema.org\",\"@graph\":[{\"@type\":\"Organization\",\"@id\":\"https:\/\/www.bolipuertos.gob.ve\/#organization\",\"name\":\"bolipuertos\",\"url\":\"https:\/\/www.bolipuertos.gob.ve\/\",\"sameAs\":[\"https:\/\/www.facebook.com\/bolipuertos.puertos\",\"https:\/\/www.instagram.com\/bolipuertosgob\/\",\"https:\/\/www.youtube.com\/channel\/UCSev7gH4fp-5HWWOjZANLoQ\"],\"logo\":{\"@type\":\"ImageObject\",\"@id\":\"https:\/\/www.bolipuertos.gob.ve\/#logo\",\"inLanguage\":\"es\",\"url\":\"https:\/\/www.bolipuertos.gob.ve\/wp-content\/uploads\/2021\/10\/logo_bolipuertos.png\",\"contentUrl\":\"https:\/\/www.bolipuertos.gob.ve\/wp-content\/uploads\/2021\/10\/logo_bolipuertos.png\",\"width\":220,\"height\":150,\"caption\":\"bolipuertos\"},\"image\":{\"@id\":\"https:\/\/www.bolipuertos.gob.ve\/#logo\"}},{\"@type\":\"WebSite\",\"@id\":\"https:\/\/www.bolipuertos.gob.ve\/#website\",\"url\":\"https:\/\/www.bolipuertos.gob.ve\/\",\"name\":\"Bolipuertos S.A.\",\"description\":\"Bolipuertos S.A.\",\"publisher\":{\"@id\":\"https:\/\/www.bolipuertos.gob.ve\/#organization\"},\"potentialAction\":[{\"@type\":\"SearchAction\",\"target\":{\"@type\":\"EntryPoint\",\"urlTemplate\":\"https:\/\/www.bolipuertos.gob.ve\/?s={search_term_string}\"},\"query-input\":\"required name=search_term_string\"}],\"inLanguage\":\"es\"},{\"@type\":\"ImageObject\",\"@id\":\"https:\/\/www.bolipuertos.gob.ve\/?p=8240#primaryimage\",\"inLanguage\":\"es\",\"url\":\"https:\/\/www.bolipuertos.gob.ve\/wp-content\/uploads\/2021\/06\/47166EsOCBfgXUAYiEjm.jpeg\",\"contentUrl\":\"https:\/\/www.bolipuertos.gob.ve\/wp-content\/uploads\/2021\/06\/47166EsOCBfgXUAYiEjm.jpeg\",\"width\":618,\"height\":468},{\"@type\":\"WebPage\",\"@id\":\"https:\/\/www.bolipuertos.gob.ve\/?p=8240#webpage\",\"url\":\"https:\/\/www.bolipuertos.gob.ve\/?p=8240\",\"name\":\"Presidente Maduro anunci\\u00f3 apertura de centros culturales con el m\\u00e9todo 7+7 &middot; Bolipuertos S.A.\",\"isPartOf\":{\"@id\":\"https:\/\/www.bolipuertos.gob.ve\/#website\"},\"primaryImageOfPage\":{\"@id\":\"https:\/\/www.bolipuertos.gob.ve\/?p=8240#primaryimage\"},\"datePublished\":\"2021-06-15T13:57:19+00:00\",\"dateModified\":\"2021-10-06T13:58:37+00:00\",\"description\":\"Bolipuertos S.A\",\"breadcrumb\":{\"@id\":\"https:\/\/www.bolipuertos.gob.ve\/?p=8240#breadcrumb\"},\"inLanguage\":\"es\",\"potentialAction\":[{\"@type\":\"ReadAction\",\"target\":[\"https:\/\/www.bolipuertos.gob.ve\/?p=8240\"]}]},{\"@type\":\"BreadcrumbList\",\"@id\":\"https:\/\/www.bolipuertos.gob.ve\/?p=8240#breadcrumb\",\"itemListElement\":[{\"@type\":\"ListItem\",\"position\":1,\"name\":\"Portada\",\"item\":\"https:\/\/www.bolipuertos.gob.ve\/\"},{\"@type\":\"ListItem\",\"position\":2,\"name\":\"Presidente Maduro anunci\\u00f3 apertura de centros culturales con el m\\u00e9todo 7+7\"}]},{\"@type\":\"Article\",\"@id\":\"https:\/\/www.bolipuertos.gob.ve\/?p=8240#article\",\"isPartOf\":{\"@id\":\"https:\/\/www.bolipuertos.gob.ve\/?p=8240#webpage\"},\"author\":{\"@id\":\"https:\/\/www.bolipuertos.gob.ve\/#\/schema\/person\/8796d4479e23f2292068a5fb51ffb52d\"},\"headline\":\"Presidente Maduro anunci\\u00f3 apertura de centros culturales con el m\\u00e9todo 7+7\",\"datePublished\":\"2021-06-15T13:57:19+00:00\",\"dateModified\":\"2021-10-06T13:58:37+00:00\",\"mainEntityOfPage\":{\"@id\":\"https:\/\/www.bolipuertos.gob.ve\/?p=8240#webpage\"},\"wordCount\":255,\"publisher\":{\"@id\":\"https:\/\/www.bolipuertos.gob.ve\/#organization\"},\"image\":{\"@id\":\"https:\/\/www.bolipuertos.gob.ve\/?p=8240#primaryimage\"},\"thumbnailUrl\":\"https:\/\/www.bolipuertos.gob.ve\/wp-content\/uploads\/2021\/06\/47166EsOCBfgXUAYiEjm.jpeg\",\"articleSection\":[\"Noticias Gobierno Bolivariano\"],\"inLanguage\":\"es\"},{\"@type\":\"Person\",\"@id\":\"https:\/\/www.bolipuertos.gob.ve\/#\/schema\/person\/8796d4479e23f2292068a5fb51ffb52d\",\"name\":\"Rosangela Rondon\",\"image\":{\"@type\":\"ImageObject\",\"@id\":\"https:\/\/www.bolipuertos.gob.ve\/#personlogo\",\"inLanguage\":\"es\",\"url\":\"https:\/\/secure.gravatar.com\/avatar\/133e5d36071061536993c8ae9500bb46?s=96&d=mm&r=g\",\"contentUrl\":\"https:\/\/secure.gravatar.com\/avatar\/133e5d36071061536993c8ae9500bb46?s=96&d=mm&r=g\",\"caption\":\"Rosangela Rondon\"},\"url\":\"https:\/\/www.bolipuertos.gob.ve\/?author=2\"}]}<\/script>\n<!-- \/ Yoast SEO plugin. -->","yoast_head_json":{"title":"Presidente Maduro anunci\u00f3 apertura de centros culturales con el m\u00e9todo 7+7 &middot; Bolipuertos S.A.","description":"Bolipuertos S.A","robots":{"index":"index","follow":"follow","max-snippet":"max-snippet:-1","max-image-preview":"max-image-preview:large","max-video-preview":"max-video-preview:-1"},"canonical":"https:\/\/www.bolipuertos.gob.ve\/?p=8240","og_locale":"es_ES","og_type":"article","og_title":"Presidente Maduro anunci\u00f3 apertura de centros culturales con el m\u00e9todo 7+7 &middot; Bolipuertos S.A.","og_description":"Bolipuertos S.A","og_url":"https:\/\/www.bolipuertos.gob.ve\/?p=8240","og_site_name":"Bolipuertos S.A.","article_publisher":"https:\/\/www.facebook.com\/bolipuertos.puertos","article_published_time":"2021-06-15T13:57:19+00:00","article_modified_time":"2021-10-06T13:58:37+00:00","og_image":[{"width":618,"height":468,"url":"https:\/\/www.bolipuertos.gob.ve\/wp-content\/uploads\/2021\/06\/47166EsOCBfgXUAYiEjm.jpeg","type":"image\/jpeg"}],"twitter_card":"summary_large_image","twitter_misc":{"Escrito por":"Rosangela Rondon","Tiempo de lectura":"1 minuto"},"schema":{"@context":"https:\/\/schema.org","@graph":[{"@type":"Organization","@id":"https:\/\/www.bolipuertos.gob.ve\/#organization","name":"bolipuertos","url":"https:\/\/www.bolipuertos.gob.ve\/","sameAs":["https:\/\/www.facebook.com\/bolipuertos.puertos","https:\/\/www.instagram.com\/bolipuertosgob\/","https:\/\/www.youtube.com\/channel\/UCSev7gH4fp-5HWWOjZANLoQ"],"logo":{"@type":"ImageObject","@id":"https:\/\/www.bolipuertos.gob.ve\/#logo","inLanguage":"es","url":"https:\/\/www.bolipuertos.gob.ve\/wp-content\/uploads\/2021\/10\/logo_bolipuertos.png","contentUrl":"https:\/\/www.bolipuertos.gob.ve\/wp-content\/uploads\/2021\/10\/logo_bolipuertos.png","width":220,"height":150,"caption":"bolipuertos"},"image":{"@id":"https:\/\/www.bolipuertos.gob.ve\/#logo"}},{"@type":"WebSite","@id":"https:\/\/www.bolipuertos.gob.ve\/#website","url":"https:\/\/www.bolipuertos.gob.ve\/","name":"Bolipuertos S.A.","description":"Bolipuertos S.A.","publisher":{"@id":"https:\/\/www.bolipuertos.gob.ve\/#organization"},"potentialAction":[{"@type":"SearchAction","target":{"@type":"EntryPoint","urlTemplate":"https:\/\/www.bolipuertos.gob.ve\/?s={search_term_string}"},"query-input":"required name=search_term_string"}],"inLanguage":"es"},{"@type":"ImageObject","@id":"https:\/\/www.bolipuertos.gob.ve\/?p=8240#primaryimage","inLanguage":"es","url":"https:\/\/www.bolipuertos.gob.ve\/wp-content\/uploads\/2021\/06\/47166EsOCBfgXUAYiEjm.jpeg","contentUrl":"https:\/\/www.bolipuertos.gob.ve\/wp-content\/uploads\/2021\/06\/47166EsOCBfgXUAYiEjm.jpeg","width":618,"height":468},{"@type":"WebPage","@id":"https:\/\/www.bolipuertos.gob.ve\/?p=8240#webpage","url":"https:\/\/www.bolipuertos.gob.ve\/?p=8240","name":"Presidente Maduro anunci\u00f3 apertura de centros culturales con el m\u00e9todo 7+7 &middot; Bolipuertos S.A.","isPartOf":{"@id":"https:\/\/www.bolipuertos.gob.ve\/#website"},"primaryImageOfPage":{"@id":"https:\/\/www.bolipuertos.gob.ve\/?p=8240#primaryimage"},"datePublished":"2021-06-15T13:57:19+00:00","dateModified":"2021-10-06T13:58:37+00:00","description":"Bolipuertos S.A","breadcrumb":{"@id":"https:\/\/www.bolipuertos.gob.ve\/?p=8240#breadcrumb"},"inLanguage":"es","potentialAction":[{"@type":"ReadAction","target":["https:\/\/www.bolipuertos.gob.ve\/?p=8240"]}]},{"@type":"BreadcrumbList","@id":"https:\/\/www.bolipuertos.gob.ve\/?p=8240#breadcrumb","itemListElement":[{"@type":"ListItem","position":1,"name":"Portada","item":"https:\/\/www.bolipuertos.gob.ve\/"},{"@type":"ListItem","position":2,"name":"Presidente Maduro anunci\u00f3 apertura de centros culturales con el m\u00e9todo 7+7"}]},{"@type":"Article","@id":"https:\/\/www.bolipuertos.gob.ve\/?p=8240#article","isPartOf":{"@id":"https:\/\/www.bolipuertos.gob.ve\/?p=8240#webpage"},"author":{"@id":"https:\/\/www.bolipuertos.gob.ve\/#\/schema\/person\/8796d4479e23f2292068a5fb51ffb52d"},"headline":"Presidente Maduro anunci\u00f3 apertura de centros culturales con el m\u00e9todo 7+7","datePublished":"2021-06-15T13:57:19+00:00","dateModified":"2021-10-06T13:58:37+00:00","mainEntityOfPage":{"@id":"https:\/\/www.bolipuertos.gob.ve\/?p=8240#webpage"},"wordCount":255,"publisher":{"@id":"https:\/\/www.bolipuertos.gob.ve\/#organization"},"image":{"@id":"https:\/\/www.bolipuertos.gob.ve\/?p=8240#primaryimage"},"thumbnailUrl":"https:\/\/www.bolipuertos.gob.ve\/wp-content\/uploads\/2021\/06\/47166EsOCBfgXUAYiEjm.jpeg","articleSection":["Noticias Gobierno Bolivariano"],"inLanguage":"es"},{"@type":"Person","@id":"https:\/\/www.bolipuertos.gob.ve\/#\/schema\/person\/8796d4479e23f2292068a5fb51ffb52d","name":"Rosangela Rondon","image":{"@type":"ImageObject","@id":"https:\/\/www.bolipuertos.gob.ve\/#personlogo","inLanguage":"es","url":"https:\/\/secure.gravatar.com\/avatar\/133e5d36071061536993c8ae9500bb46?s=96&d=mm&r=g","contentUrl":"https:\/\/secure.gravatar.com\/avatar\/133e5d36071061536993c8ae9500bb46?s=96&d=mm&r=g","caption":"Rosangela Rondon"},"url":"https:\/\/www.bolipuertos.gob.ve\/?author=2"}]}},"_links":{"self":[{"href":"https:\/\/www.bolipuertos.gob.ve\/index.php?rest_route=\/wp\/v2\/posts\/8240"}],"collection":[{"href":"https:\/\/www.bolipuertos.gob.ve\/index.php?rest_route=\/wp\/v2\/posts"}],"about":[{"href":"https:\/\/www.bolipuertos.gob.ve\/index.php?rest_route=\/wp\/v2\/types\/post"}],"author":[{"embeddable":true,"href":"https:\/\/www.bolipuertos.gob.ve\/index.php?rest_route=\/wp\/v2\/users\/2"}],"replies":[{"embeddable":true,"href":"https:\/\/www.bolipuertos.gob.ve\/index.php?rest_route=%2Fwp%2Fv2%2Fcomments&post=8240"}],"version-history":[{"count":11,"href":"https:\/\/www.bolipuertos.gob.ve\/index.php?rest_route=\/wp\/v2\/posts\/8240\/revisions"}],"predecessor-version":[{"id":16967,"href":"https:\/\/www.bolipuertos.gob.ve\/index.php?rest_route=\/wp\/v2\/posts\/8240\/revisions\/16967"}],"wp:featuredmedia":[{"embeddable":true,"href":"https:\/\/www.bolipuertos.gob.ve\/index.php?rest_route=\/wp\/v2\/media\/8241"}],"wp:attachment":[{"href":"https:\/\/www.bolipuertos.gob.ve\/index.php?rest_route=%2Fwp%2Fv2%2Fmedia&parent=8240"}],"wp:term":[{"taxonomy":"category","embeddable":true,"href":"https:\/\/www.bolipuertos.gob.ve\/index.php?rest_route=%2Fwp%2Fv2%2Fcategories&post=8240"},{"taxonomy":"post_tag","embeddable":true,"href":"https:\/\/www.bolipuertos.gob.ve\/index.php?rest_route=%2Fwp%2Fv2%2Ftags&post=8240"}],"curies":[{"name":"wp","href":"https:\/\/api.w.org\/{rel}","templated":true}]}}